{"id":598160,"date":"2025-12-14T06:22:44","date_gmt":"2025-12-14T06:22:44","guid":{"rendered":"https:\/\/www.europesays.com\/fr\/598160\/"},"modified":"2025-12-14T06:22:44","modified_gmt":"2025-12-14T06:22:44","slug":"une-pionniere-incontestable-et-une-affabulatrice-selon-cet-historien-mosellan","status":"publish","type":"post","link":"https:\/\/www.europesays.com\/fr\/598160\/","title":{"rendered":"\u00ab Une pionni\u00e8re incontestable et une affabulatrice \u00bb, selon cet historien mosellan"},"content":{"rendered":"<p>Elle reste une star. Plus de 60 ans exactement apr\u00e8s sa disparition, le 14 d\u00e9cembre 1963 \u00e0 Laxou.<\/p>\n<p>Marie Marvingt, pionni\u00e8re de l\u2019aviation et championne tout terrain, a donn\u00e9 son nom \u00e0 des rues, \u00e0 un stade m\u00eame, celui du Mans, dans la Sarthe, entre Paris et Rennes. Elle inspire encore les \u00e9coles. En f\u00e9vrier 2025, les \u00c9ditions de l\u2019Universit\u00e9 de Lorraine ont c\u00e9l\u00e9br\u00e9 les 150 ans de sa naissance en r\u00e9\u00e9ditant l\u2019ouvrage de sa c\u00e9l\u00e8bre biographe am\u00e9ricaine Rosalie Maggio. \u00c0 Nancy, <a href=\"https:\/\/www.estrepublicain.fr\/videos\/nancy-le-vieux-velo-de-marie-marvingt-chouchoute-au-conseil-departemental-de-meurthe-et-moselle-xm0r8qu\" target=\"_blank\" rel=\"noopener\">son vieux v\u00e9lo<\/a> est conserv\u00e9 pr\u00e9cieusement au conseil d\u00e9partemental de Meurthe-et-Moselle. Et on la c\u00e9l\u00e8bre \u00e0 la moindre occasion comme durant cette Saint-Nicolas 2025 o\u00f9 la commune de Malz\u00e9ville <a href=\"https:\/\/www.estrepublicain.fr\/culture-loisirs\/2025\/12\/04\/marie-marvingt-heroine-du-char-de-la-saint-nicolas-pour-2025\" target=\"_blank\" rel=\"noopener\"> lui a d\u00e9di\u00e9 un char<\/a> \u2026<\/p>\n<p>Mais derri\u00e8re l\u2019ic\u00f4ne, une enqu\u00eate minutieuse men\u00e9e par un historien de Metz, Matthieu Casali, dans les archives fran\u00e7aises, et publi\u00e9e en 2025 dans la revue \u00ab <a href=\"https:\/\/crulh.univ-lorraine.fr\/editions-du-crulh\/annales-de-lest\" target=\"_blank\" rel=\"noopener\">Annales de l\u2019Est<\/a> \u00bb, d\u00e9voile une trajectoire plus contrast\u00e9e, selon lui, que la figure d\u2019exploits \u00ab qui nous est toujours pr\u00e9sent\u00e9e \u00bb.<\/p>\n<p>  Faire \u00ab de nouvelles recherches \u00bb<\/p>\n<p>N\u00e9e le 14 d\u00e9cembre 1875 \u00e0 Aurillac, install\u00e9e \u00e0 Metz puis \u00e0 Nancy, <a href=\"https:\/\/www.estrepublicain.fr\/societe\/2025\/02\/16\/marie-marvingt-le-destin-hors-du-commun-de-la-fiancee-du-danger\" target=\"_blank\" rel=\"noopener\">Marie Marvingt<\/a> grandit dans une famille meurtrie par les deuils successifs. Tr\u00e8s t\u00f4t, elle se forge une volont\u00e9 farouche \u00e0 travers le sport. Elle skie, nage, grimpe, pilote\u2026 et collectionne les distinctions sportives. L\u2019Acad\u00e9mie des sports lui d\u00e9cerne sa grande m\u00e9daille d\u2019or en 1910. L\u2019ann\u00e9e suivante, elle remporte la coupe F\u00e9mina d\u2019aviation.<\/p>\n<p>Mais une partie de sa l\u00e9gende \u2014 notamment ses exploits militaires \u2014 r\u00e9siste mal \u00e0 l\u2019analyse, selon <a href=\"https:\/\/bsky.app\/profile\/matthieucasali.bsky.social\/post\/3loggvzd7us27\" target=\"_blank\" rel=\"noopener\">Matthieu Casali<\/a>.<\/p>\n<p>\u00ab Le travail accompli par <a href=\"https:\/\/www.estrepublicain.fr\/insolite\/2021\/03\/16\/marie-marvingt-au-pantheon-l-elysee-ecrit-a-un-nanceien\" target=\"_blank\" rel=\"noopener\">Marcel Cordier<\/a> , <a href=\"https:\/\/www.estrepublicain.fr\/culture-loisirs\/2021\/12\/28\/rosalie-maggio-la-biographe-americaine-de-marie-marvingt-est-decedee\" target=\"_blank\" rel=\"noopener\">Rosalie Maggio<\/a> et le Comit\u00e9 international Marie-Marvingt afin de promouvoir la vie et l\u2019\u0153uvre de <a href=\"https:\/\/www.estrepublicain.fr\/culture-loisirs\/2025\/02\/19\/marie-marvingt-sportive-et-aviatrice-de-legende-trois-jours-d-evenements-pour-celebrer-ses-150-ans\" target=\"_blank\" rel=\"noopener\">Marie Marvingt<\/a> est remarquable. Il est \u00e0 saluer. Malgr\u00e9 les moyens r\u00e9duits dont ils disposaient, ces passionn\u00e9s ont ressorti la fianc\u00e9e du danger des oubliettes de l\u2019Histoire \u00bb, indique Matthieu Casali.<\/p>\n<p>Mais il va plus loin : \u00ab Toutefois, plus de trente ans apr\u00e8s la publication de la biographie de r\u00e9f\u00e9rence, de nouvelles recherches pourraient d\u00e9buter afin d\u2019\u00e9crire une histoire sourc\u00e9e\u2026 \u00bb<\/p>\n<p>\u00ab Marie Marvingt est une pionni\u00e8re incontestable des sports et de l\u2019aviation et une affabulatrice. C\u2019est une tr\u00e8s belle communicante, qui sort du lot, c\u2019est s\u00fbr. Mais on fait face tout de m\u00eame, au regard des sources, \u00e0 de beaux mensonges \u00bb, confie Matthieu Casali \u00e0 <a href=\"https:\/\/www.estrepublicain.fr\/\" target=\"_blank\" rel=\"noopener\">L\u2019Est R\u00e9publicain<\/a>.<\/p>\n<p>  \u00ab Incoh\u00e9rences \u00bb<\/p>\n<p>Dans son article, de 25 pages, paru en 2023 mais dont il parle pour la premi\u00e8re fois, le Messin donne ses sources : les archives de la Direction de la s\u00fbret\u00e9 g\u00e9n\u00e9rale, dont un fond \u00ab dit de Moscou \u00bb qui regroupe divers documents saisis par les forces d\u2019occupation nazie \u00e0 Paris en 1940 ; le centre de documentation du mus\u00e9e de l\u2019Air et de l\u2019Espace ; les archives de la Pr\u00e9fecture de Nancy, entre autres\u2026<\/p>\n<p>Parmi les r\u00e9serves \u00e9mises par Matthieu Casali, celle par exemple des activit\u00e9s de <a href=\"https:\/\/www.estrepublicain.fr\/sport\/2024\/09\/23\/savez-vous-quelle-incroyable-personnalite-de-nancy-sera-honoree-en-2025-pour-les-150-ans-de-sa-naissance\" target=\"_blank\" rel=\"noopener\">Marie Marvingt<\/a> durant la Grande Guerre.<\/p>\n<p>Selon la l\u00e9gende, Marie Marvingt aurait durant 14-18 assist\u00e9 comme aide \u00e0 un chirurgien \u00e9minent, particip\u00e9 \u00e0 deux bombardements a\u00e9riens de Metz, fait un s\u00e9jour de pr\u00e8s de deux mois dans les tranch\u00e9es de premi\u00e8re ligne et seul le mar\u00e9chal Foch le savait\u2026 Elle aurait servi sous le nom de \u00ab Chasseur Beaulieu \u00bb\u2026 \u00ab Soit, affirme l\u2019historien, mais quelles sont les dates qui \u00ab permettent de v\u00e9rifier la r\u00e9alit\u00e9 de ces faits \u00bb ? Matthieu Casali donne des pistes sur cet engagement militaire, mais il y a \u00ab des incoh\u00e9rences \u00bb.<\/p>\n<p>Durant la Seconde Guerre mondiale, o\u00f9 on la retrouve du c\u00f4t\u00e9 de la Dordogne, Marie Marvingt a-t-elle particip\u00e9 \u00e0 la R\u00e9sistance ? Non, selon le Messin : \u00ab La fianc\u00e9e du danger est absente de la base de donn\u00e9es des m\u00e9daill\u00e9s de la R\u00e9sistance. \u00bb<\/p>\n<p>L\u2019historien Matthieu Casali veut une \u00ab th\u00e8se s\u00e9rieuse \u00bb pour \u00ab d\u00e9m\u00ealer le vrai du faux \u00bb concernant ce personnage incontournable.<\/p>\n","protected":false},"excerpt":{"rendered":"Elle reste une star. Plus de 60 ans exactement apr\u00e8s sa disparition, le 14 d\u00e9cembre 1963 \u00e0 Laxou.&hellip;\n","protected":false},"author":2,"featured_media":598161,"comment_status":"","ping_status":"","sticky":false,"template":"","format":"standard","meta":{"footnotes":""},"categories":[9635],"tags":[1111,11,1687,1707,1704,1706,1705,1777,674,1011,27,775,937,1702,1703,12,3456,25,104,517,1700,60107],"class_list":{"0":"post-598160","1":"post","2":"type-post","3":"status-publish","4":"format-standard","5":"has-post-thumbnail","7":"category-nancy","8":"tag-actu","9":"tag-actualites","10":"tag-culture-loisirs","11":"tag-edition-luneville","12":"tag-edition-nancy-et-agglomeration","13":"tag-edition-pont-a-mousson","14":"tag-edition-toul","15":"tag-eu","16":"tag-europe","17":"tag-fr","18":"tag-france","19":"tag-grand-est","20":"tag-histoire","21":"tag-nancy","22":"tag-nancy-ville-54b","23":"tag-news","24":"tag-region-lorraine","25":"tag-republique-francaise","26":"tag-societe","27":"tag-sport","28":"tag-sport-lorrain","29":"tag-tour-de-france-hommes"},"share_on_mastodon":{"url":"https:\/\/pubeurope.com\/@fr\/115716485447062283","error":""},"_links":{"self":[{"href":"https:\/\/www.europesays.com\/fr\/wp-json\/wp\/v2\/posts\/598160","targetHints":{"allow":["GET"]}}],"collection":[{"href":"https:\/\/www.europesays.com\/fr\/wp-json\/wp\/v2\/posts"}],"about":[{"href":"https:\/\/www.europesays.com\/fr\/wp-json\/wp\/v2\/types\/post"}],"author":[{"embeddable":true,"href":"https:\/\/www.europesays.com\/fr\/wp-json\/wp\/v2\/users\/2"}],"replies":[{"embeddable":true,"href":"https:\/\/www.europesays.com\/fr\/wp-json\/wp\/v2\/comments?post=598160"}],"version-history":[{"count":0,"href":"https:\/\/www.europesays.com\/fr\/wp-json\/wp\/v2\/posts\/598160\/revisions"}],"wp:featuredmedia":[{"embeddable":true,"href":"https:\/\/www.europesays.com\/fr\/wp-json\/wp\/v2\/media\/598161"}],"wp:attachment":[{"href":"https:\/\/www.europesays.com\/fr\/wp-json\/wp\/v2\/media?parent=598160"}],"wp:term":[{"taxonomy":"category","embeddable":true,"href":"https:\/\/www.europesays.com\/fr\/wp-json\/wp\/v2\/categories?post=598160"},{"taxonomy":"post_tag","embeddable":true,"href":"https:\/\/www.europesays.com\/fr\/wp-json\/wp\/v2\/tags?post=598160"}],"curies":[{"name":"wp","href":"https:\/\/api.w.org\/{rel}","templated":true}]}}