{"id":598164,"date":"2025-12-14T06:27:20","date_gmt":"2025-12-14T06:27:20","guid":{"rendered":"https:\/\/www.europesays.com\/fr\/598164\/"},"modified":"2025-12-14T06:27:20","modified_gmt":"2025-12-14T06:27:20","slug":"le-petit-prince-au-kiasma-un-chef-doeuvre-intemporel-revisite","status":"publish","type":"post","link":"https:\/\/www.europesays.com\/fr\/598164\/","title":{"rendered":"\u00ab\u00a0Le Petit Prince\u00a0\u00bb au Kiasma : un chef-d\u2019\u0153uvre intemporel revisit\u00e9"},"content":{"rendered":"<p>Jeudi 18 d\u00e9cembre \u00e0 20 h, le Kiasma accueillera une adaptation sc\u00e9nique exceptionnelle de l\u2019\u0153uvre d\u2019Antoine de Saint-Exup\u00e9ry. Entre th\u00e9\u00e2tre et technologie immersive, ce spectacle invite les familles \u00e0 un voyage philosophique et lumineux.<\/p>\n<p>\u00ab\u00a0Le Petit Prince est un livre pour enfants \u00e9crit \u00e0 l\u2019intention des grandes personnes \u00ab\u00a0, \u00e9crivait Antoine de Saint-Exup\u00e9ry. Presque quatre-vingts ans apr\u00e8s sa parution, ce r\u00e9cit universel continue d\u2019\u00e9clairer nos existences. Dans cette production sign\u00e9e La Scala Paris, il rena\u00eet dans un seul-en-sc\u00e8ne sublim\u00e9 par la magie augment\u00e9e.<\/p>\n<p><b>La magie augment\u00e9e et mise en sc\u00e8ne<\/b><\/p>\n<p>Un voyage int\u00e9rieur entre r\u00e9el et virtuel : dans le silence du d\u00e9sert du Sahara, un aviateur en panne fait une rencontre bouleversante, un enfant venu d\u2019une autre plan\u00e8te. Commence alors un r\u00e9cit initiatique o\u00f9 le Petit Prince, de plan\u00e8te en plan\u00e8te, interroge ce que les adultes ont parfois oubli\u00e9 : la capacit\u00e9 d\u2019\u00e9merveillement, l\u2019importance des liens et la responsabilit\u00e9 de l\u2019amour.<\/p>\n<p>Sur sc\u00e8ne, la com\u00e9dienne Ho\u00ebl Le Corre pr\u00eate sa pr\u00e9sence et sa sensibilit\u00e9 \u00e0 ce personnage embl\u00e9matique. La mise en sc\u00e8ne de Fran\u00e7ois Ha Van compose un espace suspendu, fid\u00e8le au chef-d\u2019\u0153uvre original, mais r\u00e9solument moderne.<\/p>\n<p>Prouesse technique et onirique, la sc\u00e9nographie repose sur la magie augment\u00e9e, v\u00e9ritable signature de Moulla (illusionniste et ing\u00e9nieur) et du studio Augmented Magic. Ni tout \u00e0 fait r\u00e9elles, ni tout \u00e0 fait virtuelles, des images vivantes apparaissent et se transforment autour de l\u2019interpr\u00e8te, \u00e9voquant l\u2019univers enfantin et les aquarelles de l\u2019auteur. L\u2019exp\u00e9rience est envelopp\u00e9e par la cr\u00e9ation lumi\u00e8re d\u2019Alexis Beyer, la musique de Guillaume Aufaure et la chor\u00e9graphie de Caroline Marcad\u00e9. Une mention sp\u00e9ciale est adress\u00e9e \u00e0 Philippe Torreton, dont la voix accompagne le texte et apporte \u00e0 l\u2019ensemble un \u00e9cho profond\u00e9ment humain.<\/p>\n<p>Le Petit Prince, jeudi 18 d\u00e9cembre \u00e0 20 h au Kiasma. Dur\u00e9e : 1h40. Tout public \u00e0 partir de 7 ans.Tarifs : moins de 12 ans : 8 \u20ac ; 12-25 ans et b\u00e9n\u00e9ficiaire RSA ou Aspa : 10 \u20ac ; tarif r\u00e9duit : 16 \u20ac ; (demandeurs d\u2019emploi, \u00e9tudiants\u2026) ; plein tarif : 19 \u20ac. Billetterie en ligne sur le site de la Ville : <a href=\"http:\/\/www.castelnau-le-lez.fr\" target=\"_blank\" rel=\"nofollow noopener\">www.castelnau-le-lez.fr<\/a>.<\/p>\n<p>Correspondante Midi Libre : 06 62 55 20 77<\/p>\n","protected":false},"excerpt":{"rendered":"Jeudi 18 d\u00e9cembre \u00e0 20 h, le Kiasma accueillera une adaptation sc\u00e9nique exceptionnelle de l\u2019\u0153uvre d\u2019Antoine de Saint-Exup\u00e9ry.&hellip;\n","protected":false},"author":2,"featured_media":598165,"comment_status":"","ping_status":"","sticky":false,"template":"","format":"standard","meta":{"footnotes":""},"categories":[9599],"tags":[1111,11,70976,69492,872,1777,674,1011,27,7089,2208,12,2680,25],"class_list":{"0":"post-598164","1":"post","2":"type-post","3":"status-publish","4":"format-standard","5":"has-post-thumbnail","7":"category-montpellier","8":"tag-actu","9":"tag-actualites","10":"tag-castelnaulelez","11":"tag-concerts-spectacles","12":"tag-culture-et-loisirs","13":"tag-eu","14":"tag-europe","15":"tag-fr","16":"tag-france","17":"tag-herault","18":"tag-montpellier","19":"tag-news","20":"tag-occitanie","21":"tag-republique-francaise"},"share_on_mastodon":{"url":"https:\/\/pubeurope.com\/@fr\/115716505203195886","error":""},"_links":{"self":[{"href":"https:\/\/www.europesays.com\/fr\/wp-json\/wp\/v2\/posts\/598164","targetHints":{"allow":["GET"]}}],"collection":[{"href":"https:\/\/www.europesays.com\/fr\/wp-json\/wp\/v2\/posts"}],"about":[{"href":"https:\/\/www.europesays.com\/fr\/wp-json\/wp\/v2\/types\/post"}],"author":[{"embeddable":true,"href":"https:\/\/www.europesays.com\/fr\/wp-json\/wp\/v2\/users\/2"}],"replies":[{"embeddable":true,"href":"https:\/\/www.europesays.com\/fr\/wp-json\/wp\/v2\/comments?post=598164"}],"version-history":[{"count":0,"href":"https:\/\/www.europesays.com\/fr\/wp-json\/wp\/v2\/posts\/598164\/revisions"}],"wp:featuredmedia":[{"embeddable":true,"href":"https:\/\/www.europesays.com\/fr\/wp-json\/wp\/v2\/media\/598165"}],"wp:attachment":[{"href":"https:\/\/www.europesays.com\/fr\/wp-json\/wp\/v2\/media?parent=598164"}],"wp:term":[{"taxonomy":"category","embeddable":true,"href":"https:\/\/www.europesays.com\/fr\/wp-json\/wp\/v2\/categories?post=598164"},{"taxonomy":"post_tag","embeddable":true,"href":"https:\/\/www.europesays.com\/fr\/wp-json\/wp\/v2\/tags?post=598164"}],"curies":[{"name":"wp","href":"https:\/\/api.w.org\/{rel}","templated":true}]}}