{"id":598168,"date":"2025-12-14T06:31:13","date_gmt":"2025-12-14T06:31:13","guid":{"rendered":"https:\/\/www.europesays.com\/fr\/598168\/"},"modified":"2025-12-14T06:31:13","modified_gmt":"2025-12-14T06:31:13","slug":"rugby-scapulaire-victoire-pour-les-espoirs-de-lubb-face-a-rouen","status":"publish","type":"post","link":"https:\/\/www.europesays.com\/fr\/598168\/","title":{"rendered":"Rugby Scapulaire &#8211; Victoire pour les Espoirs de l&rsquo;UBB face \u00e0 Rouen"},"content":{"rendered":"<p>\u00a0<\/p>\n<p>Ce samedi apr\u00e8s-midi, pour le compte de l\u2019avant-derni\u00e8re journ\u00e9e<br \/>\nde la phase qualificative du championnat, les Espoirs de l\u2019Union<br \/>\nBordeaux-B\u00e8gles se d\u00e9pla\u00e7aient du c\u00f4t\u00e9 de Rouen. Dans ce duel de<br \/>\nbas de classement, nos jeunes sont all\u00e9s chercher une seconde<br \/>\nvictoire cette saison sur le score de 18-20, avec des essais de<br \/>\n<strong>Cl\u00e9ment Malinowski<\/strong>, <strong>Cl\u00e9ment<br \/>\nSennelier<\/strong> et <strong>Ruben Pargade<\/strong>. Nos Espoirs<br \/>\nrestent cependant \u00e0 l\u2019avant-derni\u00e8re place au classement. Il leur<br \/>\nreste une derni\u00e8re rencontre face au Stade Fran\u00e7ais.<\/p><\/p>\n","protected":false},"excerpt":{"rendered":"\u00a0 Ce samedi apr\u00e8s-midi, pour le compte de l\u2019avant-derni\u00e8re journ\u00e9e de la phase qualificative du championnat, les Espoirs&hellip;\n","protected":false},"author":2,"featured_media":598169,"comment_status":"","ping_status":"","sticky":false,"template":"","format":"standard","meta":{"footnotes":""},"categories":[9587],"tags":[1111,11,1777,674,1011,27,12,5161,25,9590],"class_list":{"0":"post-598168","1":"post","2":"type-post","3":"status-publish","4":"format-standard","5":"has-post-thumbnail","7":"category-rouen","8":"tag-actu","9":"tag-actualites","10":"tag-eu","11":"tag-europe","12":"tag-fr","13":"tag-france","14":"tag-news","15":"tag-normandie","16":"tag-republique-francaise","17":"tag-rouen"},"share_on_mastodon":{"url":"https:\/\/pubeurope.com\/@fr\/115716520953732366","error":""},"_links":{"self":[{"href":"https:\/\/www.europesays.com\/fr\/wp-json\/wp\/v2\/posts\/598168","targetHints":{"allow":["GET"]}}],"collection":[{"href":"https:\/\/www.europesays.com\/fr\/wp-json\/wp\/v2\/posts"}],"about":[{"href":"https:\/\/www.europesays.com\/fr\/wp-json\/wp\/v2\/types\/post"}],"author":[{"embeddable":true,"href":"https:\/\/www.europesays.com\/fr\/wp-json\/wp\/v2\/users\/2"}],"replies":[{"embeddable":true,"href":"https:\/\/www.europesays.com\/fr\/wp-json\/wp\/v2\/comments?post=598168"}],"version-history":[{"count":0,"href":"https:\/\/www.europesays.com\/fr\/wp-json\/wp\/v2\/posts\/598168\/revisions"}],"wp:featuredmedia":[{"embeddable":true,"href":"https:\/\/www.europesays.com\/fr\/wp-json\/wp\/v2\/media\/598169"}],"wp:attachment":[{"href":"https:\/\/www.europesays.com\/fr\/wp-json\/wp\/v2\/media?parent=598168"}],"wp:term":[{"taxonomy":"category","embeddable":true,"href":"https:\/\/www.europesays.com\/fr\/wp-json\/wp\/v2\/categories?post=598168"},{"taxonomy":"post_tag","embeddable":true,"href":"https:\/\/www.europesays.com\/fr\/wp-json\/wp\/v2\/tags?post=598168"}],"curies":[{"name":"wp","href":"https:\/\/api.w.org\/{rel}","templated":true}]}}