{"id":598170,"date":"2025-12-14T06:35:57","date_gmt":"2025-12-14T06:35:57","guid":{"rendered":"https:\/\/www.europesays.com\/fr\/598170\/"},"modified":"2025-12-14T06:35:57","modified_gmt":"2025-12-14T06:35:57","slug":"le-red-star-et-reims-bons-amis-premiere-mi-temps-animee-entre-grenoble-et-montpellier","status":"publish","type":"post","link":"https:\/\/www.europesays.com\/fr\/598170\/","title":{"rendered":"le Red Star et Reims bons amis, premi\u00e8re mi-temps anim\u00e9e entre Grenoble et Montpellier"},"content":{"rendered":"<p>Un petit premier acte pour cette grande derni\u00e8re de l\u2019ann\u00e9e. Ce samedi apr\u00e8s-midi marque effectivement la suite de la 17e journ\u00e9e de Ligue 2. \u00c0 cette occasion, deux chocs se disputent de mani\u00e8re simultan\u00e9. Le Red Star re\u00e7oit actuellement le Stade de Reims sur sa pelouse du Stade Bauer, pendant que Montpellier se rend dans les Alpes pour y affronter le Grenoble Foot 38. \u00c0 la mi-temps, aucun but n\u2019a \u00e9t\u00e9 inscrit sur les deux pelouses.\u00a0<\/p>\n<p>Le Red Star et Reims se craignent<\/p>\n<p>Le match va mettre du temps \u00e0 se lancer entre deux formations du tr\u00e8s haut de tableau et qui ne souhaitent, donc, pas prendre le moindre risque. \u00c0 la 17e minute de jeu, et alors qu\u2019aucune grosse occasion n\u2019a encore \u00e9t\u00e9 v\u00e9cue, un exc\u00e8s d\u2019engagement de Patrick Zabi (Reims) sur le capitaine audonien Ryad Hachem va avoir lieu. Le piston devenu milieu de terrain cette saison sous Gr\u00e9gory Poirier va c\u00e9der sa place une dizaine de minutes plus tard pour cette raison. Le jeu est hach\u00e9 par les fautes et les arr\u00eats de jeu en cette premi\u00e8re mi-temps d\u00e9cevante pour deux \u00e9quipes du haut de tableau. Score nul et vierge logique \u00e0 l\u2019issue des 45 premi\u00e8res minutes.\u00a0<\/p>\n<p>Un match beaucoup plus emballant entre Grenoble et Montpellier<\/p>\n<p>Tout le contraire du c\u00f4t\u00e9 du stade des Alpes. D\u00e8s la deuxi\u00e8me minute de jeu, Montpellier va s\u2019offrir la premi\u00e8re occasion de la partie. Seul dans la surface, Orakpo tente sa chance mais rate sa demi-vol\u00e9e. Le ton est donn\u00e9. Quelques instants plus tard, Alexandre Mendy va ouvrir le score avant d\u2019\u00eatre logiquement sanctionn\u00e9 d\u2019une position de hors-jeu. Quelques instants plus tard, l\u2019attaquant h\u00e9raultais va envoyer une lourde frappe repouss\u00e9e en corner par Allain. Apr\u00e8s avoir subi, Grenoble va commencer \u00e0 se r\u00e9veiller. Seul, Djitt\u00e9 place une t\u00eate puissante \u00e0 bout portant qui termine sa course sur le poteau de Simon Ngapandouetnbu.\u00a0<\/p>\n<p>Le match part d\u00e9sormais dans tous les sens. \u00c0 la 18e minute de jeu, Djitt\u00e9 est \u00e0 la conclusion d\u2019un merveilleux mouvement collectif et pousse le gardien de but montpelli\u00e9rain \u00e0 la parade. \u00c0 la demi-heure de jeu, le MHSC va s\u2019appuyer sur l\u2019acc\u00e9l\u00e9rateur\u00a0 mais Savanier puis Orakpo vont manquer de r\u00e9alisme dans leur dernier geste. De m\u00eame que Nathana\u00ebl Mbuku \u00e0 la 37e minute de jeu. Le GF38 peut s\u2019estimer heureux de conserver sa cage inviol\u00e9e \u00e0 la mi-temps.\u00a0<\/p>\n<p>Partagez cette info avec vos amis et vos proches en cliquant ici<br \/>Pour r\u00e9sumer<\/p>\n<p>Un petit premier acte pour cette grande derni\u00e8re de l\u2019ann\u00e9e. Ce samedi apr\u00e8s-midi marque effectivement la suite de la 17e journ\u00e9e de Ligue 2. \u00c0 cette occasion, deux chocs se disputent de mani\u00e8re simultan\u00e9. Le Red Star re\u00e7oit actuellement le Stade de Reims sur sa pelouse du Stade Bauer, pendant que Montpellier se rend dans les Alpes pour y affronter le Grenoble Foot 38.<\/p>\n<p> <img decoding=\"async\" width=\"76\" height=\"76\" loading=\"lazy\" src=\"https:\/\/static.wui.fr\/images_v3\/avatar-footnational.png\" alt=\"Youcef Ghalaza-Boudra\"\/><\/p>\n","protected":false},"excerpt":{"rendered":"Un petit premier acte pour cette grande derni\u00e8re de l\u2019ann\u00e9e. Ce samedi apr\u00e8s-midi marque effectivement la suite de&hellip;\n","protected":false},"author":2,"featured_media":598171,"comment_status":"","ping_status":"","sticky":false,"template":"","format":"standard","meta":{"footnotes":""},"categories":[9566],"tags":[1111,11,2430,1777,674,1011,27,2731,59995,12,25],"class_list":{"0":"post-598170","1":"post","2":"type-post","3":"status-publish","4":"format-standard","5":"has-post-thumbnail","7":"category-grenoble","8":"tag-actu","9":"tag-actualites","10":"tag-auvergne-rhone-alpes","11":"tag-eu","12":"tag-europe","13":"tag-fr","14":"tag-france","15":"tag-grenoble","16":"tag-ligue-2-actus","17":"tag-news","18":"tag-republique-francaise"},"share_on_mastodon":{"url":"https:\/\/pubeurope.com\/@fr\/115716541695438294","error":""},"_links":{"self":[{"href":"https:\/\/www.europesays.com\/fr\/wp-json\/wp\/v2\/posts\/598170","targetHints":{"allow":["GET"]}}],"collection":[{"href":"https:\/\/www.europesays.com\/fr\/wp-json\/wp\/v2\/posts"}],"about":[{"href":"https:\/\/www.europesays.com\/fr\/wp-json\/wp\/v2\/types\/post"}],"author":[{"embeddable":true,"href":"https:\/\/www.europesays.com\/fr\/wp-json\/wp\/v2\/users\/2"}],"replies":[{"embeddable":true,"href":"https:\/\/www.europesays.com\/fr\/wp-json\/wp\/v2\/comments?post=598170"}],"version-history":[{"count":0,"href":"https:\/\/www.europesays.com\/fr\/wp-json\/wp\/v2\/posts\/598170\/revisions"}],"wp:featuredmedia":[{"embeddable":true,"href":"https:\/\/www.europesays.com\/fr\/wp-json\/wp\/v2\/media\/598171"}],"wp:attachment":[{"href":"https:\/\/www.europesays.com\/fr\/wp-json\/wp\/v2\/media?parent=598170"}],"wp:term":[{"taxonomy":"category","embeddable":true,"href":"https:\/\/www.europesays.com\/fr\/wp-json\/wp\/v2\/categories?post=598170"},{"taxonomy":"post_tag","embeddable":true,"href":"https:\/\/www.europesays.com\/fr\/wp-json\/wp\/v2\/tags?post=598170"}],"curies":[{"name":"wp","href":"https:\/\/api.w.org\/{rel}","templated":true}]}}