{"id":598172,"date":"2025-12-14T06:37:19","date_gmt":"2025-12-14T06:37:19","guid":{"rendered":"https:\/\/www.europesays.com\/fr\/598172\/"},"modified":"2025-12-14T06:37:19","modified_gmt":"2025-12-14T06:37:19","slug":"une-kayakiste-secourue-par-les-pompiers-en-ille-et-vilaine","status":"publish","type":"post","link":"https:\/\/www.europesays.com\/fr\/598172\/","title":{"rendered":"Une kayakiste secourue par les pompiers en Ille-et-Vilaine"},"content":{"rendered":"<p>C\u2019est un t\u00e9moin de la sc\u00e8ne qui se trouvait sur l\u2019anse de la Guimorais qui a donn\u00e9 l\u2019alerte vers 12 h 20. Une femme de 58 ans et deux hommes \u00e2g\u00e9s de 42 et 66 ans se trouvaient en mer \u00e0 la hauteur de l\u2019\u00eele du Petit Chevret lorsqu\u2019ils se sont retrouv\u00e9s en difficult\u00e9. Au total 12 pompiers ont \u00e9t\u00e9 d\u00e9p\u00each\u00e9s sur les lieux. Alors que la mer \u00e9tait agit\u00e9e, les deux hommes ont pu rejoindre par eux-m\u00eames la plage \u00e0 la nage. La femme, elle, a pu \u00eatre secourue gr\u00e2ce \u00e0 l\u2019intervention du bateau des pompiers et d\u2019une \u00e9quipe de plongeurs. Prise en charge, la victime a \u00e9t\u00e9 transport\u00e9e en urgence relative au centre hospitalier de Saint-Malo. Les deux hommes n\u2019ont, quant \u00e0 eux, pas \u00e9t\u00e9 bless\u00e9s.<\/p>\n","protected":false},"excerpt":{"rendered":"C\u2019est un t\u00e9moin de la sc\u00e8ne qui se trouvait sur l\u2019anse de la Guimorais qui a donn\u00e9 l\u2019alerte&hellip;\n","protected":false},"author":2,"featured_media":598173,"comment_status":"","ping_status":"","sticky":false,"template":"","format":"standard","meta":{"footnotes":""},"categories":[2821],"tags":[1111,11,829,765,1777,674,118,1011,27,848,12,584,25,3728],"class_list":{"0":"post-598172","1":"post","2":"type-post","3":"status-publish","4":"format-standard","5":"has-post-thumbnail","7":"category-rennes","8":"tag-actu","9":"tag-actualites","10":"tag-bretagne","11":"tag-en-continu","12":"tag-eu","13":"tag-europe","14":"tag-faits-divers","15":"tag-fr","16":"tag-france","17":"tag-ille-et-vilaine","18":"tag-news","19":"tag-rennes","20":"tag-republique-francaise","21":"tag-saint-malo"},"share_on_mastodon":{"url":"https:\/\/pubeurope.com\/@fr\/115716544461584289","error":""},"_links":{"self":[{"href":"https:\/\/www.europesays.com\/fr\/wp-json\/wp\/v2\/posts\/598172","targetHints":{"allow":["GET"]}}],"collection":[{"href":"https:\/\/www.europesays.com\/fr\/wp-json\/wp\/v2\/posts"}],"about":[{"href":"https:\/\/www.europesays.com\/fr\/wp-json\/wp\/v2\/types\/post"}],"author":[{"embeddable":true,"href":"https:\/\/www.europesays.com\/fr\/wp-json\/wp\/v2\/users\/2"}],"replies":[{"embeddable":true,"href":"https:\/\/www.europesays.com\/fr\/wp-json\/wp\/v2\/comments?post=598172"}],"version-history":[{"count":0,"href":"https:\/\/www.europesays.com\/fr\/wp-json\/wp\/v2\/posts\/598172\/revisions"}],"wp:featuredmedia":[{"embeddable":true,"href":"https:\/\/www.europesays.com\/fr\/wp-json\/wp\/v2\/media\/598173"}],"wp:attachment":[{"href":"https:\/\/www.europesays.com\/fr\/wp-json\/wp\/v2\/media?parent=598172"}],"wp:term":[{"taxonomy":"category","embeddable":true,"href":"https:\/\/www.europesays.com\/fr\/wp-json\/wp\/v2\/categories?post=598172"},{"taxonomy":"post_tag","embeddable":true,"href":"https:\/\/www.europesays.com\/fr\/wp-json\/wp\/v2\/tags?post=598172"}],"curies":[{"name":"wp","href":"https:\/\/api.w.org\/{rel}","templated":true}]}}