{"id":598176,"date":"2025-12-14T06:40:21","date_gmt":"2025-12-14T06:40:21","guid":{"rendered":"https:\/\/www.europesays.com\/fr\/598176\/"},"modified":"2025-12-14T06:40:21","modified_gmt":"2025-12-14T06:40:21","slug":"ces-hopitaux-et-cliniques-de-strasbourg-sont-parmi-les-meilleurs-de-france-selon-ce-classement-2025","status":"publish","type":"post","link":"https:\/\/www.europesays.com\/fr\/598176\/","title":{"rendered":"ces h\u00f4pitaux et cliniques de Strasbourg sont parmi les meilleurs de France, selon ce classement 2025"},"content":{"rendered":"<p>                    Par<br \/>\n        <strong><br \/>\n            <a href=\"https:\/\/actu.fr\/auteur\/thomas-blanc\" title=\"Consulter tous les articles de Thomas Blanc\" target=\"_blank\" rel=\"noopener\">Thomas Blanc<\/a><br \/>\n                    <\/strong><\/p>\n<p>        Publi\u00e9 le<\/p>\n<p>            14 d\u00e9c. 2025 \u00e0 7h02        <\/p>\n<p>Le magazine hebdomadaire Le Point\u00a0a publi\u00e9, dans son num\u00e9ro du 4 d\u00e9cembre, <a href=\"https:\/\/www.lepoint.fr\/sante\/hopitaux-et-cliniques-notre-grand-classement-2025-des-etablissements-les-plus-performants-03-12-2025-2604652_40.php\" target=\"_blank\" rel=\"noopener\">le classement des h\u00f4pitaux et cliniques fran\u00e7ais<\/a> \u00ab\u2009les plus performants\u2009\u00bb. Un<strong> tableau d\u2019honneur<\/strong> et des <strong>classements par sp\u00e9cialit\u00e9s<\/strong> ont \u00e9t\u00e9 r\u00e9alis\u00e9s, voici ceux se situant \u00e0 <a href=\"https:\/\/actu.fr\/strasbourg\/\" target=\"_blank\" rel=\"noopener\">Strasbourg<\/a>.<\/p>\n<p>Les \u00e9tablissements strasbourgeois en haut de la liste\u00a0<\/p>\n<p class=\" wall-content\">Pour ce qui est des h\u00f4pitaux, <strong>le Centre hospitalier universitaire<\/strong> (CHU) de Strasbourg se classe <strong>3e meilleur de France<\/strong>, en progression d\u2019une place par rapport au classement 2024.<\/p>\n<p class=\" wall-content\">Pour les cliniques, <strong>Rh\u00e9na<\/strong>, situ\u00e9e dans le quartier Port du Rhin \u00e0 Strasbourg,<strong> se classe 5e<\/strong>, perdant sa place sur le podium (3e) de 2024. Elle devance <a href=\"https:\/\/actu.fr\/societe\/ces-hopitaux-et-cliniques-de-lorraine-font-partie-des-meilleurs-de-france-selon-ce-classement-2025_63546783.html\" target=\"_blank\" rel=\"noopener\">la clinique Louis-Pasteur \u00e0 Essey-l\u00e8s-Nancy\u2009: 35e position, et l\u2019H\u00f4pital-clinique Claude-Bernard \u00e0 Metz\u2009: 40e<\/a>, \u00e9galement situ\u00e9s dans la r\u00e9gion Grand Est.<\/p>\n<p class=\" wall-content\">Pour rappel, un h\u00f4pital est <strong>un \u00e9tablissement public<\/strong> de sant\u00e9 financ\u00e9 par l\u2019\u00c9tat tandis qu\u2019une clinique est une entreprise <strong>\u00e0 but lucratif<\/strong>.<\/p>\n<p>Le d\u00e9tail des sp\u00e9cialit\u00e9s<\/p>\n<p class=\" wall-content\">Dans le d\u00e9tail, Le Point a analys\u00e9 <strong>83 sp\u00e9cialit\u00e9s<\/strong>, la clinique Rh\u00e9na est parmi les meilleurs \u00e9tablissements priv\u00e9s de France dans les domaines suivants\u2009:<\/p>\n<ul class=\" wall-content\">\n<li><strong>Chirurgie des art\u00e8res<\/strong>\u2009: 2e sur 233<\/li>\n<li><strong>Ad\u00e9nome de la prostate<\/strong>\u2009: 3e sur 287<\/li>\n<li><strong>Proth\u00e8se du genou\u2009<\/strong>: 4e sur 247<\/li>\n<li><strong>Chirurgie des carotides<\/strong>\u2009: 5e sur 146<\/li>\n<li><strong>Cancer du sein<\/strong>\u2009: 6e sur 246<\/li>\n<li><strong>Chirurgie du nez et sinus\u2009<\/strong>: 6e sur 319<\/li>\n<li><strong>Cataracte<\/strong>\u2009: 6e sur 338<\/li>\n<li><strong>Proth\u00e8se de hanche<\/strong>\u2009: 6e sur 352<\/li>\n<\/ul>\n<p class=\" wall-content\">Le CHU de Strasbourg excelle, lui, dans les domaines ci-dessous\u2009:<\/p>\n<p>Votre r\u00e9gion, votre actu !<\/p>\n<p>Recevez chaque jour les infos qui comptent pour vous.<\/p>\n<p>\t<a href=\"https:\/\/actu.fr\/newsletter\" class=\"ac-btn ac-btn--corner ac-btn--medium ac-btn--blue800\" target=\"_blank\" rel=\"noopener\">S&rsquo;incrire<\/a><\/p>\n<ul class=\" wall-content\">\n<li><strong>Chirurgie du dos de l\u2019adulte\u2009<\/strong>: CHU Hautepierre\u2009: 2e sur 124<\/li>\n<li><strong>Endom\u00e9triose<\/strong>\u2009: CHU \u2013 Centre m\u00e9dico-chirurgical et obst\u00e9trique \u00e0 Schiltigheim\u2009: 3e sur 206<\/li>\n<li><strong>Pneumologie de l\u2019adulte<\/strong>\u2009: CHU \u2013 H\u00f4pital Civil\u2009: 3e sur 756<\/li>\n<li><strong>Cancer de l\u2019ut\u00e9rus<\/strong>\u2009: CHU Hautepierre\u2009: 3e sur 222<\/li>\n<li><strong>Scl\u00e9rose en plaques\u2009<\/strong>: CHU Hautepierre\u2009: 4e sur 217<\/li>\n<li><strong>Cancer du rein\u2009<\/strong>: CHU H\u00f4pital civil\u2009: 4e sur 127<\/li>\n<li><strong>Chirurgie de l\u2019ob\u00e9sit\u00e9<\/strong>\u2009: CHU H\u00f4pital Civil\u2009: 5e sur 185<\/li>\n<li><strong>Strabisme<\/strong>\u2009: CHU \u2013 H\u00f4pital Civil\u2009: 5e sur 50<\/li>\n<li><strong>Maladie de Parkinson et syndromes parkinsoniens<\/strong>\u2009: CHU Hautepierre\u2009: 6e sur 221<\/li>\n<li><strong>Epilepsie de l\u2019adulte\u2009<\/strong>: CHU Hautepierre\u2009: 6e sur 438<\/li>\n<li><strong>M\u00e9decine vasculaire\u2009<\/strong>: CHU \u2013 H\u00f4pital Civil\u2009: 6e sur 517<\/li>\n<li><strong>Proth\u00e8se de hanche<\/strong>\u2009: CHU Hautepierre\u2009: 6e sur 357<\/li>\n<li><strong>Diab\u00e8te de l\u2019adulte<\/strong>\u2009: CHU Hautepierre\u2009: 6e sur 461<\/li>\n<\/ul>\n<p class=\" wall-content\">La clinique Sainte-Barbe du Groupe Hospitalier Saint Vincent, \u00e0 la Robertsau, se hisse \u00e9galement au sommet de plusieurs classements\u2009:<\/p>\n<ul class=\" wall-content\">\n<li><strong>Amygdales et v\u00e9g\u00e9tations\u2009: 1re sur 265<\/strong><\/li>\n<li><strong>Chirurgie du nez et sinus<\/strong>\u2009: 2e sur 246<\/li>\n<li><strong>Ablation des varices<\/strong>\u2009: 6e sur 237<\/li>\n<\/ul>\n<p class=\" wall-content\">Personnalisez votre actualit\u00e9 en ajoutant vos villes et m\u00e9dias en favori avec <a href=\"https:\/\/moncompte.actu.fr\" title=\"D\u00e9couvez Mon Actu\" rel=\"nofollow noopener\" data-trk=\"{&quot;cta&quot;:{&quot;action&quot;:&quot;https:\\\/\\\/moncompte.actu.fr&quot;,&quot;category&quot;:&quot;mon compte&quot;,&quot;from&quot;:&quot;article footer&quot;,&quot;name&quot;:&quot;Mon actu&quot;,&quot;type&quot;:&quot;cta&quot;}}\" target=\"_blank\">Mon Actu<\/a>.<\/p>\n","protected":false},"excerpt":{"rendered":"Par Thomas Blanc Publi\u00e9 le 14 d\u00e9c. 2025 \u00e0 7h02 Le magazine hebdomadaire Le Point\u00a0a publi\u00e9, dans son&hellip;\n","protected":false},"author":2,"featured_media":598177,"comment_status":"","ping_status":"","sticky":false,"template":"","format":"standard","meta":{"footnotes":""},"categories":[2820],"tags":[1111,11,1777,674,1011,27,775,12,16976,25,71,104,640],"class_list":{"0":"post-598176","1":"post","2":"type-post","3":"status-publish","4":"format-standard","5":"has-post-thumbnail","7":"category-strasbourg","8":"tag-actu","9":"tag-actualites","10":"tag-eu","11":"tag-europe","12":"tag-fr","13":"tag-france","14":"tag-grand-est","15":"tag-news","16":"tag-nouvel-hopital-civil-nhc","17":"tag-republique-francaise","18":"tag-sante","19":"tag-societe","20":"tag-strasbourg"},"share_on_mastodon":{"url":"https:\/\/pubeurope.com\/@fr\/115716556306030089","error":""},"_links":{"self":[{"href":"https:\/\/www.europesays.com\/fr\/wp-json\/wp\/v2\/posts\/598176","targetHints":{"allow":["GET"]}}],"collection":[{"href":"https:\/\/www.europesays.com\/fr\/wp-json\/wp\/v2\/posts"}],"about":[{"href":"https:\/\/www.europesays.com\/fr\/wp-json\/wp\/v2\/types\/post"}],"author":[{"embeddable":true,"href":"https:\/\/www.europesays.com\/fr\/wp-json\/wp\/v2\/users\/2"}],"replies":[{"embeddable":true,"href":"https:\/\/www.europesays.com\/fr\/wp-json\/wp\/v2\/comments?post=598176"}],"version-history":[{"count":0,"href":"https:\/\/www.europesays.com\/fr\/wp-json\/wp\/v2\/posts\/598176\/revisions"}],"wp:featuredmedia":[{"embeddable":true,"href":"https:\/\/www.europesays.com\/fr\/wp-json\/wp\/v2\/media\/598177"}],"wp:attachment":[{"href":"https:\/\/www.europesays.com\/fr\/wp-json\/wp\/v2\/media?parent=598176"}],"wp:term":[{"taxonomy":"category","embeddable":true,"href":"https:\/\/www.europesays.com\/fr\/wp-json\/wp\/v2\/categories?post=598176"},{"taxonomy":"post_tag","embeddable":true,"href":"https:\/\/www.europesays.com\/fr\/wp-json\/wp\/v2\/tags?post=598176"}],"curies":[{"name":"wp","href":"https:\/\/api.w.org\/{rel}","templated":true}]}}