{"id":598180,"date":"2025-12-14T06:44:26","date_gmt":"2025-12-14T06:44:26","guid":{"rendered":"https:\/\/www.europesays.com\/fr\/598180\/"},"modified":"2025-12-14T06:44:26","modified_gmt":"2025-12-14T06:44:26","slug":"jour-de-lan-2026-day-01-moblack-mixe-sur-le-rooftop-taulissa","status":"publish","type":"post","link":"https:\/\/www.europesays.com\/fr\/598180\/","title":{"rendered":"Jour de l&rsquo;An 2026 : DAY 01 \u2013 MoBlack Mixe sur le Rooftop Taulissa"},"content":{"rendered":"<p>\ud83e\udd42 Le Feed : DAY 01 \u00e0 Nice \u2013 Lancement 2026 en Douceur, Yoga et DJ Sets Afro-House sur le Rooftop<\/p>\n<p><b>DAY 01 : Le Bon Plan pour Lancer 2026 en Beaut\u00e9 \u2728<\/b><\/p>\n<p>Aujourd\u2019hui, on vous donne la solution parfaite pour lancer 2026 en douceur, en beaut\u00e9, et avec style !<\/p>\n<p>Voici le lieu o\u00f9 il faudra \u00eatre le <b>jeudi 1\u1d49\u02b3 janvier 2026<\/b> : l\u2019\u00e9v\u00e9nement <b>DAY 01<\/b> s\u2019installe sur le rooftop <b>Taulissa<\/b> de l\u2019h\u00f4tel 5 \u00e9toiles <b>Maison Albar \u2013 Le Victoria \u00e0 Nice<\/b>. De midi \u00e0 19h, c\u2019est la promesse d\u2019une parenth\u00e8se joyeuse et revitalisante pour commencer l\u2019ann\u00e9e.<\/p>\n<p>Le cadre est exceptionnel, avec une vue \u00e0 360\u00b0 sur la M\u00e9diterran\u00e9e. Le programme est id\u00e9al pour un red\u00e9marrage :<\/p>\n<ul>\n<li><b>D\u00e9tente :<\/b> Piscine chauff\u00e9e avec vue et cocktails signature.<\/li>\n<li><b>Bien-\u00eatre :<\/b> S\u00e9ance de <b>yoga<\/b> pour relancer l\u2019\u00e9nergie et r\u00e9\u00e9quilibrer le corps.<\/li>\n<li><b>F\u00eate :<\/b> La golden hour sera rythm\u00e9e par des <b>DJ sets<\/b> en plein air.<\/li>\n<\/ul>\n<p><b>MoBlack et Vanetty aux Platines Afro-House \ud83c\udfb6<\/b><\/p>\n<p>Qui sera aux platines pour ce premier set de l\u2019ann\u00e9e ?<\/p>\n<p>Un plateau exceptionnel aux sonorit\u00e9s <b>afro-house<\/b> !<\/p>\n<ul>\n<li><b>MoBlack<\/b> : Le DJ et producteur italien, que l\u2019on a beaucoup jou\u00e9 sur Radio Monaco, qui fa\u00e7onne la sc\u00e8ne afro-house internationale.<\/li>\n<li><b>Vanetty<\/b> : Le DJ parisien dont les hits sont jou\u00e9s par des stars comme Black Coffee et Bob Sinclar.<\/li>\n<\/ul>\n<p>C\u2019est l\u2019occasion de prendre un bain de soleil, de bonne musique, et de bonnes r\u00e9solutions sur l\u2019un des plus beaux toits de Nice !<\/p>\n<p><b>\ud83c\udf99 LE MORNING MADE IN MONTE CARLO<\/b><br \/>Avec <b>L\u00e9o Barraband, Giulia Testaverde et Marie Marquet<\/b><\/p>\n<p>\ud83d\udd55 Du lundi au vendredi, de 6h \u00e0 9h<\/p>\n<p>\ud83d\udcf0 <b>Actualit\u00e9s<\/b> &amp; infos locales<br \/>\u2728 <b>Horoscope \u00ab Les \u00e9toil\u00e9s \u00bb<\/b><br \/>\ud83c\udf1f <b>Le Feed<\/b> : l\u2019actu trendy de la C\u00f4te et de Monaco<br \/>\ud83c\udff0 <b>L\u2019\u00c9cho du Rocher<\/b> : tout sur la Principaut\u00e9<br \/>\ud83c\udfb6 <b>Top Streaming<\/b> : le tour du monde en musique<br \/>\u2764\ufe0f <b>Crush Music<\/b> : nos coups de c\u0153ur du moment<br \/>\ud83c\udfa7 <b>Be Curious<\/b> : pop culture, tendances et d\u00e9couvertes<br \/>\ud83e\uddd8 <b>Instant Feel Good<\/b> : \u00e9nergie, s\u00e9r\u00e9nit\u00e9 et bonne humeur pour d\u00e9marrer la journ\u00e9e<\/p>\n<p><a href=\"https:\/\/radio-monaco.com\/\" target=\"_blank\" rel=\"noopener\"><b>\ud83c\udf99 LE MORNING MADE IN MONTE CARLO <\/b><\/a><\/p>\n<p>H\u00e9berg\u00e9 par Ausha. Visitez <a href=\"https:\/\/ausha.co\/politique-de-confidentialite\" target=\"_blank\" rel=\"noopener\">ausha.co\/politique-de-confidentialite<\/a> pour plus d\u2019informations.<\/p>\n<p class=\"proradio-tags\">\n\t\t\t\t\t\t\t\t\t\t<a href=\"https:\/\/radio-monaco.com\/podcastfilter\/le-morning\/\" class=\"proradio-catid-6\" target=\"_blank\" rel=\"noopener\">LE MORNING<\/a><a href=\"https:\/\/radio-monaco.com\/tag\/le-feed\/\" rel=\"tag noopener\" target=\"_blank\">le feed<\/a>\t\t\t\t\t\t\t\t\t\t<\/p>\n","protected":false},"excerpt":{"rendered":"\ud83e\udd42 Le Feed : DAY 01 \u00e0 Nice \u2013 Lancement 2026 en Douceur, Yoga et DJ Sets Afro-House&hellip;\n","protected":false},"author":2,"featured_media":536467,"comment_status":"","ping_status":"","sticky":false,"template":"","format":"standard","meta":{"footnotes":""},"categories":[2819],"tags":[1111,11,1777,674,1011,27,12,2401,882,25],"class_list":{"0":"post-598180","1":"post","2":"type-post","3":"status-publish","4":"format-standard","5":"has-post-thumbnail","7":"category-nice","8":"tag-actu","9":"tag-actualites","10":"tag-eu","11":"tag-europe","12":"tag-fr","13":"tag-france","14":"tag-news","15":"tag-nice","16":"tag-provence-alpes-cote-dazur","17":"tag-republique-francaise"},"share_on_mastodon":{"url":"https:\/\/pubeurope.com\/@fr\/115716572308798194","error":""},"_links":{"self":[{"href":"https:\/\/www.europesays.com\/fr\/wp-json\/wp\/v2\/posts\/598180","targetHints":{"allow":["GET"]}}],"collection":[{"href":"https:\/\/www.europesays.com\/fr\/wp-json\/wp\/v2\/posts"}],"about":[{"href":"https:\/\/www.europesays.com\/fr\/wp-json\/wp\/v2\/types\/post"}],"author":[{"embeddable":true,"href":"https:\/\/www.europesays.com\/fr\/wp-json\/wp\/v2\/users\/2"}],"replies":[{"embeddable":true,"href":"https:\/\/www.europesays.com\/fr\/wp-json\/wp\/v2\/comments?post=598180"}],"version-history":[{"count":0,"href":"https:\/\/www.europesays.com\/fr\/wp-json\/wp\/v2\/posts\/598180\/revisions"}],"wp:featuredmedia":[{"embeddable":true,"href":"https:\/\/www.europesays.com\/fr\/wp-json\/wp\/v2\/media\/536467"}],"wp:attachment":[{"href":"https:\/\/www.europesays.com\/fr\/wp-json\/wp\/v2\/media?parent=598180"}],"wp:term":[{"taxonomy":"category","embeddable":true,"href":"https:\/\/www.europesays.com\/fr\/wp-json\/wp\/v2\/categories?post=598180"},{"taxonomy":"post_tag","embeddable":true,"href":"https:\/\/www.europesays.com\/fr\/wp-json\/wp\/v2\/tags?post=598180"}],"curies":[{"name":"wp","href":"https:\/\/api.w.org\/{rel}","templated":true}]}}