{"id":598181,"date":"2025-12-14T06:45:21","date_gmt":"2025-12-14T06:45:21","guid":{"rendered":"https:\/\/www.europesays.com\/fr\/598181\/"},"modified":"2025-12-14T06:45:21","modified_gmt":"2025-12-14T06:45:21","slug":"nice-sur-quelle-chaine-et-a-quelle-heure-voir-le-match-de-ligue-1-2","status":"publish","type":"post","link":"https:\/\/www.europesays.com\/fr\/598181\/","title":{"rendered":"Nice\u00a0: Sur quelle cha\u00eene et \u00e0 quelle heure voir le match de Ligue 1\u00a0?"},"content":{"rendered":"<p>Dimanche en fin d\u2019apr\u00e8s-midi, le leader de la Ligue 1 au d\u00e9but de la 16e, journ\u00e9e, re\u00e7oit l\u2019OGC Nice, en crise de r\u00e9sultats. Le Gym, entra\u00een\u00e9 par l\u2019ancien lensois Franck Haise, esp\u00e8re reprendre sa marche en avant face au RC Lens.<\/p>\n<p>\u00c0 quelle heure et sur quelle cha\u00eene voir Lens &#8211; Nice<\/p>\n<p>La rencontre sera \u00e0 suivre ce dimanche 14\u00a0d\u00e9cembre 2025, \u00e0 17h15, sur Ligue 1 +, en direct pour les abonn\u00e9s.<\/p>\n<p>Des Lensois tout feu tout flamme<\/p>\n<p>Avec 5 victoires obtenues au cours des 5 derni\u00e8res journ\u00e9es (contre <a href=\"https:\/\/www.20minutes.fr\/dossier\/lorient\" class=\"c-link c-link--is-underlined\" target=\"_blank\" rel=\"noopener\">Lorient<\/a>, <a href=\"https:\/\/www.20minutes.fr\/dossier\/monaco\" class=\"c-link c-link--is-underlined\" target=\"_blank\" rel=\"noopener\">Monaco<\/a>, Strasbourg, Angers et Nantes), les Sang et Or ont pris les commandes du championnat. Malgr\u00e9 le rythme impos\u00e9 par les Parisiens, ils semblent r\u00e9pondre pr\u00e9sent et comptent bien \u00eatre sacr\u00e9s champions d\u2019<a href=\"https:\/\/www.20minutes.fr\/planete\/automne\/\" class=\"c-link c-link--is-underlined\" target=\"_blank\" rel=\"noopener\">automne<\/a>. S\u2019ils battent Nice, ils reprendront leur premi\u00e8re place, pour un petit point d\u2019avance sur les champions d\u2019<a href=\"https:\/\/www.20minutes.fr\/dossier\/europe\" class=\"c-link c-link--is-underlined\" target=\"_blank\" rel=\"noopener\">Europe<\/a>.<\/p>\n<p class=\"mb-m@xs text-l@xs\">En cliquant sur\u00ab J\u2019accepte \u00bb, vous acceptez le d\u00e9p\u00f4t de cookies par des services externes et aurez ainsi acc\u00e8s aux contenus de nos partenaires.<\/p>\n<p class=\"mb-xl@xs text-s@xs\">Plus d\u2019informations sur la page<a href=\"https:\/\/www.20minutes.fr\/gestion-cookies\" class=\"mx-xxs@xs color-ultramarine\" target=\"_blank\" rel=\"noopener\">Politique de gestion des cookies<\/a><\/p>\n<p>J\u2019accepteLes Aiglons battent de l\u2019aile<\/p>\n<p>Nice reste sur 8 d\u00e9faites cons\u00e9cutives, toutes comp\u00e9titions confondues. Battus deux fois \u00e0 domicile cette semaine (contre <a href=\"https:\/\/www.20minutes.fr\/dossier\/angers\" class=\"c-link c-link--is-underlined\" target=\"_blank\" rel=\"noopener\">Angers<\/a> et Braga sur le m\u00eame score, 0-1), les Ni\u00e7ois doivent relever la t\u00eate. Ce d\u00e9placement \u00e0 Lens arrive au pire moment mais une victoire serait l\u2019id\u00e9al pour lancer la remontada au classement. Actuellement, ils sont 12es, \u00e0 5 points du barragiste. La mission qui les attend s&rsquo;annonce complexe car ils sont oppos\u00e9s \u00e0 une \u00e9quipe qui reste sur la meilleure s\u00e9rie actuelle du championnat.<\/p>\n<p>Les compos probables<\/p>\n<ul>\n<li><a href=\"https:\/\/www.20minutes.fr\/dossier\/lens\" class=\"c-link c-link--is-underlined\" target=\"_blank\" rel=\"noopener\">Lens<\/a>\u00a0: Risser &#8211; Ganiou, Baidoo, Sarr &#8211; Aguilar, Thomasson, Sangar\u00e9, Udol &#8211; Thauvin, Sa\u00efd &#8211; \u00c9douard<\/li>\n<li>Nice\u00a0: Diouf &#8211; Mendy, Oppong, Bard &#8211; Clauss, Abdul Samed, Vanhoutte, Abdi &#8211; Diop &#8211; Kevin Carlos, Cho<\/li>\n<\/ul>\n","protected":false},"excerpt":{"rendered":"Dimanche en fin d\u2019apr\u00e8s-midi, le leader de la Ligue 1 au d\u00e9but de la 16e, journ\u00e9e, re\u00e7oit l\u2019OGC&hellip;\n","protected":false},"author":2,"featured_media":598182,"comment_status":"","ping_status":"","sticky":false,"template":"","format":"standard","meta":{"footnotes":""},"categories":[2819],"tags":[1111,11,1777,674,63,1011,27,66,12,2401,2268,882,2264,25,517],"class_list":{"0":"post-598181","1":"post","2":"type-post","3":"status-publish","4":"format-standard","5":"has-post-thumbnail","7":"category-nice","8":"tag-actu","9":"tag-actualites","10":"tag-eu","11":"tag-europe","12":"tag-football","13":"tag-fr","14":"tag-france","15":"tag-ligue-1","16":"tag-news","17":"tag-nice","18":"tag-ogc-nice","19":"tag-provence-alpes-cote-dazur","20":"tag-rc-lens","21":"tag-republique-francaise","22":"tag-sport"},"share_on_mastodon":{"url":"https:\/\/pubeurope.com\/@fr\/115716575928621548","error":""},"_links":{"self":[{"href":"https:\/\/www.europesays.com\/fr\/wp-json\/wp\/v2\/posts\/598181","targetHints":{"allow":["GET"]}}],"collection":[{"href":"https:\/\/www.europesays.com\/fr\/wp-json\/wp\/v2\/posts"}],"about":[{"href":"https:\/\/www.europesays.com\/fr\/wp-json\/wp\/v2\/types\/post"}],"author":[{"embeddable":true,"href":"https:\/\/www.europesays.com\/fr\/wp-json\/wp\/v2\/users\/2"}],"replies":[{"embeddable":true,"href":"https:\/\/www.europesays.com\/fr\/wp-json\/wp\/v2\/comments?post=598181"}],"version-history":[{"count":0,"href":"https:\/\/www.europesays.com\/fr\/wp-json\/wp\/v2\/posts\/598181\/revisions"}],"wp:featuredmedia":[{"embeddable":true,"href":"https:\/\/www.europesays.com\/fr\/wp-json\/wp\/v2\/media\/598182"}],"wp:attachment":[{"href":"https:\/\/www.europesays.com\/fr\/wp-json\/wp\/v2\/media?parent=598181"}],"wp:term":[{"taxonomy":"category","embeddable":true,"href":"https:\/\/www.europesays.com\/fr\/wp-json\/wp\/v2\/categories?post=598181"},{"taxonomy":"post_tag","embeddable":true,"href":"https:\/\/www.europesays.com\/fr\/wp-json\/wp\/v2\/tags?post=598181"}],"curies":[{"name":"wp","href":"https:\/\/api.w.org\/{rel}","templated":true}]}}