{"id":598183,"date":"2025-12-14T06:47:13","date_gmt":"2025-12-14T06:47:13","guid":{"rendered":"https:\/\/www.europesays.com\/fr\/598183\/"},"modified":"2025-12-14T06:47:13","modified_gmt":"2025-12-14T06:47:13","slug":"vertou-il-a-cree-une-boite-a-dons-mobile","status":"publish","type":"post","link":"https:\/\/www.europesays.com\/fr\/598183\/","title":{"rendered":"Vertou. Il a cr\u00e9\u00e9 une bo\u00eete \u00e0 dons mobile"},"content":{"rendered":"<p>Apr\u00e8s avoir parcouru 1\u00a0800\u00a0km en six semaines jusqu\u2019\u00e0 Saint-Jacques-de-Compostelle, Joseph Crestin, membre de la section roller hockey de l\u2019Amicale la\u00efque de Vertou, revient avec un nouveau projet solidaire et \u00e9cologique\u00a0: la cr\u00e9ation d\u2019une bo\u00eete \u00e0 dons mobile.<\/p>\n<p>Son objectif\u00a0: aller \u00e0 la rencontre des Vertaviens pour leur permettre de donner une seconde vie \u00e0 leurs objets ou d\u2019en r\u00e9cup\u00e9rer gratuitement, sans aucune transaction financi\u00e8re.<\/p>\n<p>Encourager la redistribution<\/p>\n<p>Pourquoi GR 21\u00a0? GR pour grande redistribution, et 21 en r\u00e9f\u00e9rence \u00e0 l\u2019Agenda 21, d\u00e9marche visant \u00e0 ancrer la transition \u00e9cologique au sein des organisations.<\/p>\n<p>Port\u00e9 par l\u2019Amicale la\u00efque de Vertou, GR 21\u00a0entend \u00e9galement f\u00e9d\u00e9rer les initiatives locales en soutenant des projets \u00e0 dimension environnementale.<\/p>\n<p>Le dispositif se structure peu \u00e0 peu\u00a0: la remorque est en cours d\u2019am\u00e9nagement pour accueillir les dons dans de bonnes conditions. Une premi\u00e8re exp\u00e9rimentation r\u00e9ussie sur le parking de la m\u00e9diath\u00e8que Libre Cour \u2013 o\u00f9 une soixantaine d\u2019objets ont trouv\u00e9 preneur \u2013 encourage aujourd\u2019hui le collectif \u00e0 rechercher un lieu p\u00e9renne pour organiser r\u00e9guli\u00e8rement ces moments de redistribution.<\/p>\n<p>GR 21\u00a0sera pr\u00e9sent au Repaire Caf\u00e9 du Loiry, le 7\u00a0mars de 9\u00a0h\u00a030 \u00e0 10\u00a0heures.<\/p>\n<p>Informations\u00a0: amicalelaiquevertout.fr (rubrique GR 21) ou par mail\u00a0: GR21.vertou@gmail.com<\/p>\n<p>\u00a0<\/p>\n","protected":false},"excerpt":{"rendered":"Apr\u00e8s avoir parcouru 1\u00a0800\u00a0km en six semaines jusqu\u2019\u00e0 Saint-Jacques-de-Compostelle, Joseph Crestin, membre de la section roller hockey de&hellip;\n","protected":false},"author":2,"featured_media":598184,"comment_status":"","ping_status":"","sticky":false,"template":"","format":"standard","meta":{"footnotes":""},"categories":[2818],"tags":[1111,11,22736,11803,15714,1777,674,1011,27,26280,766,12,2636,25,14532],"class_list":{"0":"post-598183","1":"post","2":"type-post","3":"status-publish","4":"format-standard","5":"has-post-thumbnail","7":"category-nantes","8":"tag-actu","9":"tag-actualites","10":"tag-boite","11":"tag-cree","12":"tag-dons","13":"tag-eu","14":"tag-europe","15":"tag-fr","16":"tag-france","17":"tag-mobile","18":"tag-nantes","19":"tag-news","20":"tag-pays-de-la-loire","21":"tag-republique-francaise","22":"tag-vertou"},"share_on_mastodon":{"url":"https:\/\/pubeurope.com\/@fr\/115716583878681427","error":""},"_links":{"self":[{"href":"https:\/\/www.europesays.com\/fr\/wp-json\/wp\/v2\/posts\/598183","targetHints":{"allow":["GET"]}}],"collection":[{"href":"https:\/\/www.europesays.com\/fr\/wp-json\/wp\/v2\/posts"}],"about":[{"href":"https:\/\/www.europesays.com\/fr\/wp-json\/wp\/v2\/types\/post"}],"author":[{"embeddable":true,"href":"https:\/\/www.europesays.com\/fr\/wp-json\/wp\/v2\/users\/2"}],"replies":[{"embeddable":true,"href":"https:\/\/www.europesays.com\/fr\/wp-json\/wp\/v2\/comments?post=598183"}],"version-history":[{"count":0,"href":"https:\/\/www.europesays.com\/fr\/wp-json\/wp\/v2\/posts\/598183\/revisions"}],"wp:featuredmedia":[{"embeddable":true,"href":"https:\/\/www.europesays.com\/fr\/wp-json\/wp\/v2\/media\/598184"}],"wp:attachment":[{"href":"https:\/\/www.europesays.com\/fr\/wp-json\/wp\/v2\/media?parent=598183"}],"wp:term":[{"taxonomy":"category","embeddable":true,"href":"https:\/\/www.europesays.com\/fr\/wp-json\/wp\/v2\/categories?post=598183"},{"taxonomy":"post_tag","embeddable":true,"href":"https:\/\/www.europesays.com\/fr\/wp-json\/wp\/v2\/tags?post=598183"}],"curies":[{"name":"wp","href":"https:\/\/api.w.org\/{rel}","templated":true}]}}