{"id":598185,"date":"2025-12-14T06:48:51","date_gmt":"2025-12-14T06:48:51","guid":{"rendered":"https:\/\/www.europesays.com\/fr\/598185\/"},"modified":"2025-12-14T06:48:51","modified_gmt":"2025-12-14T06:48:51","slug":"nantes-previsions-meteo-du-samedi-13-decembre-2025","status":"publish","type":"post","link":"https:\/\/www.europesays.com\/fr\/598185\/","title":{"rendered":"Nantes : pr\u00e9visions m\u00e9t\u00e9o du samedi 13 d\u00e9cembre 2025"},"content":{"rendered":"<p>\u00c0 Nantes, la journ\u00e9e de samedi sera marqu\u00e9e par de l\u00e9g\u00e8res \u00e9claircies, une douceur relative avec des temp\u00e9ratures autour de 8 \u00e0 12 \u00b0C, et un vent calme. Le ciel \u00e9voluera vers un temps clair en soir\u00e9e, favorable aux activit\u00e9s ext\u00e9rieures.<\/p>\n<p>    Matin : \u00e9claircies sur les bords de la Loire<\/p>\n<p>\u00c0 08 h 44, le soleil appara\u00eetra au-dessus des toits nantais. Le thermom\u00e8tre affichera <b>8 \u00b0C<\/b>, avec un ressenti de 7 \u00b0C sous un ciel l\u00e9g\u00e8rement nuageux. L\u2019humidit\u00e9 atteindra 88 %, accompagn\u00e9e d\u2019un vent de Nord-Est \u00e0 10 km\/h, sans aucune pr\u00e9cipitation.<\/p>\n<p>La pression \u00e9lev\u00e9e (1029 hPa) confirme un solide blocage anticyclonique. Il sera donc possible de se rendre au travail \u00e0 pied ou \u00e0 v\u00e9lo sans parapluie, mais les pav\u00e9s humides resteront glissants : des chaussures antid\u00e9rapantes sont recommand\u00e9es.<\/p>\n<p>Pour le jardinage, cette douceur relative permet encore quelques semis d\u2019hiver. Cependant, l\u2019air humide favorise l\u2019apparition de la rouille sur les salades : il convient donc d\u2019a\u00e9rer les serres et de surveiller attentivement les feuilles.<\/p>\n<p>Apr\u00e8s-midi : douceur stable et ciel variable<\/p>\n<p>Aux alentours de 15 h, la temp\u00e9rature culminera \u00e0 <b>12 \u00b0C<\/b>, avec un ressenti identique gr\u00e2ce \u00e0 un vent de Nord-Est discret (8 km\/h). Le ciel alternera entre cumulus et perc\u00e9es lumineuses, sans menace de pluie.<\/p>\n<p>L\u2019humidit\u00e9 baissera \u00e0 76 %, am\u00e9liorant le confort, que ce soit pour les achats de fin d\u2019ann\u00e9e ou une balade sur l\u2019\u00cele de Versailles. Un manteau l\u00e9ger suffira, mais il est conseill\u00e9 de pr\u00e9voir une couche coupe-vent sur les rives expos\u00e9es.<\/p>\n<ul>\n<li>Indice UV faible : lunettes recommand\u00e9es, cr\u00e8me solaire inutile.<\/li>\n<li>Visibilit\u00e9 excellente pour la navigation de plaisance sur l\u2019Erdre.<\/li>\n<li>Aucun impact m\u00e9t\u00e9o sur les vols \u00e0 Nantes-Atlantique.<\/li>\n<\/ul>\n<p>Dans ces conditions calmes, on note le r\u00f4le croissant des anticyclones hivernaux en Europe occidentale. Selon Copernicus, leur fr\u00e9quence s\u2019est accentu\u00e9e depuis trente ans, amplifiant les p\u00e9riodes s\u00e8ches en saison froide.<\/p>\n<p>Soir : fra\u00eecheur s\u00e8che et ciel \u00e9toil\u00e9<\/p>\n<p>Le soleil se couchera \u00e0 17 h 16. D\u00e8s la tomb\u00e9e de la nuit, le ciel restera parfaitement d\u00e9gag\u00e9. La temp\u00e9rature retombera vers <b>8 \u00b0C<\/b>, avec un ressenti de 7 \u00b0C, sous un vent Est-Nord-Est tr\u00e8s faible (6 km\/h).<\/p>\n<p>L\u2019humidit\u00e9 remontera \u00e0 93 %, favorisant la formation de brouillards localis\u00e9s dans les vall\u00e9es de la S\u00e8vre et de la Loire. Les automobilistes devront anticiper une visibilit\u00e9 r\u00e9duite au lever du jour suivant.<\/p>\n<p>Ce refroidissement rapide accentuera le rayonnement nocturne : il est pr\u00e9f\u00e9rable de programmer son chauffage \u00e0 19 \u00b0C maximum pour limiter la facture et les \u00e9missions. Les isolations r\u00e9centes offrent un gain pouvant aller jusqu\u2019\u00e0 30 % selon l\u2019Ademe.<\/p>\n<p>Tendance g\u00e9n\u00e9rale pour dimanche 14 d\u00e9cembre<\/p>\n<p>L\u2019anticyclone se maintiendra tandis que l\u2019air pivotera au Sud-Est. La plage thermique attendue s\u2019\u00e9tablira entre <b>6 \u00b0C<\/b> au petit matin et <b>13 \u00b0C<\/b> l\u2019apr\u00e8s-midi. Le vent restera stable autour de 15 km\/h, toujours sans pluie.<\/p>\n<p>Le ressenti minimal sera de 4 \u00b0C \u00e0 l\u2019aube, puis la douceur s\u2019installera pour les march\u00e9s de No\u00ebl. Les routeurs plaisanciers profiteront d\u2019un \u00e9tal de mar\u00e9e calme, mais la vigilance face au brouillard restera de mise entre 06 h et 09 h.<\/p>\n<p>Pour visualiser l\u2019\u00e9volution jusqu\u2019aux f\u00eates, consultez <a href=\"https:\/\/www.meteocity.com\/france\/nantes-v2990969\/meteo-15-jours\" target=\"_blank\" rel=\"noopener\">nos pr\u00e9visions \u00e0 15 jours<\/a>.<\/p>\n<p>La pression devrait osciller autour de 1024 hPa, confirmant la stabilit\u00e9. Les climatologues de l\u2019IPCC associent ces r\u00e9gimes anticycloniques plus fr\u00e9quents \u00e0 un jet-stream ralenti par le r\u00e9chauffement arctique : cons\u00e9quence directe, des nuits plus froides mais des journ\u00e9es plus s\u00e8ches.<\/p>\n","protected":false},"excerpt":{"rendered":"\u00c0 Nantes, la journ\u00e9e de samedi sera marqu\u00e9e par de l\u00e9g\u00e8res \u00e9claircies, une douceur relative avec des temp\u00e9ratures&hellip;\n","protected":false},"author":2,"featured_media":598186,"comment_status":"","ping_status":"","sticky":false,"template":"","format":"standard","meta":{"footnotes":""},"categories":[2818],"tags":[1111,11,1777,674,1011,27,766,12,2636,25],"class_list":{"0":"post-598185","1":"post","2":"type-post","3":"status-publish","4":"format-standard","5":"has-post-thumbnail","7":"category-nantes","8":"tag-actu","9":"tag-actualites","10":"tag-eu","11":"tag-europe","12":"tag-fr","13":"tag-france","14":"tag-nantes","15":"tag-news","16":"tag-pays-de-la-loire","17":"tag-republique-francaise"},"share_on_mastodon":{"url":"https:\/\/pubeurope.com\/@fr\/115716591597972642","error":""},"_links":{"self":[{"href":"https:\/\/www.europesays.com\/fr\/wp-json\/wp\/v2\/posts\/598185","targetHints":{"allow":["GET"]}}],"collection":[{"href":"https:\/\/www.europesays.com\/fr\/wp-json\/wp\/v2\/posts"}],"about":[{"href":"https:\/\/www.europesays.com\/fr\/wp-json\/wp\/v2\/types\/post"}],"author":[{"embeddable":true,"href":"https:\/\/www.europesays.com\/fr\/wp-json\/wp\/v2\/users\/2"}],"replies":[{"embeddable":true,"href":"https:\/\/www.europesays.com\/fr\/wp-json\/wp\/v2\/comments?post=598185"}],"version-history":[{"count":0,"href":"https:\/\/www.europesays.com\/fr\/wp-json\/wp\/v2\/posts\/598185\/revisions"}],"wp:featuredmedia":[{"embeddable":true,"href":"https:\/\/www.europesays.com\/fr\/wp-json\/wp\/v2\/media\/598186"}],"wp:attachment":[{"href":"https:\/\/www.europesays.com\/fr\/wp-json\/wp\/v2\/media?parent=598185"}],"wp:term":[{"taxonomy":"category","embeddable":true,"href":"https:\/\/www.europesays.com\/fr\/wp-json\/wp\/v2\/categories?post=598185"},{"taxonomy":"post_tag","embeddable":true,"href":"https:\/\/www.europesays.com\/fr\/wp-json\/wp\/v2\/tags?post=598185"}],"curies":[{"name":"wp","href":"https:\/\/api.w.org\/{rel}","templated":true}]}}