{"id":598187,"date":"2025-12-14T06:50:15","date_gmt":"2025-12-14T06:50:15","guid":{"rendered":"https:\/\/www.europesays.com\/fr\/598187\/"},"modified":"2025-12-14T06:50:15","modified_gmt":"2025-12-14T06:50:15","slug":"restaure-avec-de-largent-public-et-des-dons-ce-presbytere-de-gironde-va-etre-vendu-cest-un-scandale","status":"publish","type":"post","link":"https:\/\/www.europesays.com\/fr\/598187\/","title":{"rendered":"Restaur\u00e9 avec de l\u2019argent public et des dons, ce presbyt\u00e8re de Gironde va \u00eatre vendu : \u00ab\u00a0C\u2019est un scandale\u00a0\u00bb"},"content":{"rendered":"<p>                    Par<br \/>\n        <strong><br \/>\n            <a href=\"https:\/\/actu.fr\/auteur\/julian-doubax\" title=\"Consulter tous les articles de Julian Doubax\" target=\"_blank\" rel=\"noopener\">Julian Doubax<\/a><br \/>\n                    <\/strong><\/p>\n<p>        Publi\u00e9 le<\/p>\n<p>            14 d\u00e9c. 2025 \u00e0 6h54        <\/p>\n<p>C\u2019est <strong>une vente qui ne passe pas<\/strong>. \u00c0 <a href=\"https:\/\/actu.fr\/nouvelle-aquitaine\/tresses_33535\" target=\"_blank\" rel=\"noopener\">Tresses<\/a>, ville d\u2019environ 5\u2009000 \u00e2mes \u00e0 l\u2019est de Bordeaux, la mairie a pris la d\u00e9cision de vendre des biens communaux au bailleur social <a href=\"https:\/\/actu.fr\/tag\/gironde-habitat\" target=\"_blank\" rel=\"noopener\">Gironde Habitat<\/a>. Le <strong>presbyt\u00e8re<\/strong>, b\u00e2timent embl\u00e9matique du 19\u00e8me si\u00e8cle, se trouve dans le lot alors qu\u2019il a \u00e9t\u00e9 r\u00e9nov\u00e9 r\u00e9cemment avec de l\u2019argent public et des dons. Une \u00ab<strong>\u2009trahison morale<\/strong>\u2009\u00bb pour l\u2019opposition qui d\u00e9nonce cette transaction et veut tenter de l\u2019emp\u00eacher.<\/p>\n<p>Une transformation en logements sociaux<\/p>\n<p class=\" wall-content\">La nouvelle a \u00e9t\u00e9 apprise en conseil municipal d\u00e9but octobre. Cette vente concerne 15 logements et local commercial dont trois appartements se situant dans le presbyt\u00e8re. M\u00eame si les salles paroissiales restent communales, l\u2019opposition <strong>ne d\u00e9col\u00e8re pas<\/strong>.<\/p>\n<p class=\" wall-content\">\u00ab\u2009Vendre des appartements \u00e0 un bailleur, il n\u2019y a pas de probl\u00e8me mais le presbyt\u00e8re est un b\u00e2timent embl\u00e9matique pour les Tressois et Tressoises qui a \u00e9t\u00e9 acquis via des donations. On a la sensation qu\u2019on <strong>vend des bijoux de famille<\/strong>\u2009\u00bb, fustige Dominique Lacour, \u00e9lu d\u2019opposition qui a lanc\u00e9 une <a href=\"https:\/\/www.change.org\/p\/pour-que-le-presbyt%C3%A8re-de-tresses-reste-un-bien-communal\" target=\"_blank\" rel=\"noopener\">p\u00e9tition<\/a> pour s\u2019opposer \u00e0 ce projet.<\/p>\n<p class=\" wall-content\">La <strong>frustration<\/strong> est encore plus grande car l\u2019\u00e9difice religieux a \u00e9t\u00e9 r\u00e9nov\u00e9 en 2019 gr\u00e2ce \u00e0 de <strong>l\u2019argent public<\/strong> et des <strong>dons<\/strong> de paroissiens. Plus de 150\u2009000\u00a0euros de subventions venant de la R\u00e9gion, du <a href=\"https:\/\/actu.fr\/nouvelle-aquitaine\/bordeaux_33063\/face-a-un-deficit-inedit-le-departement-de-la-gironde-presente-un-plan-d-economies-drastiques_63515068.html\" target=\"_blank\" rel=\"noopener\">D\u00e9partement<\/a>, de communes voisines ou de fondations ainsi que 25\u2009000\u00a0euros de 160 fid\u00e8les ont permis de le restaurer enti\u00e8rement pour un montant total de 395\u2009958\u00a0euros.<\/p>\n<p class=\" wall-content\">Pourtant, six ans plus tard, cette maison curiale est en passe d\u2019\u00eatre c\u00e9d\u00e9e pour 429\u2009000\u00a0euros. \u00ab\u2009Vendre un b\u00e2timent dans un excellent \u00e9tat \u00e0 ce prix-l\u00e0, c\u2019est presque une vente \u00e0 perte. Puis des gens ont pay\u00e9 pour le restaurer. Ils se sentent flou\u00e9s et c\u2019est un scandale\u2009\u00bb, souffle Axelle Balguerie, \u00e9galement \u00e9lue d\u2019opposition \u00e0 Tresses qui pointe du doigt le cas de la maison Della Libera.<\/p>\n<p class=\" wall-content\">Cette <a href=\"https:\/\/actu.fr\/nouvelle-aquitaine\/talence_33522\/squattee-ou-abandonnee-depuis-plusieurs-annees-que-se-passe-t-il-dans-cette-maison-pres-de-bordeaux_63302266.html\" target=\"_blank\" rel=\"noopener\">b\u00e2tisse<\/a> avait \u00e9t\u00e9 transform\u00e9e en deux logements distincts en 2023 pour 361\u2009000\u00a0euros mais Gironde Habitat pourrait l\u2019acqu\u00e9rir pour 345\u2009000\u00a0euros. \u00ab\u2009Comment peut-on vendre ce bien <strong>moins cher<\/strong> que le prix des travaux\u2009? La municipalit\u00e9 explique que les loyers per\u00e7us compensent le d\u00e9ficit mais cela ne suffit pas.\u2009\u00bb<\/p>\n<p>Une commune aux finances saines<\/p>\n<p class=\" wall-content\">Du c\u00f4t\u00e9 de l\u2019opposition, les \u00e9lus se questionnent sur l\u2019int\u00e9r\u00eat de cette transaction. \u00ab\u00a0La municipalit\u00e9 se vante d\u2019\u00eatre en bonne sant\u00e9 financi\u00e8re\u00a0\u00bb, assure Axelle Balguerie. Si nous \u00e9tions endett\u00e9s et que les b\u00e2timents \u00e9taient d\u00e9labr\u00e9s, je pourrais comprendre mais l\u00e0 ce n\u2019est pas le cas.\u00a0\u00bb<\/p>\n<p>Votre r\u00e9gion, votre actu !<\/p>\n<p>Recevez chaque jour les infos qui comptent pour vous.<\/p>\n<p>\t<a href=\"https:\/\/actu.fr\/newsletter\" class=\"ac-btn ac-btn--corner ac-btn--medium ac-btn--blue800\" target=\"_blank\" rel=\"noopener\">S&rsquo;incrire<\/a><\/p>\n<p class=\" wall-content\">La mairie de Tresses d\u00e9fend un choix \u00ab\u2009guid\u00e9 par la responsabilit\u00e9 financi\u00e8re\u2009\u00bb dans un contexte de \u00ab\u2009baisse de donations et subventions\u2009\u00bb. Cette vente, constituant une \u00ab\u2009op\u00e9ration positive\u2009\u00bb, va permettre de soutenir des \u00ab\u2009investissements d\u2019int\u00e9r\u00eat g\u00e9n\u00e9ral\u2009\u00bb comme la cr\u00e9ation <strong>p\u00f4le \u00e9ducatif<\/strong>, des am\u00e9nagements cyclables et la r\u00e9habilitation du patrimoine communal.<\/p>\n<p class=\" wall-content\">Une justification qui n\u2019est pas forc\u00e9ment au go\u00fbt de l\u2019opposition. \u00ab\u2009Cr\u00e9er un p\u00f4le scolaire alors qu\u2019une \u00e9cole vient d\u2019\u00eatre construite et que toutes les classes ne sont pas remplies\u2009\u00bb, s\u2019interroge Axelle Balguerie.<\/p>\n<p class=\" wall-content\">Prochainement, un <strong>recours gracieux<\/strong> va \u00eatre d\u00e9pos\u00e9 devant la mairie de Tresses pour \u00e9chapper la vente du presbyt\u00e8re. \u00ab\u2009Toute une <strong>communaut\u00e9 catholique<\/strong> de la ville et des alentours tient \u00e0 cet \u00e9difice. Si on ne peut pas arr\u00eater toutes ces transactions, essayons au moins de stopper celle-ci.\u2009\u00bb<\/p>\n<p class=\" wall-content\">Personnalisez votre actualit\u00e9 en ajoutant vos villes et m\u00e9dias en favori avec <a href=\"https:\/\/moncompte.actu.fr\" title=\"D\u00e9couvez Mon Actu\" rel=\"nofollow noopener\" data-trk=\"{&quot;cta&quot;:{&quot;action&quot;:&quot;https:\\\/\\\/moncompte.actu.fr&quot;,&quot;category&quot;:&quot;mon compte&quot;,&quot;from&quot;:&quot;article footer&quot;,&quot;name&quot;:&quot;Mon actu&quot;,&quot;type&quot;:&quot;cta&quot;}}\" target=\"_blank\">Mon Actu<\/a>.<\/p>\n","protected":false},"excerpt":{"rendered":"Par Julian Doubax Publi\u00e9 le 14 d\u00e9c. 2025 \u00e0 6h54 C\u2019est une vente qui ne passe pas. \u00c0&hellip;\n","protected":false},"author":2,"featured_media":598188,"comment_status":"","ping_status":"","sticky":false,"template":"","format":"standard","meta":{"footnotes":""},"categories":[2817],"tags":[1111,11,1997,1777,674,1011,27,71080,6459,12,2219,2551,25,104],"class_list":{"0":"post-598187","1":"post","2":"type-post","3":"status-publish","4":"format-standard","5":"has-post-thumbnail","7":"category-bordeaux","8":"tag-actu","9":"tag-actualites","10":"tag-bordeaux","11":"tag-eu","12":"tag-europe","13":"tag-fr","14":"tag-france","15":"tag-gironde-habitat","16":"tag-logements-sociaux","17":"tag-news","18":"tag-nouvelle-aquitaine","19":"tag-patrimoine","20":"tag-republique-francaise","21":"tag-societe"},"share_on_mastodon":{"url":"https:\/\/pubeurope.com\/@fr\/115716595777202165","error":""},"_links":{"self":[{"href":"https:\/\/www.europesays.com\/fr\/wp-json\/wp\/v2\/posts\/598187","targetHints":{"allow":["GET"]}}],"collection":[{"href":"https:\/\/www.europesays.com\/fr\/wp-json\/wp\/v2\/posts"}],"about":[{"href":"https:\/\/www.europesays.com\/fr\/wp-json\/wp\/v2\/types\/post"}],"author":[{"embeddable":true,"href":"https:\/\/www.europesays.com\/fr\/wp-json\/wp\/v2\/users\/2"}],"replies":[{"embeddable":true,"href":"https:\/\/www.europesays.com\/fr\/wp-json\/wp\/v2\/comments?post=598187"}],"version-history":[{"count":0,"href":"https:\/\/www.europesays.com\/fr\/wp-json\/wp\/v2\/posts\/598187\/revisions"}],"wp:featuredmedia":[{"embeddable":true,"href":"https:\/\/www.europesays.com\/fr\/wp-json\/wp\/v2\/media\/598188"}],"wp:attachment":[{"href":"https:\/\/www.europesays.com\/fr\/wp-json\/wp\/v2\/media?parent=598187"}],"wp:term":[{"taxonomy":"category","embeddable":true,"href":"https:\/\/www.europesays.com\/fr\/wp-json\/wp\/v2\/categories?post=598187"},{"taxonomy":"post_tag","embeddable":true,"href":"https:\/\/www.europesays.com\/fr\/wp-json\/wp\/v2\/tags?post=598187"}],"curies":[{"name":"wp","href":"https:\/\/api.w.org\/{rel}","templated":true}]}}