{"id":598195,"date":"2025-12-14T06:57:42","date_gmt":"2025-12-14T06:57:42","guid":{"rendered":"https:\/\/www.europesays.com\/fr\/598195\/"},"modified":"2025-12-14T06:57:42","modified_gmt":"2025-12-14T06:57:42","slug":"ligue-europa-lille-reduit-a-10-a-la-32e-minute-chute-1-0-face-aux-young-boys-de-berne","status":"publish","type":"post","link":"https:\/\/www.europesays.com\/fr\/598195\/","title":{"rendered":"Ligue Europa\u00a0: Lille, r\u00e9duit \u00e0 10 \u00e0 la 32e minute, chute 1-0 face aux Young Boys de Berne"},"content":{"rendered":"<p>\u00c0 Berne ce jeudi pour la 6e journ\u00e9e de Ligue Europa, le LOSC s&rsquo;est inclin\u00e9 logiquement 1 but \u00e0 0 sur un but du Suisse Male. Les Lillois jouaient \u00e0 10 depuis la 32e minute et l&rsquo;expulsion de Bouaddi. Lille rate l&rsquo;occasion d&rsquo;entrer dans le top 8, synonyme de qualification directe pour les 8\u1d49 de finale.<\/p>\n<p>Les affaires se compliquent s\u00e9rieusement pour le LOSC en Ligue Europa. Lille s&rsquo;est inclin\u00e9 devant les Young Boys de Berne, 1 but \u00e0 0, lors d&rsquo;un match de la 6e journ\u00e9e ce jeudi. Cette <strong>troisi\u00e8me d\u00e9faite en six rencontres<\/strong> rend de plus en plus al\u00e9atoire la conqu\u00eate d&rsquo;une place dans le Top 8, synonyme de qualification directe pour les 8\u1d49 de finale de la Ligue Europa.<\/p>\n<p>Un 6e penalty stopp\u00e9 par \u00d6zer qui ne sert \u00e0 rien<\/p>\n<p>On pensait pourtant Lille dans un bon soir quand, \u00e0 la 35\u1d49 minute, le gardien turc Berke \u00d6zer a stopp\u00e9 un penalty, le\u00a06e cette saison. Un penalty conc\u00e9d\u00e9 suite \u00e0 une faute d&rsquo;antijeu de Bouaddi dans la surface de r\u00e9paration sur l&rsquo;ancien Dogue, Virginius, tr\u00e8s remuant ce jeudi soir. \u00d6zer est, dans un premier temps, parti du bon c\u00f4t\u00e9 sur la tentative pied gauche de B\u00e9dia, avant de se relever rapidement pour d\u00e9vier la frappe \u00e0 bout portant au premier poteau de l&rsquo;incontournable Virginius.<\/p>\n<p>Revivez le match minute par minute <\/p>\n<p>loading<\/p>\n<p>loading<\/p>\n<p>loading<\/p>\n","protected":false},"excerpt":{"rendered":"\u00c0 Berne ce jeudi pour la 6e journ\u00e9e de Ligue Europa, le LOSC s&rsquo;est inclin\u00e9 logiquement 1 but&hellip;\n","protected":false},"author":2,"featured_media":598196,"comment_status":"","ping_status":"","sticky":false,"template":"","format":"standard","meta":{"footnotes":""},"categories":[2815],"tags":[1111,11,1777,674,1011,27,811,1307,12,25],"class_list":{"0":"post-598195","1":"post","2":"type-post","3":"status-publish","4":"format-standard","5":"has-post-thumbnail","7":"category-lille","8":"tag-actu","9":"tag-actualites","10":"tag-eu","11":"tag-europe","12":"tag-fr","13":"tag-france","14":"tag-hauts-de-france","15":"tag-lille","16":"tag-news","17":"tag-republique-francaise"},"share_on_mastodon":{"url":"https:\/\/pubeurope.com\/@fr\/115716623145040456","error":""},"_links":{"self":[{"href":"https:\/\/www.europesays.com\/fr\/wp-json\/wp\/v2\/posts\/598195","targetHints":{"allow":["GET"]}}],"collection":[{"href":"https:\/\/www.europesays.com\/fr\/wp-json\/wp\/v2\/posts"}],"about":[{"href":"https:\/\/www.europesays.com\/fr\/wp-json\/wp\/v2\/types\/post"}],"author":[{"embeddable":true,"href":"https:\/\/www.europesays.com\/fr\/wp-json\/wp\/v2\/users\/2"}],"replies":[{"embeddable":true,"href":"https:\/\/www.europesays.com\/fr\/wp-json\/wp\/v2\/comments?post=598195"}],"version-history":[{"count":0,"href":"https:\/\/www.europesays.com\/fr\/wp-json\/wp\/v2\/posts\/598195\/revisions"}],"wp:featuredmedia":[{"embeddable":true,"href":"https:\/\/www.europesays.com\/fr\/wp-json\/wp\/v2\/media\/598196"}],"wp:attachment":[{"href":"https:\/\/www.europesays.com\/fr\/wp-json\/wp\/v2\/media?parent=598195"}],"wp:term":[{"taxonomy":"category","embeddable":true,"href":"https:\/\/www.europesays.com\/fr\/wp-json\/wp\/v2\/categories?post=598195"},{"taxonomy":"post_tag","embeddable":true,"href":"https:\/\/www.europesays.com\/fr\/wp-json\/wp\/v2\/tags?post=598195"}],"curies":[{"name":"wp","href":"https:\/\/api.w.org\/{rel}","templated":true}]}}