{"id":598200,"date":"2025-12-14T07:04:16","date_gmt":"2025-12-14T07:04:16","guid":{"rendered":"https:\/\/www.europesays.com\/fr\/598200\/"},"modified":"2025-12-14T07:04:16","modified_gmt":"2025-12-14T07:04:16","slug":"en-images-ces-anciens-de-lamour-est-dans-le-pre-inaugurent-la-deuxieme-edition-de-leur-marche-de-noel-a-lest-de-lyon","status":"publish","type":"post","link":"https:\/\/www.europesays.com\/fr\/598200\/","title":{"rendered":"En images. Ces anciens de\u00a0L&rsquo;Amour est dans le pr\u00e9\u00a0inaugurent la deuxi\u00e8me \u00e9dition de leur march\u00e9 de No\u00ebl \u00e0 l&rsquo;est de Lyon"},"content":{"rendered":"<p>Ces 13 et 14 d\u00e9cembre, J\u00e9r\u00f4me et Lucile, couple phare de la saison 15 de la c\u00e9l\u00e8bre \u00e9mission L&rsquo;Amour est dans le pr\u00e9,\u00a0lancent la deuxi\u00e8me \u00e9dition de leur march\u00e9 de No\u00ebl sur la commune de Jons, \u00e0 l&rsquo;est de Lyon. Pour cette premi\u00e8re journ\u00e9e, de nombreux invit\u00e9s d&rsquo;anciennes saisons de l&rsquo;\u00e9mission \u00e9taient pr\u00e9sents, le public est, lui aussi, venu en nombre.<\/p>\n","protected":false},"excerpt":{"rendered":"Ces 13 et 14 d\u00e9cembre, J\u00e9r\u00f4me et Lucile, couple phare de la saison 15 de la c\u00e9l\u00e8bre \u00e9mission&hellip;\n","protected":false},"author":2,"featured_media":598201,"comment_status":"","ping_status":"","sticky":false,"template":"","format":"standard","meta":{"footnotes":""},"categories":[1889],"tags":[1111,11,2430,1687,3152,2757,3153,3154,3155,3156,1777,674,107,1011,27,5325,2798,51513,2428,12,25,2429,273,3151,2205],"class_list":{"0":"post-598200","1":"post","2":"type-post","3":"status-publish","4":"format-standard","5":"has-post-thumbnail","7":"category-lyon","8":"tag-actu","9":"tag-actualites","10":"tag-auvergne-rhone-alpes","11":"tag-culture-loisirs","12":"tag-edition-est-lyonnais","13":"tag-edition-lyon-villeurbanne","14":"tag-edition-ouest-lyonnais","15":"tag-edition-sud-lyonnais","16":"tag-edition-tarare","17":"tag-edition-villefranche","18":"tag-eu","19":"tag-europe","20":"tag-fil-info","21":"tag-fr","22":"tag-france","23":"tag-galerie-media","24":"tag-galerie-photo","25":"tag-jons","26":"tag-lyon","27":"tag-news","28":"tag-republique-francaise","29":"tag-rhone","30":"tag-selection-de-la-redaction","31":"tag-selection-de-la-redaction-69","32":"tag-television-medias"},"share_on_mastodon":{"url":"https:\/\/pubeurope.com\/@fr\/115716650756327639","error":""},"_links":{"self":[{"href":"https:\/\/www.europesays.com\/fr\/wp-json\/wp\/v2\/posts\/598200","targetHints":{"allow":["GET"]}}],"collection":[{"href":"https:\/\/www.europesays.com\/fr\/wp-json\/wp\/v2\/posts"}],"about":[{"href":"https:\/\/www.europesays.com\/fr\/wp-json\/wp\/v2\/types\/post"}],"author":[{"embeddable":true,"href":"https:\/\/www.europesays.com\/fr\/wp-json\/wp\/v2\/users\/2"}],"replies":[{"embeddable":true,"href":"https:\/\/www.europesays.com\/fr\/wp-json\/wp\/v2\/comments?post=598200"}],"version-history":[{"count":0,"href":"https:\/\/www.europesays.com\/fr\/wp-json\/wp\/v2\/posts\/598200\/revisions"}],"wp:featuredmedia":[{"embeddable":true,"href":"https:\/\/www.europesays.com\/fr\/wp-json\/wp\/v2\/media\/598201"}],"wp:attachment":[{"href":"https:\/\/www.europesays.com\/fr\/wp-json\/wp\/v2\/media?parent=598200"}],"wp:term":[{"taxonomy":"category","embeddable":true,"href":"https:\/\/www.europesays.com\/fr\/wp-json\/wp\/v2\/categories?post=598200"},{"taxonomy":"post_tag","embeddable":true,"href":"https:\/\/www.europesays.com\/fr\/wp-json\/wp\/v2\/tags?post=598200"}],"curies":[{"name":"wp","href":"https:\/\/api.w.org\/{rel}","templated":true}]}}