{"id":598202,"date":"2025-12-14T07:05:16","date_gmt":"2025-12-14T07:05:16","guid":{"rendered":"https:\/\/www.europesays.com\/fr\/598202\/"},"modified":"2025-12-14T07:05:16","modified_gmt":"2025-12-14T07:05:16","slug":"lyon-cette-nouvelle-brasserie-lyonnaise-moderne-mais-sans-chichi-est-ouverte-7j-7","status":"publish","type":"post","link":"https:\/\/www.europesays.com\/fr\/598202\/","title":{"rendered":"Lyon. Cette nouvelle brasserie lyonnaise moderne mais \u00ab\u00a0sans chichi\u00a0\u00bb est ouverte 7j\/7"},"content":{"rendered":"<p>                    Par<br \/>\n        <strong><br \/>\n            <a href=\"https:\/\/actu.fr\/auteur\/ludivine-caporal\" title=\"Consulter tous les articles de Ludivine Caporal\" target=\"_blank\" rel=\"noopener\">Ludivine Caporal<\/a><br \/>\n                    <\/strong><\/p>\n<p>        Publi\u00e9 le<\/p>\n<p>            14 d\u00e9c. 2025 \u00e0 7h06        <\/p>\n<p>Encens\u00e9 sur les r\u00e9seaux depuis son ouverture d\u00e9but d\u00e9cembre, le restaurant \u00ab\u2009Sauce Poulette\u2009\u00bb semble s\u2019\u00eatre d\u00e9j\u00e0 fait un nom <strong>rue de S\u00e8ze<\/strong>, dans le 6\u1d49 arrondissement de <a href=\"https:\/\/actu.fr\/auvergne-rhone-alpes\/lyon_69123\" target=\"_blank\" rel=\"noopener\">Lyon<\/a>. Le challenge \u00e9tait pourtant de taille puisque cette brasserie lyonnaise \u00ab\u2009sans chichi\u2009\u00bb et sa \u00ab\u2009cuisine d\u2019aujourd\u2019hui\u2009\u00bb se sont tout bonnement install\u00e9es en lieu et place de <a href=\"https:\/\/actu.fr\/auvergne-rhone-alpes\/lyon_69123\/lyon-ce-restaurant-etoile-ferme-definitivement-ses-portes-apres-plus-de-30-ans-d-activite_62935228.html\" target=\"_blank\" rel=\"noopener\">l\u2019ancien \u00e9toil\u00e9 \u00ab\u2009Le Gourmet de S\u00e8ze\u2009\u00bb<\/a>, tenu pendant plus de 30\u00a0ans par le chef Bernard Mariller.<\/p>\n<p>\u00ab\u2009\u00catre un vrai restaurant du quotidien\u2009\u00bb<\/p>\n<p class=\" wall-content\">\u00ab\u2009On ne s\u2019est pas mis de pression puisqu\u2019on ne cherche ni \u00e0 faire la m\u00eame chose ni \u00e0 obtenir l\u2019\u00e9toile, m\u00eame si nos chefs sont issus de restaurants \u00e9toil\u00e9s. Mais on partage tout de m\u00eame certaines valeurs avec Le Gourmet de S\u00e8ze\u2009: une cuisine maison, locale et de saison\u2009\u00bb, pr\u00e9sente fi\u00e8rement Romain, fondateur du restaurant avec son ami d\u2019enfance, Anatole.<\/p>\n<p class=\" wall-content\">C\u2019est donc dans un lieu transform\u00e9 du sol au plafond, avec une d\u00e9coration color\u00e9e, moderne et une cuisine enti\u00e8rement ouverte, que les deux Lyonnais accueillent d\u00e9sormais leurs clients. Et ce 7\u00a0jours sur 7, midi et soir et <strong>toujours avec le sourire.<\/strong><\/p>\n<p class=\" wall-content\">\u00ab\u2009L\u2019id\u00e9e, c\u2019est d\u2019avoir une carte accessible et d\u2019\u00eatre un vrai restaurant du quotidien. Une brasserie sans pr\u00e9tention o\u00f9 tout le monde trouve sa place sur ce qu\u2019il y a \u00e0 manger et \u00e0 boire, avec aussi du v\u00e9g\u00e9tarien et du sans alcool\u2009\u00bb, souligne-t-il.<\/p>\n<p class=\" wall-content\"><a href=\"https:\/\/www.instagram.com\/p\/DRh18C1jGgc\/embed\" title=\"Ouvrir le lien sur Instagram\" target=\"_blank\" rel=\"noopener\">Visualiser le contenu sur Instagram<\/a><\/p>\n<p>P\u00e2t\u00e9 cro\u00fbte, saucisse pur\u00e9e, fromages\u2026<\/p>\n<p class=\" wall-content\">\u00c0 la carte\u2009: des entr\u00e9es typiques mais revisit\u00e9es telles que le p\u00e2t\u00e9 cro\u00fbte ou l\u2019\u0153uf mayo, des plats qui nous replongent en enfance comme la fameuse saucisse pur\u00e9e, une s\u00e9lection de fromages, des desserts maisons ainsi que des gourmandises sal\u00e9es \u00e0 partager.<\/p>\n<p class=\" wall-content\">Comptez<strong> entre 16 et 19\u00a0euros pour un plat<\/strong> et entre 6 et 10\u00a0euros pour un dessert. Si aucune formule n\u2019est propos\u00e9e, un plat du jour et une pi\u00e8ce de viande du moment seront r\u00e9guli\u00e8rement renouvel\u00e9s.<\/p>\n<p class=\" wall-content\">Rendez-vous donc au 125 rue de S\u00e8ze pour vous faire votre propre avis.<\/p>\n<p class=\" wall-content\">Personnalisez votre actualit\u00e9 en ajoutant vos villes et m\u00e9dias en favori avec <a href=\"https:\/\/moncompte.actu.fr\" title=\"D\u00e9couvez Mon Actu\" rel=\"nofollow noopener\" data-trk=\"{&quot;cta&quot;:{&quot;action&quot;:&quot;https:\\\/\\\/moncompte.actu.fr&quot;,&quot;category&quot;:&quot;mon compte&quot;,&quot;from&quot;:&quot;article footer&quot;,&quot;name&quot;:&quot;Mon actu&quot;,&quot;type&quot;:&quot;cta&quot;}}\" target=\"_blank\">Mon Actu<\/a>.<\/p>\n<p>                    <script async src=\"\/\/www.instagram.com\/embed.js\"><\/script><\/p>\n","protected":false},"excerpt":{"rendered":"Par Ludivine Caporal Publi\u00e9 le 14 d\u00e9c. 2025 \u00e0 7h06 Encens\u00e9 sur les r\u00e9seaux depuis son ouverture d\u00e9but&hellip;\n","protected":false},"author":2,"featured_media":598203,"comment_status":"","ping_status":"","sticky":false,"template":"","format":"standard","meta":{"footnotes":""},"categories":[1889],"tags":[1111,11,2430,1777,674,1011,27,1661,1305,2428,12,25,1340],"class_list":{"0":"post-598202","1":"post","2":"type-post","3":"status-publish","4":"format-standard","5":"has-post-thumbnail","7":"category-lyon","8":"tag-actu","9":"tag-actualites","10":"tag-auvergne-rhone-alpes","11":"tag-eu","12":"tag-europe","13":"tag-fr","14":"tag-france","15":"tag-gastronomie","16":"tag-lifestyle","17":"tag-lyon","18":"tag-news","19":"tag-republique-francaise","20":"tag-restaurant"},"share_on_mastodon":{"url":"https:\/\/pubeurope.com\/@fr\/115716654620095223","error":""},"_links":{"self":[{"href":"https:\/\/www.europesays.com\/fr\/wp-json\/wp\/v2\/posts\/598202","targetHints":{"allow":["GET"]}}],"collection":[{"href":"https:\/\/www.europesays.com\/fr\/wp-json\/wp\/v2\/posts"}],"about":[{"href":"https:\/\/www.europesays.com\/fr\/wp-json\/wp\/v2\/types\/post"}],"author":[{"embeddable":true,"href":"https:\/\/www.europesays.com\/fr\/wp-json\/wp\/v2\/users\/2"}],"replies":[{"embeddable":true,"href":"https:\/\/www.europesays.com\/fr\/wp-json\/wp\/v2\/comments?post=598202"}],"version-history":[{"count":0,"href":"https:\/\/www.europesays.com\/fr\/wp-json\/wp\/v2\/posts\/598202\/revisions"}],"wp:featuredmedia":[{"embeddable":true,"href":"https:\/\/www.europesays.com\/fr\/wp-json\/wp\/v2\/media\/598203"}],"wp:attachment":[{"href":"https:\/\/www.europesays.com\/fr\/wp-json\/wp\/v2\/media?parent=598202"}],"wp:term":[{"taxonomy":"category","embeddable":true,"href":"https:\/\/www.europesays.com\/fr\/wp-json\/wp\/v2\/categories?post=598202"},{"taxonomy":"post_tag","embeddable":true,"href":"https:\/\/www.europesays.com\/fr\/wp-json\/wp\/v2\/tags?post=598202"}],"curies":[{"name":"wp","href":"https:\/\/api.w.org\/{rel}","templated":true}]}}