{"id":598212,"date":"2025-12-14T07:11:14","date_gmt":"2025-12-14T07:11:14","guid":{"rendered":"https:\/\/www.europesays.com\/fr\/598212\/"},"modified":"2025-12-14T07:11:14","modified_gmt":"2025-12-14T07:11:14","slug":"rachida-dati-saura-redonner-son-eclat-a-paris","status":"publish","type":"post","link":"https:\/\/www.europesays.com\/fr\/598212\/","title":{"rendered":"\u00ab\u202fRachida Dati saura redonner son \u00e9clat \u00e0 Paris\u202f\u00bb"},"content":{"rendered":"<p><strong>LA TRIBUNE DIMANCHE \u2014 Qui le MoDem a-t-il d\u00e9cid\u00e9 de soutenir lors des \u00e9lections municipales \u00e0 Paris\u2009?<br \/><\/strong><strong>MAUD GATEL \u2014<\/strong>\u00a0Pendant dix-huit mois, nous sommes all\u00e9s \u00e0 la rencontre des Parisiens et avons travaill\u00e9 sur un projet ambitieux et pr\u00e9cis avec une ligne directrice\u2009: la n\u00e9cessit\u00e9 de l\u2019alternance \u00e0 Paris. Sur cette base-l\u00e0, nous avons d\u00e9cid\u00e9 de faire alliance avec <a href=\"https:\/\/www.google.com\/url?client=internal-element-cse&amp;cx=7224492ce357c42ad&amp;q=https:\/\/www.latribune.fr\/article\/la-tribune-dimanche\/politique\/50192254989928\/je-veux-apaiser-paris-rachida-dati-candidate-lr-dans-la-capitale&amp;sa=U&amp;ved=2ahUKEwjapuPf7rqRAxXMT6QEHQu8O9oQFnoECAQQAg&amp;usg=AOvVaw0mBF4rjOdwy0_PCD9a2QEd&amp;fexp=73217441,73217442\" target=\"_blank\" rel=\"noopener\">Rachida Dati<\/a>.<\/p>\n<p>Rachida Dati est celle qui rend possible l\u2019alternance \u00e0 Paris. Je crois profond\u00e9ment qu\u2019aujourd\u2019hui une majorit\u00e9 de Parisiens y aspirent. D\u00e9gradation de l\u2019espace public, fuite des familles, mur budg\u00e9taire, dysfonctionnements tragiques \u00e0 l\u2019aide sociale \u00e0 l\u2019enfance\u2026 Notre capitale n\u2019est plus administr\u00e9e. Paris est un joyau. Maire de Paris, Rachida Dati saura lui redonner son \u00e9clat.<\/p>\n","protected":false},"excerpt":{"rendered":"LA TRIBUNE DIMANCHE \u2014 Qui le MoDem a-t-il d\u00e9cid\u00e9 de soutenir lors des \u00e9lections municipales \u00e0 Paris\u2009?MAUD GATEL&hellip;\n","protected":false},"author":2,"featured_media":598213,"comment_status":"","ping_status":"","sticky":false,"template":"","format":"standard","meta":{"footnotes":""},"categories":[1888],"tags":[17,11,33380,13371,10153,1777,674,1011,27,71082,3102,12539,2759,12,626,23462,19924,33379,53665,25,71083],"class_list":{"0":"post-598212","1":"post","2":"type-post","3":"status-publish","4":"format-standard","5":"has-post-thumbnail","7":"category-paris","8":"tag-17","9":"tag-actualites","10":"tag-dati","11":"tag-eclat","12":"tag-elus","13":"tag-eu","14":"tag-europe","15":"tag-fr","16":"tag-france","17":"tag-gatel","18":"tag-la-tribune-dimanche","19":"tag-maud","20":"tag-modem","21":"tag-news","22":"tag-paris","23":"tag-parisiens","24":"tag-presidente","25":"tag-rachida","26":"tag-redonner","27":"tag-republique-francaise","28":"tag-saura"},"share_on_mastodon":{"url":"https:\/\/pubeurope.com\/@fr\/115716678217841337","error":""},"_links":{"self":[{"href":"https:\/\/www.europesays.com\/fr\/wp-json\/wp\/v2\/posts\/598212","targetHints":{"allow":["GET"]}}],"collection":[{"href":"https:\/\/www.europesays.com\/fr\/wp-json\/wp\/v2\/posts"}],"about":[{"href":"https:\/\/www.europesays.com\/fr\/wp-json\/wp\/v2\/types\/post"}],"author":[{"embeddable":true,"href":"https:\/\/www.europesays.com\/fr\/wp-json\/wp\/v2\/users\/2"}],"replies":[{"embeddable":true,"href":"https:\/\/www.europesays.com\/fr\/wp-json\/wp\/v2\/comments?post=598212"}],"version-history":[{"count":0,"href":"https:\/\/www.europesays.com\/fr\/wp-json\/wp\/v2\/posts\/598212\/revisions"}],"wp:featuredmedia":[{"embeddable":true,"href":"https:\/\/www.europesays.com\/fr\/wp-json\/wp\/v2\/media\/598213"}],"wp:attachment":[{"href":"https:\/\/www.europesays.com\/fr\/wp-json\/wp\/v2\/media?parent=598212"}],"wp:term":[{"taxonomy":"category","embeddable":true,"href":"https:\/\/www.europesays.com\/fr\/wp-json\/wp\/v2\/categories?post=598212"},{"taxonomy":"post_tag","embeddable":true,"href":"https:\/\/www.europesays.com\/fr\/wp-json\/wp\/v2\/tags?post=598212"}],"curies":[{"name":"wp","href":"https:\/\/api.w.org\/{rel}","templated":true}]}}