{"id":598214,"date":"2025-12-14T07:12:12","date_gmt":"2025-12-14T07:12:12","guid":{"rendered":"https:\/\/www.europesays.com\/fr\/598214\/"},"modified":"2025-12-14T07:12:12","modified_gmt":"2025-12-14T07:12:12","slug":"le-cosmonaute-oleg-artemyev-serait-un-espion-russe","status":"publish","type":"post","link":"https:\/\/www.europesays.com\/fr\/598214\/","title":{"rendered":"Le cosmonaute Oleg Artemyev serait un espion Russe ???"},"content":{"rendered":"<p>Un cosmonaute russe \u00e9cart\u00e9 du vol Crew 12 \u00e0 la derni\u00e8re minute. Soup\u00e7onn\u00e9 d&rsquo;avoir photographi\u00e9 des documents secrets de SpaceX, il est accus\u00e9 d&rsquo;une grave violation des r\u00e8gles de s\u00e9curit\u00e9 am\u00e9ricaines.<\/p>\n<p>L&rsquo;actualit\u00e9 spatiale r\u00e9cente, centr\u00e9e autour du prochain vol Crew 12 vers la Station Spatiale Internationale (ISS), a \u00e9t\u00e9 secou\u00e9e <strong>par une affaire de s\u00e9curit\u00e9 inattendue<\/strong>. L&rsquo;astronaute fran\u00e7aise Sophie Adenot, qui s&rsquo;est rendue au CADMOS (Centre d&rsquo;aide au d\u00e9veloppement des activit\u00e9s en micropesanteur et des op\u00e9rations spatiales) \u00e0 Toulouse, avait confirm\u00e9 que le d\u00e9collage \u00e9tait pr\u00e9vu au plus t\u00f4t le 15 f\u00e9vrier prochain, \u00e0 bord d&rsquo;une capsule Crew Dragon de SpaceX. Or, le 2 d\u00e9cembre, l&rsquo;agence spatiale russe Roscosmos a brusquement annonc\u00e9 que le cosmonaute Oleg Artemiev, un membre de l&rsquo;\u00e9quipage, \u00e9tait mut\u00e9 \u00e0 un autre poste.<\/p>\n<p><strong>OLEG ARTEMIEV, UN ESPION RUSSE\u00a0?<\/strong><\/p>\n<p>Ce changement inattendu, si pr\u00e8s de la date de d\u00e9part, a soulev\u00e9 de vives interrogations. Selon le m\u00e9dia russe ind\u00e9pendant The Insider, la raison derri\u00e8re l&rsquo;\u00e9cartement d&rsquo;Artemiev est li\u00e9e <strong>au non-respect des r\u00e8gles am\u00e9ricaines appel\u00e9es ITAR<\/strong>. L&rsquo;ITAR, pour International Traffic in Arms Regulations, est un ensemble de r\u00e9glementations qui vise \u00e0 restreindre la diffusion d&rsquo;informations sensibles afin de garantir la s\u00e9curit\u00e9 des \u00c9tats-Unis. L&rsquo;astronaute russe aurait notamment pris <strong>des photos de documents confidentiels de la firme SpaceX<\/strong>, et m\u00eame des propulseurs du vaisseau, selon les all\u00e9gations.<\/p>\n<p>L&rsquo;affaire est particuli\u00e8rement d\u00e9licate, car Oleg Artemiev est un astronaute de grande exp\u00e9rience, totalisant 560 jours dans l&rsquo;espace apr\u00e8s trois missions, et il est \u00e9galement d\u00e9put\u00e9 \u00e9lu de la Douma, l&rsquo;Assembl\u00e9e de F\u00e9d\u00e9ration de Russie. Le retrait d&rsquo;une personne aussi qualifi\u00e9e, ayant suivi la quasi-totalit\u00e9 de l&rsquo;entra\u00eenement, met \u00e0 la fois Roscosmos et la NASA <strong>dans l&#8217;embarras<\/strong>.<\/p>\n<p><strong>QUI POUR LE REMPLACER\u00a0?<\/strong><\/p>\n<p>Pour pallier cette perte, Roscosmos a choisi <strong>Andrey Fedayev<\/strong> comme rempla\u00e7ant. Bien que Fedayev n&rsquo;ait vol\u00e9 qu&rsquo;une seule fois vers l&rsquo;ISS, cette mission r\u00e9cente (en 2023) s&rsquo;est d\u00e9roul\u00e9e \u00e0 bord d&rsquo;une capsule Crew Dragon de SpaceX. Ce choix assure qu&rsquo;il ma\u00eetrise encore tr\u00e8s bien les proc\u00e9dures sp\u00e9cifiques \u00e0 ce vaisseau am\u00e9ricain. <strong>Ce n&rsquo;est pas la premi\u00e8re fois qu&rsquo;un tel \u00e9v\u00e9nement se produit<\/strong>\u00a0: en 2008, l&rsquo;agence russe avait remplac\u00e9 l&rsquo;astronaute sud-cor\u00e9en Ko San pour avoir enfreint des protocoles de s\u00e9curit\u00e9 sur des documents lors de son entra\u00eenement.<\/p>\n<p>Plus d&rsquo;infos\u00a0<a target=\"_blank\" rel=\"nofollow noopener noreferrer\" class=\"IciLink ici-link IciArticleLink g-ici-body-regular-1 underline brand svelte-1chfe2s\" href=\"https:\/\/www.cite-espace.com\/actualites-spatiales\/le-cosmonaute-russe-oleg-artemyev-ne-partira-pas-avec-sophie-adenot\/\"><strong>par Olivier Sanguy de La Cit\u00e9 de l&rsquo;Espace<\/strong><\/a>.<\/p>\n","protected":false},"excerpt":{"rendered":"Un cosmonaute russe \u00e9cart\u00e9 du vol Crew 12 \u00e0 la derni\u00e8re minute. Soup\u00e7onn\u00e9 d&rsquo;avoir photographi\u00e9 des documents secrets&hellip;\n","protected":false},"author":2,"featured_media":598215,"comment_status":"","ping_status":"","sticky":false,"template":"","format":"standard","meta":{"footnotes":""},"categories":[1591],"tags":[11,1887,12,1885,1886,132],"class_list":{"0":"post-598214","1":"post","2":"type-post","3":"status-publish","4":"format-standard","5":"has-post-thumbnail","7":"category-russie","8":"tag-actualites","9":"tag-federation-de-russie","10":"tag-news","11":"tag-russia","12":"tag-russian-federation","13":"tag-russie"},"share_on_mastodon":{"url":"https:\/\/pubeurope.com\/@fr\/115716682157497359","error":""},"_links":{"self":[{"href":"https:\/\/www.europesays.com\/fr\/wp-json\/wp\/v2\/posts\/598214","targetHints":{"allow":["GET"]}}],"collection":[{"href":"https:\/\/www.europesays.com\/fr\/wp-json\/wp\/v2\/posts"}],"about":[{"href":"https:\/\/www.europesays.com\/fr\/wp-json\/wp\/v2\/types\/post"}],"author":[{"embeddable":true,"href":"https:\/\/www.europesays.com\/fr\/wp-json\/wp\/v2\/users\/2"}],"replies":[{"embeddable":true,"href":"https:\/\/www.europesays.com\/fr\/wp-json\/wp\/v2\/comments?post=598214"}],"version-history":[{"count":0,"href":"https:\/\/www.europesays.com\/fr\/wp-json\/wp\/v2\/posts\/598214\/revisions"}],"wp:featuredmedia":[{"embeddable":true,"href":"https:\/\/www.europesays.com\/fr\/wp-json\/wp\/v2\/media\/598215"}],"wp:attachment":[{"href":"https:\/\/www.europesays.com\/fr\/wp-json\/wp\/v2\/media?parent=598214"}],"wp:term":[{"taxonomy":"category","embeddable":true,"href":"https:\/\/www.europesays.com\/fr\/wp-json\/wp\/v2\/categories?post=598214"},{"taxonomy":"post_tag","embeddable":true,"href":"https:\/\/www.europesays.com\/fr\/wp-json\/wp\/v2\/tags?post=598214"}],"curies":[{"name":"wp","href":"https:\/\/api.w.org\/{rel}","templated":true}]}}