{"id":598216,"date":"2025-12-14T07:13:17","date_gmt":"2025-12-14T07:13:17","guid":{"rendered":"https:\/\/www.europesays.com\/fr\/598216\/"},"modified":"2025-12-14T07:13:17","modified_gmt":"2025-12-14T07:13:17","slug":"trump-envoie-son-emissaire-steve-witkoff-rencontrer-zelensky-et-les-europeens","status":"publish","type":"post","link":"https:\/\/www.europesays.com\/fr\/598216\/","title":{"rendered":"Trump envoie son \u00e9missaire Steve Witkoff rencontrer Zelensky et les Europ\u00e9ens"},"content":{"rendered":"<p>\n    \u00abLe moment offre une opportunit\u00e9 significative (&#8230;). Nous allons travailler de fa\u00e7on aussi active et constructive que possible \u00e0 Berlin ces jours-ci avec tous ceux qui peuvent vraiment faire que l\u2019accord fonctionne\u00bb, a d\u00e9clar\u00e9 le pr\u00e9sident ukrainien samedi soir dans son allocution quotidienne.<\/p>\n<p class=\"fig-paragraph\">L&rsquo;\u00e9missaire am\u00e9ricain\u00a0<a href=\"http:\/\/www.lefigaro.fr\/international\/witkoff-et-kushner-a-moscou-pour-vendre-a-poutine-le-plan-de-paix-de-trump-20251201\" target=\"_blank\" data-fig-type=\"Article\" rel=\"noopener\" data-gtm-custom-categorie=\"navigation\" data-gtm-custom-action=\"crossclick\" data-gtm-custom-label=\"Contextuel\" data-gtm-event=\"customEventSPE\" data-fig-domain=\"LEFIGARO\">Steve Witkoff<\/a>\u00a0arrive \u00e0 Berlin ce week-end pour rencontrer\u00a0<a href=\"http:\/\/www.lefigaro.fr\/international\/voter-maintenant-est-impensable-en-ukraine-zelensky-cherche-seulement-a-preserver-sa-position-selon-l-opposant-hontcharenko-20251213\" target=\"_blank\" data-fig-type=\"Article\" rel=\"noopener\" data-gtm-custom-categorie=\"navigation\" data-gtm-custom-action=\"crossclick\" data-gtm-custom-label=\"Contextuel\" data-gtm-event=\"customEventSPE\" data-fig-domain=\"LEFIGARO\">Volodymyr Zelensky<\/a>\u00a0et des dirigeants europ\u00e9ens, au moment o\u00f9 les \u00c9tats-Unis poussent l&rsquo;Ukraine \u00e0 des concessions majeures pour mettre fin au conflit avec la Russie.<\/p>\n<p class=\"fig-paragraph\">\u00abJ&rsquo;aurai des r\u00e9unions avec des repr\u00e9sentants du pr\u00e9sident Trump et avec nos partenaires europ\u00e9ens, ainsi que de nombreux dirigeants sur la cr\u00e9ation des bases de la paix, d&rsquo;un accord politique pour mettre fin \u00e0 la guerre\u00bb, a d\u00e9clar\u00e9 le pr\u00e9sident ukrainien samedi soir dans son allocution quotidienne. \u00abLe moment offre une opportunit\u00e9 significative (&#8230;). Nous allons travailler de fa\u00e7on aussi active et constructive que possible \u00e0 Berlin ces jours-ci avec tous ceux qui peuvent vraiment faire que l&rsquo;accord fonctionne\u00bb, a-t-il ajout\u00e9. Vendredi soir, un haut responsable de la Maison-Blanche avait confirm\u00e9 la venue en Allemagne de Steve Witkoff. Ce dernier avait \u00e9t\u00e9 re\u00e7u \u00e0 Moscou d\u00e9but d\u00e9cembre.<\/p>\n<p class=\"fig-body-link\">\n            \u00c0 lire aussi<br \/>\n        <a class=\"fig-body-link__link fig-premium-mark\" href=\"http:\/\/www.lefigaro.fr\/international\/services-secrets-americains-russes-europeens-ou-ukrainiens-qui-a-fait-fuiter-l-appel-de-steve-witkoff-conseillant-le-kremlin-20251127\" data-fig-type=\"Article\" data-gtm-custom-categorie=\"navigation\" data-gtm-custom-action=\"crossclick\" data-gtm-custom-label=\"Contextuel\" data-gtm-event=\"customEventSPE\" data-fig-domain=\"LEFIGARO\" target=\"_blank\" rel=\"noopener\"><\/p>\n<p>        Services secrets am\u00e9ricains, russes, europ\u00e9ens ou ukrainiens\u00a0: qui a fait fuiter l\u2019appel de Steve Witkoff conseillant le Kremlin\u00a0?<br \/>\n    <\/a>\n<\/p>\n<p>                                            <a class=\"fig-a11y-skip\" href=\"#fig-a11y-skip-main-inarticle\" data-module=\"a11y-skip\" data-context=\"was @visible\"><br \/>\n    Passer la publicit\u00e9<br \/>\n<\/a>            <\/p>\n<p>                                            Amender le plan am\u00e9ricain et adh\u00e9sion \u00e0 l\u2019UE<\/p>\n<p class=\"fig-paragraph\">Alors que les hostilit\u00e9s se poursuivent, ajoutant de nouvelles victimes aux centaines de milliers de morts et de bless\u00e9s,\u00a0<a href=\"http:\/\/www.lefigaro.fr\/international\/etats-unis-le-revers-de-donald-trump-dans-l-indiana-symbole-de-l-erosion-de-son-autorite-sur-les-republicains-20251213\" target=\"_blank\" data-fig-type=\"Article\" rel=\"noopener\" data-gtm-custom-categorie=\"navigation\" data-gtm-custom-action=\"crossclick\" data-gtm-custom-label=\"Contextuel\" data-gtm-event=\"customEventSPE\" data-fig-domain=\"LEFIGARO\">Donald Trump\u00a0<\/a>a clairement affich\u00e9 son impatience concernant l&rsquo;avanc\u00e9e des discussions autour de son plan visant \u00e0 r\u00e9gler le conflit d\u00e9clench\u00e9 par l&rsquo;invasion russe \u00e0 grande \u00e9chelle de f\u00e9vrier 2022.<\/p>\n<p class=\"fig-paragraph\">Kiev et ses alli\u00e9s cherchent \u00e0 amender le plan am\u00e9ricain d\u00e9voil\u00e9 il y a un mois et jug\u00e9 initialement tr\u00e8s favorable \u00e0 Moscou. Les n\u00e9gociateurs bloquent en particulier sur les questions territoriales, les \u00c9tats-Unis r\u00e9clamant, d\u00e9plore Kiev, d&rsquo;importantes concessions. La Russie a affirm\u00e9 avoir frapp\u00e9 dans la nuit de vendredi \u00e0 samedi des installations industrielles et \u00e9nerg\u00e9tiques ukrainiennes avec des missiles hypersoniques, pr\u00e9sent\u00e9es comme des repr\u00e9sailles \u00e0 des frappes ukrainiennes contre des \u00abcibles civiles\u00bb en Russie.<\/p>\n<p class=\"fig-paragraph\">C\u00f4t\u00e9 ukrainien, le pr\u00e9sident Zelensky a fait \u00e9tat samedi de plus d&rsquo;une douzaine d&rsquo;installations civiles en Ukraine endommag\u00e9es par des frappes russes, privant d&rsquo;\u00e9lectricit\u00e9 des milliers de personnes dans sept r\u00e9gions. Selon Zelensky, Washington veut que les forces ukrainiennes se retirent de la partie de la r\u00e9gion de Donetsk (est de l&rsquo;Ukraine) qu&rsquo;elles contr\u00f4lent encore et qui est cens\u00e9e devenir une \u00abzone \u00e9conomique libre\u00bb d\u00e9militaris\u00e9e, sans demander la m\u00eame chose aux troupes d&rsquo;occupation. En \u00e9change, l&rsquo;arm\u00e9e russe se retirerait de toutes petites zones conquises par elle dans les r\u00e9gions de Soumy, Kharkiv et Dnipropetrovsk (nord, nord-est et centre-est), mais conserverait des territoires plus larges dans celles de Kherson et de Zaporijjia (sud).<\/p>\n<p class=\"fig-body-link\">\n            \u00c0 lire aussi<br \/>\n        <a class=\"fig-body-link__link fig-premium-mark\" href=\"http:\/\/www.lefigaro.fr\/international\/legislatifs-politiques-financiers-ces-obstacles-qui-compliquent-l-organisation-d-une-election-presidentielle-en-ukraine-20251211\" target=\"_blank\" data-fig-type=\"Article\" rel=\"noopener\" data-gtm-custom-categorie=\"navigation\" data-gtm-custom-action=\"crossclick\" data-gtm-custom-label=\"Contextuel\" data-gtm-event=\"customEventSPE\" data-fig-domain=\"LEFIGARO\"><\/p>\n<p>        L\u00e9gislatifs, politiques, financiers&#8230; Ces obstacles qui compliqueraient l\u2019organisation d\u2019une \u00e9lection pr\u00e9sidentielle en Ukraine<br \/>\n    <\/a>\n<\/p>\n<p class=\"fig-paragraph\">Avant toute n\u00e9gociation territoriale, les Europ\u00e9ens et Ukrainiens ont demand\u00e9 aux Am\u00e9ricains des \u00abgaranties de s\u00e9curit\u00e9\u00bb qui seraient pr\u00e9vues en cas de nouvelle offensive russe, a d\u00e9clar\u00e9 la pr\u00e9sidence fran\u00e7aise vendredi. \u00abNous travaillons \u00e0 assurer que la paix doit digne pour l&rsquo;Ukraine et qu&rsquo;il y ait une garantie, la premi\u00e8re et la plus importante, une garantie que la Russie ne revienne pas en Ukraine pour une troisi\u00e8me invasion\u00bb, a soulign\u00e9 Zelensky. Un haut responsable a pour sa part dit \u00e0 l&rsquo;AFP qu&rsquo;une adh\u00e9sion de l&rsquo;Ukraine \u00e0 l&rsquo;Union europ\u00e9enne d\u00e8s 2027 \u00e9tait envisag\u00e9e dans le plan am\u00e9ricain. Une telle adh\u00e9sion, en \u00e0 peine plus d&rsquo;un an, semble cependant peu probable des r\u00e9ticences d&rsquo;\u00c9tats membres de l&rsquo;UE aux relations tendues avec l&rsquo;Ukraine, comme la Hongrie.<\/p>\n<p>                                            Navire en feu<\/p>\n<p class=\"fig-paragraph\">Le temps presse pour Donald Trump, dont la porte-parole a fait savoir jeudi qu&rsquo;\u00abil en (avait) assez des r\u00e9unions qui n&rsquo;ont d&rsquo;autre but que de se r\u00e9unir\u00bb. L&rsquo;Ukraine est dans une passe difficile\u00a0: la pr\u00e9sidence a \u00e9t\u00e9 d\u00e9stabilis\u00e9e par un scandale de corruption impliquant des proches de Zelensky, l&rsquo;arm\u00e9e est en recul sur le front et la population soumise \u00e0 des coupures de courant \u00e0 cause des frappes russes.<\/p>\n<p class=\"fig-body-link\">\n            \u00c0 lire aussi<br \/>\n        <a class=\"fig-body-link__link fig-premium-mark\" href=\"http:\/\/www.lefigaro.fr\/international\/lutte-anti-drones-menaces-hybrides-a-bydgoszcz-au-coeur-de-la-pologne-l-otan-tire-les-enseignements-militaires-de-la-guerre-en-ukraine-20251210\" target=\"_blank\" data-fig-type=\"Article\" rel=\"noopener\" data-gtm-custom-categorie=\"navigation\" data-gtm-custom-action=\"crossclick\" data-gtm-custom-label=\"Contextuel\" data-gtm-event=\"customEventSPE\" data-fig-domain=\"LEFIGARO\"><\/p>\n<p>        Lutte anti-drones, menaces hybrides&#8230;\u00a0\u00c0 Bydgoszcz, au c\u0153ur de la Pologne, l\u2019Otan tire les enseignements militaires de la guerre en Ukraine<br \/>\n    <\/a>\n<\/p>\n<p>                                            <a class=\"fig-a11y-skip\" href=\"#fig-a11y-skip-main-inarticle_mtf\" data-module=\"a11y-skip\" data-context=\"was @visible\"><br \/>\n    Passer la publicit\u00e9<br \/>\n<\/a>            <\/p>\n<p class=\"fig-paragraph\">L&rsquo;arm\u00e9e ukrainienne a cependant affirm\u00e9 avoir repris plusieurs quartiers de la ville-cl\u00e9 de Koupiansk, dans la r\u00e9gion de Kharkiv, ainsi que deux localit\u00e9s proches. Dans le sud, un navire turc a pris feu vendredi apr\u00e8s une frappe a\u00e9rienne russe dans le port de Tchornomorsk, pr\u00e8s d&rsquo;Odessa. Zelensky a d\u00e9nonc\u00e9 cette attaque d&rsquo;un navire civil et promit qu&rsquo;\u00abil y aura une r\u00e9ponse\u00bb. Selon son propri\u00e9taire, l&rsquo;armateur turc Cenk Shipping, le bateau transporte des camions de fruits frais, l\u00e9gumes et denr\u00e9es alimentaires.<\/p>\n<p class=\"fig-paragraph\">\u00abLa mer Noire ne doit pas \u00eatre consid\u00e9r\u00e9e comme une zone de confrontation. Cela ne profiterait ni \u00e0 la Russie ni \u00e0 l&rsquo;Ukraine. Tout le monde a besoin d&rsquo;une navigation s\u00e9curis\u00e9e en mer Noire\u00bb, a r\u00e9agi samedi le pr\u00e9sident turc Recep Tayyip Erdogan. L&rsquo;Ukraine r\u00e9plique aux bombardements russes en envoyant des dizaines de drones quotidiennement vers la Russie, visant en particulier l&rsquo;industrie p\u00e9troli\u00e8re qui permet \u00e0 Moscou de financer la guerre.<\/p>\n","protected":false},"excerpt":{"rendered":"\u00abLe moment offre une opportunit\u00e9 significative (&#8230;). Nous allons travailler de fa\u00e7on aussi active et constructive que possible&hellip;\n","protected":false},"author":2,"featured_media":598217,"comment_status":"","ping_status":"","sticky":false,"template":"","format":"standard","meta":{"footnotes":""},"categories":[1590],"tags":[11,75,1777,674,12,220],"class_list":{"0":"post-598216","1":"post","2":"type-post","3":"status-publish","4":"format-standard","5":"has-post-thumbnail","7":"category-ukraine","8":"tag-actualites","9":"tag-donald-trump","10":"tag-eu","11":"tag-europe","12":"tag-news","13":"tag-ukraine"},"share_on_mastodon":{"url":"https:\/\/pubeurope.com\/@fr\/115716686135261213","error":""},"_links":{"self":[{"href":"https:\/\/www.europesays.com\/fr\/wp-json\/wp\/v2\/posts\/598216","targetHints":{"allow":["GET"]}}],"collection":[{"href":"https:\/\/www.europesays.com\/fr\/wp-json\/wp\/v2\/posts"}],"about":[{"href":"https:\/\/www.europesays.com\/fr\/wp-json\/wp\/v2\/types\/post"}],"author":[{"embeddable":true,"href":"https:\/\/www.europesays.com\/fr\/wp-json\/wp\/v2\/users\/2"}],"replies":[{"embeddable":true,"href":"https:\/\/www.europesays.com\/fr\/wp-json\/wp\/v2\/comments?post=598216"}],"version-history":[{"count":0,"href":"https:\/\/www.europesays.com\/fr\/wp-json\/wp\/v2\/posts\/598216\/revisions"}],"wp:featuredmedia":[{"embeddable":true,"href":"https:\/\/www.europesays.com\/fr\/wp-json\/wp\/v2\/media\/598217"}],"wp:attachment":[{"href":"https:\/\/www.europesays.com\/fr\/wp-json\/wp\/v2\/media?parent=598216"}],"wp:term":[{"taxonomy":"category","embeddable":true,"href":"https:\/\/www.europesays.com\/fr\/wp-json\/wp\/v2\/categories?post=598216"},{"taxonomy":"post_tag","embeddable":true,"href":"https:\/\/www.europesays.com\/fr\/wp-json\/wp\/v2\/tags?post=598216"}],"curies":[{"name":"wp","href":"https:\/\/api.w.org\/{rel}","templated":true}]}}