{"id":598218,"date":"2025-12-14T07:14:13","date_gmt":"2025-12-14T07:14:13","guid":{"rendered":"https:\/\/www.europesays.com\/fr\/598218\/"},"modified":"2025-12-14T07:14:13","modified_gmt":"2025-12-14T07:14:13","slug":"deux-morts-et-huit-blesses-dans-des-tirs-sur-le-campus-dune-universite-a-rhode-island","status":"publish","type":"post","link":"https:\/\/www.europesays.com\/fr\/598218\/","title":{"rendered":"Deux morts et huit bless\u00e9s dans des tirs sur le campus d&rsquo;une universit\u00e9 \u00e0 Rhode Island"},"content":{"rendered":"<p><strong>Au moins deux personnes ont \u00e9t\u00e9 tu\u00e9es et huit autres gri\u00e8vement bless\u00e9es lorsqu&rsquo;un tireur a ouvert le feu samedi sur le campus de l&rsquo;Universit\u00e9 Brown de Providence, dans l&rsquo;Etat am\u00e9ricain du Rhode Island (nord-est), ont indiqu\u00e9 les autorit\u00e9s.<\/strong><\/p>\n<p>Le suspect est activement recherch\u00e9, a affirm\u00e9 le chef adjoint de la police de Providence, Tim O&rsquo;Hara, lors d&rsquo;un point de presse.<\/p>\n<p>La fusillade a eu lieu dans un b\u00e2timent qui abrite les d\u00e9partements d&rsquo;ing\u00e9nierie et de physique o\u00f9 plusieurs examens \u00e9taient pr\u00e9vus samedi apr\u00e8s-midi, a soulign\u00e9 l&rsquo;universit\u00e9.<\/p>\n<p>Brown est une universit\u00e9 priv\u00e9e membre de l&rsquo;Ivy League et l&rsquo;un des plus anciens \u00e9tablissements d&rsquo;enseignement sup\u00e9rieur du pays.<\/p>\n<p>Aucune arme n&rsquo;a \u00e9t\u00e9 retrouv\u00e9e sur les lieux de la fusillade, a ajout\u00e9 O&rsquo;Hara.<\/p>\n<p>Les fusillades demeurent un fl\u00e9au r\u00e9current aux \u00c9tats-Unis, o\u00f9 le droit de poss\u00e9der des armes est garanti par la Constitution.<\/p>\n","protected":false},"excerpt":{"rendered":"Au moins deux personnes ont \u00e9t\u00e9 tu\u00e9es et huit autres gri\u00e8vement bless\u00e9es lorsqu&rsquo;un tireur a ouvert le feu&hellip;\n","protected":false},"author":2,"featured_media":598219,"comment_status":"","ping_status":"","sticky":false,"template":"","format":"standard","meta":{"footnotes":""},"categories":[1589],"tags":[11,73,1866,3832,12,1864,1865,71084,1863,308],"class_list":{"0":"post-598218","1":"post","2":"type-post","3":"status-publish","4":"format-standard","5":"has-post-thumbnail","7":"category-etats-unis","8":"tag-actualites","9":"tag-etats-unis","10":"tag-etats-unis-damerique","11":"tag-fusillade","12":"tag-news","13":"tag-united-states","14":"tag-united-states-of-america","15":"tag-universite-brown","16":"tag-us","17":"tag-usa"},"share_on_mastodon":{"url":"https:\/\/pubeurope.com\/@fr\/115716690189410339","error":""},"_links":{"self":[{"href":"https:\/\/www.europesays.com\/fr\/wp-json\/wp\/v2\/posts\/598218","targetHints":{"allow":["GET"]}}],"collection":[{"href":"https:\/\/www.europesays.com\/fr\/wp-json\/wp\/v2\/posts"}],"about":[{"href":"https:\/\/www.europesays.com\/fr\/wp-json\/wp\/v2\/types\/post"}],"author":[{"embeddable":true,"href":"https:\/\/www.europesays.com\/fr\/wp-json\/wp\/v2\/users\/2"}],"replies":[{"embeddable":true,"href":"https:\/\/www.europesays.com\/fr\/wp-json\/wp\/v2\/comments?post=598218"}],"version-history":[{"count":0,"href":"https:\/\/www.europesays.com\/fr\/wp-json\/wp\/v2\/posts\/598218\/revisions"}],"wp:featuredmedia":[{"embeddable":true,"href":"https:\/\/www.europesays.com\/fr\/wp-json\/wp\/v2\/media\/598219"}],"wp:attachment":[{"href":"https:\/\/www.europesays.com\/fr\/wp-json\/wp\/v2\/media?parent=598218"}],"wp:term":[{"taxonomy":"category","embeddable":true,"href":"https:\/\/www.europesays.com\/fr\/wp-json\/wp\/v2\/categories?post=598218"},{"taxonomy":"post_tag","embeddable":true,"href":"https:\/\/www.europesays.com\/fr\/wp-json\/wp\/v2\/tags?post=598218"}],"curies":[{"name":"wp","href":"https:\/\/api.w.org\/{rel}","templated":true}]}}