{"id":598220,"date":"2025-12-14T07:15:30","date_gmt":"2025-12-14T07:15:30","guid":{"rendered":"https:\/\/www.europesays.com\/fr\/598220\/"},"modified":"2025-12-14T07:15:30","modified_gmt":"2025-12-14T07:15:30","slug":"le-royaume-uni-vient-de-connaitre-la-plus-longue-periode-sans-arrivees-de-migrants-par-la-manche-depuis-2018","status":"publish","type":"post","link":"https:\/\/www.europesays.com\/fr\/598220\/","title":{"rendered":"Le Royaume-Uni\u00a0vient de conna\u00eetre la plus longue p\u00e9riode sans arriv\u00e9es de migrants par la Manche depuis\u00a02018"},"content":{"rendered":"<p>Un chiffre qui ne refl\u00e8te pas la tendance de l\u2019ann\u00e9e. Le <a href=\"https:\/\/www.20minutes.fr\/monde\/royaume-uni\/\" class=\"c-link c-link--is-underlined\" target=\"_blank\" rel=\"noopener\">Royaume-Uni<\/a> a enregistr\u00e9 sa plus longue p\u00e9riode sans arriv\u00e9es de <a href=\"https:\/\/www.20minutes.fr\/dossier\/migrants\" class=\"c-link c-link--is-underlined\" target=\"_blank\" rel=\"noopener\">migrants <\/a>ayant travers\u00e9 la <a href=\"https:\/\/www.20minutes.fr\/manche-mer\/\" class=\"c-link c-link--is-underlined\" target=\"_blank\" rel=\"noopener\">Manche <\/a>dans des embarcations de fortune depuis sept ans, selon des chiffres officiels publi\u00e9s samedi. Les derni\u00e8res travers\u00e9es remontent au 14\u00a0novembre, selon ces chiffres publi\u00e9s par le minist\u00e8re de l\u2019Int\u00e9rieur, marquant ainsi la plus longue p\u00e9riode ininterrompue sans arriv\u00e9es de migrants depuis l\u2019automne\u00a02018.<\/p>\n<\/p>\n<p>Sur l\u2019ann\u00e9e toutefois, la tendance est diff\u00e9rente. Depuis le 1er\u00a0janvier, 39.292 personnes sont arriv\u00e9es au Royaume-Uni \u00e0 bord de petites embarcations, un chiffre qui d\u00e9passe celui de l\u2019ann\u00e9e\u00a02024 (36.816). Ces chiffres restent pour l\u2019instant en de\u00e7\u00e0 de ceux enregistr\u00e9s en\u00a02022 (45.774 arriv\u00e9es), ann\u00e9e record depuis le d\u00e9but du ph\u00e9nom\u00e8ne en\u00a02018.<\/p>\n<p>Un sujet qui p\u00e8se lourd dans le pays<\/p>\n<p>Le Premier ministre travailliste <a href=\"https:\/\/www.20minutes.fr\/monde\/keir-starmer\/\" class=\"c-link c-link--is-underlined\" target=\"_blank\" rel=\"noopener\">Keir Starmer<\/a>, qui a promis de \u00ab\u00a0d\u00e9truire les gangs\u00a0\u00bb de passeurs, tente en vain de faire baisser le nombre de migrants qui arrivent sur le sol britannique, un sujet qui alimente la mont\u00e9e en puissance du parti d\u2019extr\u00eame droite Reform UK.<\/p>\n<p>Pour tenter de faire baisser l\u2019immigration irr\u00e9guli\u00e8re, Londres a conclu cet \u00e9t\u00e9 un accord avec Paris qui consiste \u00e0 renvoyer en France des migrants arriv\u00e9s au Royaume-Uni \u00e0 bord d\u2019embarcations pr\u00e9caires. En \u00e9change de l\u2019accueil par le Royaume-Uni de migrants se trouvant en France, sur le principe du \u00ab\u00a0un pour un\u00a0\u00bb.<\/p>\n","protected":false},"excerpt":{"rendered":"Un chiffre qui ne refl\u00e8te pas la tendance de l\u2019ann\u00e9e. Le Royaume-Uni a enregistr\u00e9 sa plus longue p\u00e9riode&hellip;\n","protected":false},"author":2,"featured_media":598221,"comment_status":"","ping_status":"","sticky":false,"template":"","format":"standard","meta":{"footnotes":""},"categories":[1588],"tags":[47,11,1777,674,6734,35896,1251,74,12,473,1853,1851,1850,1852],"class_list":{"0":"post-598220","1":"post","2":"type-post","3":"status-publish","4":"format-standard","5":"has-post-thumbnail","7":"category-royaume-uni","8":"tag-actualite","9":"tag-actualites","10":"tag-eu","11":"tag-europe","12":"tag-immigration-clandestine","13":"tag-manche-mer","14":"tag-migrants","15":"tag-monde","16":"tag-news","17":"tag-royaume-uni","18":"tag-royaume-uni-de-grande-bretagne-et-dirlande-du-nord","19":"tag-uk","20":"tag-united-kingdom","21":"tag-united-kingdom-of-great-britain-and-northern-ireland"},"share_on_mastodon":{"url":"https:\/\/pubeurope.com\/@fr\/115716694009735538","error":""},"_links":{"self":[{"href":"https:\/\/www.europesays.com\/fr\/wp-json\/wp\/v2\/posts\/598220","targetHints":{"allow":["GET"]}}],"collection":[{"href":"https:\/\/www.europesays.com\/fr\/wp-json\/wp\/v2\/posts"}],"about":[{"href":"https:\/\/www.europesays.com\/fr\/wp-json\/wp\/v2\/types\/post"}],"author":[{"embeddable":true,"href":"https:\/\/www.europesays.com\/fr\/wp-json\/wp\/v2\/users\/2"}],"replies":[{"embeddable":true,"href":"https:\/\/www.europesays.com\/fr\/wp-json\/wp\/v2\/comments?post=598220"}],"version-history":[{"count":0,"href":"https:\/\/www.europesays.com\/fr\/wp-json\/wp\/v2\/posts\/598220\/revisions"}],"wp:featuredmedia":[{"embeddable":true,"href":"https:\/\/www.europesays.com\/fr\/wp-json\/wp\/v2\/media\/598221"}],"wp:attachment":[{"href":"https:\/\/www.europesays.com\/fr\/wp-json\/wp\/v2\/media?parent=598220"}],"wp:term":[{"taxonomy":"category","embeddable":true,"href":"https:\/\/www.europesays.com\/fr\/wp-json\/wp\/v2\/categories?post=598220"},{"taxonomy":"post_tag","embeddable":true,"href":"https:\/\/www.europesays.com\/fr\/wp-json\/wp\/v2\/tags?post=598220"}],"curies":[{"name":"wp","href":"https:\/\/api.w.org\/{rel}","templated":true}]}}