{"id":598222,"date":"2025-12-14T07:16:20","date_gmt":"2025-12-14T07:16:20","guid":{"rendered":"https:\/\/www.europesays.com\/fr\/598222\/"},"modified":"2025-12-14T07:16:20","modified_gmt":"2025-12-14T07:16:20","slug":"allemagne-cinq-personnes-suspectees-de-preparer-un-attentat-sur-un-marche-de-noel-interpellees","status":"publish","type":"post","link":"https:\/\/www.europesays.com\/fr\/598222\/","title":{"rendered":"Allemagne\u00a0: cinq personnes suspect\u00e9es de pr\u00e9parer un attentat sur un march\u00e9 de No\u00ebl interpell\u00e9es"},"content":{"rendered":"<p>Les arrestations ont eu lieu vendredi et les cinq hommes ont \u00e9t\u00e9 pr\u00e9sent\u00e9s samedi au juge d\u2019instruction.\u00a0L\u2019homme de 56 ans est imam dans une mosqu\u00e9e dans les environs de la ville de Dingolfing-Landau, pr\u00e8s de Munich, selon le tablo\u00efd Bild.<\/p>\n<p>Selon les autorit\u00e9s, il est soup\u00e7onn\u00e9 d\u2019avoir appel\u00e9 \u00e0 viser un march\u00e9 en \u00ab\u00a0utilisant un v\u00e9hicule pour tuer ou blesser autant de personnes que possible\u00a0\u00bb.<\/p>\n<p>Cit\u00e9 par Bild, le ministre de l\u2019Int\u00e9rieur de la Bavi\u00e8re, Joachim Herrmann, a soulign\u00e9 \u00ab\u00a0l\u2019excellente coop\u00e9ration entre les services de s\u00e9curit\u00e9\u00a0\u00bb qui a permis d\u2019emp\u00eacher la tenue d\u2019une \u00ab\u00a0attaque potentiellement motiv\u00e9e par l\u2019islamisme\u00a0\u00bb.\u00a0Les autorit\u00e9s n\u2019ont pas pr\u00e9cis\u00e9 o\u00f9 les suspects avaient \u00e9t\u00e9 arr\u00eat\u00e9s, ni o\u00f9 et quand l\u2019attentat devait avoir lieu.<\/p>\n<p>Les march\u00e9s traditionnels typiques de l\u2019Allemagne qui attirent les foules en fin d\u2019ann\u00e9e ne cessent de se barricader depuis un attentat islamiste \u00e0 Berlin qui avait fait 13 morts en\u00a02016. <a href=\"https:\/\/www.rtbf.be\/article\/la-revue-de-presse-qu-est-ce-qui-a-inspire-l-auteur-de-l-attentat-de-magdebourg-11481510\" rel=\"nofollow noopener\" target=\"_blank\">L\u2019an dernier, un attentat \u00e0 la voiture b\u00e9lier avait fait six morts et plus de 300 bless\u00e9s au march\u00e9 de No\u00ebl \u00e0 Magdebourg, capitale r\u00e9gionale de l\u2019Est<\/a>.<\/p>\n","protected":false},"excerpt":{"rendered":"Les arrestations ont eu lieu vendredi et les cinq hommes ont \u00e9t\u00e9 pr\u00e9sent\u00e9s samedi au juge d\u2019instruction.\u00a0L\u2019homme de&hellip;\n","protected":false},"author":2,"featured_media":598223,"comment_status":"","ping_status":"","sticky":false,"template":"","format":"standard","meta":{"footnotes":""},"categories":[1587],"tags":[11,672,1804,1805,1803,1777,674,1801,12,1802],"class_list":{"0":"post-598222","1":"post","2":"type-post","3":"status-publish","4":"format-standard","5":"has-post-thumbnail","7":"category-allemagne","8":"tag-actualites","9":"tag-allemagne","10":"tag-bundesrepublik-deutschland","11":"tag-de","12":"tag-deutschland","13":"tag-eu","14":"tag-europe","15":"tag-germany","16":"tag-news","17":"tag-republique-federale-dallemagne"},"share_on_mastodon":{"url":"https:\/\/pubeurope.com\/@fr\/115716698093565503","error":""},"_links":{"self":[{"href":"https:\/\/www.europesays.com\/fr\/wp-json\/wp\/v2\/posts\/598222","targetHints":{"allow":["GET"]}}],"collection":[{"href":"https:\/\/www.europesays.com\/fr\/wp-json\/wp\/v2\/posts"}],"about":[{"href":"https:\/\/www.europesays.com\/fr\/wp-json\/wp\/v2\/types\/post"}],"author":[{"embeddable":true,"href":"https:\/\/www.europesays.com\/fr\/wp-json\/wp\/v2\/users\/2"}],"replies":[{"embeddable":true,"href":"https:\/\/www.europesays.com\/fr\/wp-json\/wp\/v2\/comments?post=598222"}],"version-history":[{"count":0,"href":"https:\/\/www.europesays.com\/fr\/wp-json\/wp\/v2\/posts\/598222\/revisions"}],"wp:featuredmedia":[{"embeddable":true,"href":"https:\/\/www.europesays.com\/fr\/wp-json\/wp\/v2\/media\/598223"}],"wp:attachment":[{"href":"https:\/\/www.europesays.com\/fr\/wp-json\/wp\/v2\/media?parent=598222"}],"wp:term":[{"taxonomy":"category","embeddable":true,"href":"https:\/\/www.europesays.com\/fr\/wp-json\/wp\/v2\/categories?post=598222"},{"taxonomy":"post_tag","embeddable":true,"href":"https:\/\/www.europesays.com\/fr\/wp-json\/wp\/v2\/tags?post=598222"}],"curies":[{"name":"wp","href":"https:\/\/api.w.org\/{rel}","templated":true}]}}