{"id":598234,"date":"2025-12-14T07:23:13","date_gmt":"2025-12-14T07:23:13","guid":{"rendered":"https:\/\/www.europesays.com\/fr\/598234\/"},"modified":"2025-12-14T07:23:13","modified_gmt":"2025-12-14T07:23:13","slug":"les-decisions-doivent-etre-partagees-et-acceptees-par-tout-le-monde-assure-michel-lalauze-le-nouveau-president-du-beziers-volley","status":"publish","type":"post","link":"https:\/\/www.europesays.com\/fr\/598234\/","title":{"rendered":"\u00ab\u00a0Les d\u00e9cisions doivent \u00eatre partag\u00e9es et accept\u00e9es\u00a0par tout le monde\u00a0\u00bb, assure Michel Lalauze, le nouveau pr\u00e9sident du B\u00e9ziers Volley"},"content":{"rendered":"<p>\n                                                                Michel Lalauze a \u00e9t\u00e9 \u00e9lu pr\u00e9sident du B\u00e9ziers Volley. Objectifs, fa\u00e7on de travailler\u2026 Il fait le point sur sa fa\u00e7on de g\u00e9rer et de travailler au sein du club, o\u00f9 il mise sur le dialogue, se voulant f\u00e9d\u00e9rateur et adepte du partage des t\u00e2ches.\n                            <\/p>\n<p class=\"txt-question\">Depuis quand \u00eates-vous au B\u00e9ziers volley\u00a0?<\/p>\n<p>Mon amour pour le volley date de longtemps. Je suis joueur depuis l\u2019\u00e2ge de 15 ans. J\u2019y ai jou\u00e9 jusqu\u2019\u00e0 61 ans, j\u2019en ai 70. J\u2019ai ensuite suivi les joueuses de\u00a0B\u00e9ziers en tant que supporter. J\u2019\u00e9tais un spectateur assez assidu. Je suis rentr\u00e9 au comit\u00e9 directeur du club, il y a six ans.<\/p>\n<p class=\"txt-question\">Comment\u00a0\u00eates-vous devenu pr\u00e9sident\u00a0?<\/p>\n<p>C\u2019est \u00e0 la\u00a0demande de Jacqueline Mur, qui a assur\u00e9 l\u2019int\u00e9rim (apr\u00e8s la d\u00e9mission de l\u2019ancien pr\u00e9sident Bernard Fages et de son \u00e9quipe, NDLR). Elle m\u2019a contact\u00e9 car je connaissais tout le monde et j\u2019\u00e9tais associ\u00e9 au futur projet. J\u2019ai accept\u00e9 pour rendre service \u00e0 un club\u00a0que j\u2019aime beaucoup, \u00e0 un sport que j\u2019adore.<\/p>\n<p class=\"txt-question\">Quels sont vos objectifs pour le B\u00e9ziers volley\u00a0?<\/p>\n<p>L\u2019objectif est de le faire progresser, de donner \u00e0 tous les gens, aux\u00a0salari\u00e9s, aux\u00a0joueuses, aux\u00a0supporters, aux\u00a0sponsors, aux\u00a0administrations, l\u2019occasion de nous aider \u00e0 faire \u00e9voluer le B\u00e9ziers Volley qui est d\u00e9j\u00e0 \u00e0 un tr\u00e8s bon niveau, qui a une belle image.\u00a0Il faut aussi le faire professionnellement \u00e9voluer dans un contexte o\u00f9 on nous pousse de plus en plus \u00e0 \u00eatre pros dans tous les domaines. C\u2019est l\u2019ambition. Je vais essayer de f\u00e9d\u00e9rer autour de moi. Jaqueline Mur a commenc\u00e9 \u00e0 le faire\u00a0autour d\u2019un projet d\u2019\u00e9quipe afin de faire, encore mieux, progresser le club.<\/p>\n<p class=\"txt-question\">F\u00e9d\u00e9rer, c\u2019est-\u00e0-dire\u00a0?<\/p>\n<p>Le but est de donner envie \u00e0 tous les gens de prendre leur part de travail dans le fonctionnement du club. Que ce ne soit pas simplement un pr\u00e9sident ou un secr\u00e9taire g\u00e9n\u00e9ral qui le porte. M\u00eame si le pr\u00e9sident, le secr\u00e9taire g\u00e9n\u00e9ral ou la vice-pr\u00e9sidente ont leur importance. Il faut donner\u00a0des responsabilit\u00e9s. Nous sommes d\u2019ailleurs pass\u00e9s de 7 membres du comit\u00e9 directeur \u00e0 15, officiellement 11 membres \u00e9lus et 4 membres missionn\u00e9s.<\/p>\n<p class=\"txt-question\">Sachant qu\u2019un club professionnel se g\u00e8re comme une entreprise\u2026<\/p>\n<p>J\u2019ai \u00e9t\u00e9 instituteur puis\u00a0directeur d\u2019\u00e9cole. Il n\u2019y a pas si longtemps que \u00e7a, j\u2019\u00e9tais membre du bureau d\u2019un conseil\u00a0d\u2019administration des campeurs des campings GCU, o\u00f9 l\u2019on g\u00e8re b\u00e9n\u00e9volement, dans toute la France, 90 structures. C\u2019est la plus grande association d\u2019Europe de gestion b\u00e9n\u00e9vole de campings. Nous avions un budget bien plus important que celui du B\u00e9ziers volley. J\u2019ai arr\u00eat\u00e9 au moment o\u00f9 l\u2019on m\u2019a propos\u00e9\u00a0d\u2019\u00eatre vice-pr\u00e9sident de cette association pour int\u00e9grer le B\u00e9ziers Volley.<\/p>\n<p class=\"txt-question\">Il a \u00e9t\u00e9 mis en place au sein du club diff\u00e9rents\u00a0p\u00f4les. Pourquoi les avoir cr\u00e9\u00e9s\u00a0?<\/p>\n<p>Ces diff\u00e9rents p\u00f4les ont \u00e9t\u00e9 initi\u00e9s par l\u2019\u00e9quipe de Jacqueline Mur. Ce n\u2019est pas moi qui les ai\u00a0mis en place. La particularit\u00e9 des campings GCU que nous g\u00e9rions est qu\u2019ils sont en autogestion. Chaque \u00e9tablissement fonctionne par la responsabilit\u00e9 des gens sur place. C\u2019est ma philosophie de partage. Les d\u00e9cisions doivent \u00eatre partag\u00e9es et accept\u00e9es\u00a0par tout le monde. C\u2019est ma culture. Je fonctionne en gestion partag\u00e9e. Je pense qu\u2019on est plus fort quand on est tous ensemble. Je m\u2019appuierai forc\u00e9ment sur les tous gens du comit\u00e9 directeur en qui j\u2019ai toute confiance.<\/p>\n<p class=\"txt-question\">On sent aussi chez vous une volont\u00e9 de restructurer le club, non\u00a0?<\/p>\n<p>C\u2019est une volont\u00e9 qui a \u00e9t\u00e9 pr\u00e9par\u00e9e par toute l\u2019\u00e9quipe et qui me va tr\u00e8s bien.\u00a0C\u2019est vraiment l\u2019\u00e9quipe pr\u00e9c\u00e9dente, et les autres administrateurs, qui ont r\u00e9fl\u00e9chi, qui ont travaill\u00e9, qui m\u2019ont propos\u00e9 et \u00e7a m\u2019allait bien.<\/p>\n<p class=\"txt-question\">Quels objectifs avez-vous fix\u00e9s \u00e0 l\u2019\u00e9quipe\u00a0?<\/p>\n<p>Honn\u00eatement, je la d\u00e9couvre. Depuis le d\u00e9but de l\u2019ann\u00e9e, j\u2019ai seulement vu deux ou trois matches. Nous allons tout faire pour qu\u2019elle aille au plus haut niveau.\u00a0Il n\u2019y a pas de changement. Le but reste de se\u00a0qualifier pour les playoffs.<\/p>\n<p class=\"txt-question\">Quel va \u00eatre votre premier travail\u00a0?<\/p>\n<p>Ce sera de r\u00e9unir l\u2019\u00e9quipe des nouveaux administrateurs et d\u2019apprendre \u00e0 se conna\u00eetre. Mais aussi de\u00a0travailler ensemble et avec les diff\u00e9rents p\u00f4les, o\u00f9 il y a des responsables qui auront \u00e9galement des personnes qui vont \u0153uvrer avec eux. Je pense que les personnes qui sont rentr\u00e9es ou\u00a0qui sont rest\u00e9es au comit\u00e9 directeur auront des propositions \u00e0 nous faire.<\/p>\n<p>    L\u2019organigramme du B\u00e9ziers volley<\/p>\n<p><strong>Bureau directeur\u00a0:<\/strong> Pr\u00e9sident\u00a0: Michel Lalauze\u00a0; Vice-pr\u00e9sidente\u00a0: Jacqueline Mur\u00a0; Secr\u00e9taire\u00a0g\u00e9n\u00e9ral\u00a0: Arnaud Divert\u00a0; tr\u00e9sori\u00e8re\u00a0: Marie-France Richer\u00a0; administratrice relations humaines\u00a0: Magali Isidro<\/p>\n<p><strong>Comit\u00e9 directeur\u00a0<\/strong>: p\u00f4le marketing\u00a0communication, Keylla Fabrino avec Thomas Jaffuel et Ana\u00efs Aguilera\u00a0; p\u00f4le finances, Marie France Richer avec Thibaut Virgili et Fran\u00e7oise Madaille\u00a0; p\u00f4le sportif professionnel, Michel Lalauze avec Didier Huc, Keylla Fabrino, Guillaume Peyre, Jacqueline Mur\u00a0; p\u00f4le sportif amateur, Ana\u00efs Aguilera et Anne-Marie Lavagne (directrice du centre de formation et de la N2) avec\u00a0Guillaume Peyre, Jacqueline Mur\u00a0; p\u00f4le m\u00e9dical, Guillaume Peyre avec Thomas Jaffuel\u00a0; p\u00f4le logistique, Arnaud Divert avec Robert Douat, Jacqueline Mur, Ana\u00efs Aguilera\u00a0; p\u00f4le ressources humaines, Magali Isidro avec J\u00e9r\u00f4me Ventresque, Thibaut Virgili\u00a0; p\u00f4le sponsoring-partenaires, Jacqueline Mur.<\/p>\n<p>\u00a0<\/p>\n<p>\u00a0<\/p>\n","protected":false},"excerpt":{"rendered":"Michel Lalauze a \u00e9t\u00e9 \u00e9lu pr\u00e9sident du B\u00e9ziers Volley. Objectifs, fa\u00e7on de travailler\u2026 Il fait le point sur&hellip;\n","protected":false},"author":2,"featured_media":598235,"comment_status":"","ping_status":"","sticky":false,"template":"","format":"standard","meta":{"footnotes":""},"categories":[1417],"tags":[37552,1011,27,7089,517,60,1470,1632,1469],"class_list":{"0":"post-598234","1":"post","2":"type-post","3":"status-publish","4":"format-standard","5":"has-post-thumbnail","7":"category-volley","8":"tag-beziers","9":"tag-fr","10":"tag-france","11":"tag-herault","12":"tag-sport","13":"tag-sports","14":"tag-volley","15":"tag-volley-ball","16":"tag-volleyball"},"share_on_mastodon":{"url":"https:\/\/pubeurope.com\/@fr\/115716725467867025","error":""},"_links":{"self":[{"href":"https:\/\/www.europesays.com\/fr\/wp-json\/wp\/v2\/posts\/598234","targetHints":{"allow":["GET"]}}],"collection":[{"href":"https:\/\/www.europesays.com\/fr\/wp-json\/wp\/v2\/posts"}],"about":[{"href":"https:\/\/www.europesays.com\/fr\/wp-json\/wp\/v2\/types\/post"}],"author":[{"embeddable":true,"href":"https:\/\/www.europesays.com\/fr\/wp-json\/wp\/v2\/users\/2"}],"replies":[{"embeddable":true,"href":"https:\/\/www.europesays.com\/fr\/wp-json\/wp\/v2\/comments?post=598234"}],"version-history":[{"count":0,"href":"https:\/\/www.europesays.com\/fr\/wp-json\/wp\/v2\/posts\/598234\/revisions"}],"wp:featuredmedia":[{"embeddable":true,"href":"https:\/\/www.europesays.com\/fr\/wp-json\/wp\/v2\/media\/598235"}],"wp:attachment":[{"href":"https:\/\/www.europesays.com\/fr\/wp-json\/wp\/v2\/media?parent=598234"}],"wp:term":[{"taxonomy":"category","embeddable":true,"href":"https:\/\/www.europesays.com\/fr\/wp-json\/wp\/v2\/categories?post=598234"},{"taxonomy":"post_tag","embeddable":true,"href":"https:\/\/www.europesays.com\/fr\/wp-json\/wp\/v2\/tags?post=598234"}],"curies":[{"name":"wp","href":"https:\/\/api.w.org\/{rel}","templated":true}]}}