{"id":598238,"date":"2025-12-14T07:29:13","date_gmt":"2025-12-14T07:29:13","guid":{"rendered":"https:\/\/www.europesays.com\/fr\/598238\/"},"modified":"2025-12-14T07:29:13","modified_gmt":"2025-12-14T07:29:13","slug":"coupe-du-monde-de-cyclo-cross-2025-2026-namur-les-coureurs-engages","status":"publish","type":"post","link":"https:\/\/www.europesays.com\/fr\/598238\/","title":{"rendered":"Coupe du Monde de cyclo-cross 2025-2026 &#8211; Namur : Les coureurs engag\u00e9s"},"content":{"rendered":"<p>              <img loading=\"lazy\" decoding=\"async\" width=\"1024\" height=\"683\" src=\"data:image\/svg+xml,%3Csvg%20xmlns=\" http:=\"\" class=\"img-fluid\" alt=\"Les coureurs engag\u00e9s \u00e0 la 4e manche de la Coupe du Monde de cyclo-cross 2025-2026 \u00e0 Namur\" data-lazy-src=\"https:\/\/www.europesays.com\/fr\/wp-content\/uploads\/2025\/12\/actualites-cyclisme-les-coureurs-engages-a-la-4e-manche-de-la-coupe-du-monde-de-cyclo-cross-2025-202.jpeg\"\/><br \/>\n                                            Mathieu Van der Poel sera au d\u00e9part de la 4e manche de la Coupe du Monde de cyclo-cross \u00e0 Namur ce dimanche 14 d\u00e9cembre. Photo : UCI CX World Cup <\/p>\n<p>          Retrouvez la liste des coureurs engag\u00e9s au d\u00e9part de la 4e manche de la Coupe du Monde de cyclo-cross 2025-2026 chez les Hommes qui se dispute ce dimanche 14 d\u00e9cembre \u00e0 Namur, en Belgique.<\/p>\n<p>La 4e manche de la <a href=\"https:\/\/www.total-velo.com\/coupe-du-monde\/\" target=\"_blank\" rel=\"noopener\"><strong>Coupe du Monde 2025-2026<\/strong> de cyclo-cross<\/a> se dispute \u00e0 <strong>Namur<\/strong> ce dimanche 14 d\u00e9cembre, en <strong>Belgique<\/strong>. Parmi les engag\u00e9s, si <strong>Thibau Nys<\/strong> et <strong>Michael Vanthourenhout<\/strong>, vainqueurs \u00e0 eux 2 des 3 premi\u00e8res manches, seront pr\u00e9sents, les yeux seront principalement braqu\u00e9s sur <strong>Mathieu Van der Poel<\/strong> qui a choisi Namur pour lancer sa saison de cyclo-cross et qui sera naturellement le grand favori du jour. <strong>Joris Nieuwenhuis, Lars van der Haar, Pim Ronhaar <\/strong>ou<strong> encore Toon Aerts<\/strong> seront \u00e9galement \u00e0 surveiller pour les accessits. <\/p>\n<p>La 4e manche de la <strong>Coupe du Monde 2025-2026<\/strong> de cyclo-cross est \u00e0 regarder en direct ce dimanche 14 d\u00e9cembre. D\u00e8s 15h00, la diffusion TV en live d\u00e9butera sur <strong>Eurosport 2 &amp; Max<\/strong> ainsi que <strong>L\u2019\u00c9quipe Live<\/strong>.<\/p>\n<p><img fetchpriority=\"high\" decoding=\"async\" width=\"1024\" height=\"1024\" src=\"https:\/\/www.europesays.com\/fr\/wp-content\/uploads\/2025\/12\/cyclo-cross-parcours-coupe-du-monde-namur-2025-1024x1024.jpg\" alt=\"\" class=\"wp-image-145742\"  \/><\/p>\n<p>Coupe du Monde de cyclo-cross 2025-2026 \u2013 Namur : Start list, les coureurs engag\u00e9s<\/p>\n<tr>\n<td\/>\n<td><strong>NOM<\/strong><\/td>\n<td><strong>NATIONALITE<\/strong><\/td>\n<td><strong>EQUIPE<\/strong><\/td>\n<\/tr>\n<tr>\n<td>1<\/td>\n<td>VAN DER POEL Mathieu<\/td>\n<td>NED<\/td>\n<td>ALPECIN-DECEUNINCK<\/td>\n<\/tr>\n<tr>\n<td>2<\/td>\n<td>NIEUWENHUIS Joris<\/td>\n<td>NED<\/td>\n<td>RIDLEY RACING TEAM<\/td>\n<\/tr>\n<tr>\n<td>3<\/td>\n<td>VAN DER HAAR Lars<\/td>\n<td>NED<\/td>\n<td>BALOISE GLOWY LIONS<\/td>\n<\/tr>\n<tr>\n<td>4<\/td>\n<td>RONHAAR Pim<\/td>\n<td>NED<\/td>\n<td>BALOISE GLOWY LIONS<\/td>\n<\/tr>\n<tr>\n<td>5<\/td>\n<td>DEL GROSSO Tibor<\/td>\n<td>NED<\/td>\n<td>ALPECIN-DECEUNINCK<\/td>\n<\/tr>\n<tr>\n<td>6<\/td>\n<td>KAMP Ryan<\/td>\n<td>NED<\/td>\n<td\/><\/tr>\n<tr>\n<td>7<\/td>\n<td>HENDRIKX Mees<\/td>\n<td>NED<\/td>\n<td>HEIZOMAT-CUBE<\/td>\n<\/tr>\n<tr>\n<td>8<\/td>\n<td>HAVERDINGS David<\/td>\n<td>NED<\/td>\n<td>BALOISE GLOWY LIONS<\/td>\n<\/tr>\n<tr>\n<td>9<\/td>\n<td>VAN LIEROP Danny<\/td>\n<td>NED<\/td>\n<td\/><\/tr>\n<tr>\n<td>10<\/td>\n<td>REMIJN Senna<\/td>\n<td>NED<\/td>\n<td>ALPECIN-DECEUNINCK DEV TEAM<\/td>\n<\/tr>\n<tr>\n<td>11<\/td>\n<td>SOLEN Kelje<\/td>\n<td>NED<\/td>\n<td>CHARLES LIEGEOIS ROASTERY CX<\/td>\n<\/tr>\n<tr>\n<td>12<\/td>\n<td>JOCHEMS Jelte<\/td>\n<td>NED<\/td>\n<td\/><\/tr>\n<tr>\n<td>13<\/td>\n<td>RIJVERS Max<\/td>\n<td>NED<\/td>\n<td\/><\/tr>\n<tr>\n<td>14<\/td>\n<td>VANTHOURENHOUT Michael<\/td>\n<td>BEL<\/td>\n<td>PAUWELS SAUZEN<\/td>\n<\/tr>\n<tr>\n<td>15<\/td>\n<td>NYS Thibau<\/td>\n<td>BEL<\/td>\n<td>BALOISE GLOWY LIONS<\/td>\n<\/tr>\n<tr>\n<td>16<\/td>\n<td>AERTS Toon<\/td>\n<td>BEL<\/td>\n<td>DESCHACHT-HENS CX TEAM<\/td>\n<\/tr>\n<tr>\n<td>17<\/td>\n<td>VANDEPUTTE Niels<\/td>\n<td>BEL<\/td>\n<td>ALPECIN-DECEUNINCK DEV TEAM<\/td>\n<\/tr>\n<tr>\n<td>18<\/td>\n<td>SWEECK Laurens<\/td>\n<td>BEL<\/td>\n<td>CRELAN-CORENDON<\/td>\n<\/tr>\n<tr>\n<td>19<\/td>\n<td>VERSTRYNGE Emiel<\/td>\n<td>BEL<\/td>\n<td>CRELAN-CORENDON<\/td>\n<\/tr>\n<tr>\n<td>20<\/td>\n<td>WYSEURE Joran<\/td>\n<td>BEL<\/td>\n<td>CRELAN-CORENDON<\/td>\n<\/tr>\n<tr>\n<td>21<\/td>\n<td>MICHELS Jente<\/td>\n<td>BEL<\/td>\n<td>ALPECIN-DECEUNINCK DEV TEAM<\/td>\n<\/tr>\n<tr>\n<td>22<\/td>\n<td>VANDEBOSCH Toon<\/td>\n<td>BEL<\/td>\n<td>CRELAN-CORENDON<\/td>\n<\/tr>\n<tr>\n<td>23<\/td>\n<td>DE BRUYCKERE Kay<\/td>\n<td>BEL<\/td>\n<td>PAUWELS SAUZEN<\/td>\n<\/tr>\n<tr>\n<td>24<\/td>\n<td>VAN DE PUTTE Victor<\/td>\n<td>BEL<\/td>\n<td>DESCHACHT-HENS CX TEAM<\/td>\n<\/tr>\n<tr>\n<td>25<\/td>\n<td>MEEUSSEN Witse<\/td>\n<td>BEL<\/td>\n<td>CRELAN-CORENDON<\/td>\n<\/tr>\n<tr>\n<td>26<\/td>\n<td>JANSSEN Wout<\/td>\n<td>BEL<\/td>\n<td\/><\/tr>\n<tr>\n<td>27<\/td>\n<td>FERDINANDE Anton<\/td>\n<td>BEL<\/td>\n<td\/><\/tr>\n<tr>\n<td>28<\/td>\n<td>JAMIN Antoine<\/td>\n<td>BEL<\/td>\n<td>BH WALLONIE MTB TEAM<\/td>\n<\/tr>\n<tr>\n<td>29<\/td>\n<td>MENUT David<\/td>\n<td>FRA<\/td>\n<td>AS BIKE RACING \u2013 FRANCE LITERIE<\/td>\n<\/tr>\n<tr>\n<td>30<\/td>\n<td>BOMMENEL Nathan<\/td>\n<td>FRA<\/td>\n<td>ACT CYCLING<\/td>\n<\/tr>\n<tr>\n<td>31<\/td>\n<td>GROSLAMBERT Martin<\/td>\n<td>FRA<\/td>\n<td>SEBMOTOBIKES CX TEAM<\/td>\n<\/tr>\n<tr>\n<td>32<\/td>\n<td>THOMAS L\u00e9o<\/td>\n<td>FRA<\/td>\n<td>SEBMOTOBIKES CX TEAM<\/td>\n<\/tr>\n<tr>\n<td>33<\/td>\n<td>LELANDAIS R\u00e9mi<\/td>\n<td>FRA<\/td>\n<td>ARKEA-B&amp;B HOTEL CONTI<\/td>\n<\/tr>\n<tr>\n<td>34<\/td>\n<td>ORTS LLORET Felipe<\/td>\n<td>ESP<\/td>\n<td>RIDLEY RACING TEAM<\/td>\n<\/tr>\n<tr>\n<td>35<\/td>\n<td>JUNQUERA SAN MILLAN Mario<\/td>\n<td>ESP<\/td>\n<td>UNICAJA-GIJON<\/td>\n<\/tr>\n<tr>\n<td>36<\/td>\n<td>KUHN Kevin<\/td>\n<td>SUI<\/td>\n<td>HEIZOMAT-CUBE<\/td>\n<\/tr>\n<tr>\n<td>37<\/td>\n<td>SOMMER Lars<\/td>\n<td>SUI<\/td>\n<td\/><\/tr>\n<tr>\n<td>38<\/td>\n<td>ROUILLER Loris<\/td>\n<td>SUI<\/td>\n<td>AS BIKE RACING \u2013 FRANCE LITERIE<\/td>\n<\/tr>\n<tr>\n<td>39<\/td>\n<td>BARD Nicolas<\/td>\n<td>SUI<\/td>\n<td\/><\/tr>\n<tr>\n<td>40<\/td>\n<td>MASON Cameron<\/td>\n<td>GBR<\/td>\n<td>SEVEN RACING<\/td>\n<\/tr>\n<tr>\n<td>41<\/td>\n<td>MEIN Thomas<\/td>\n<td>GBR<\/td>\n<td>HOPE FACTORY RACING<\/td>\n<\/tr>\n<tr>\n<td>42<\/td>\n<td>STROHMEYER Andrew<\/td>\n<td>USA<\/td>\n<td>CXD TREK BIKES<\/td>\n<\/tr>\n<tr>\n<td>43<\/td>\n<td>JUNGE Frederick<\/td>\n<td>USA<\/td>\n<td\/><\/tr>\n<tr>\n<td>44<\/td>\n<td>KING Carden<\/td>\n<td>USA<\/td>\n<td\/><\/tr>\n<tr>\n<td>45<\/td>\n<td>WESTOVER Finn<\/td>\n<td>USA<\/td>\n<td\/><\/tr>\n<tr>\n<td>46<\/td>\n<td>MILANOVIC Nikolas<\/td>\n<td>USA<\/td>\n<td\/><\/tr>\n<tr>\n<td>47<\/td>\n<td>HARTER Luca<\/td>\n<td>GER<\/td>\n<td\/><\/tr>\n<tr>\n<td>48<\/td>\n<td>HERRMAN Lukas<\/td>\n<td>GER<\/td>\n<td\/><\/tr>\n<tr>\n<td>49<\/td>\n<td>K\u00d6PSEL Jonas<\/td>\n<td>GER<\/td>\n<td>RADSPORT NAGEL CX TEAM<\/td>\n<\/tr>\n<tr>\n<td>50<\/td>\n<td>KUSCHLA Silas<\/td>\n<td>GER<\/td>\n<td\/><\/tr>\n<tr>\n<td>51<\/td>\n<td>OERTZEN Max Heiner<\/td>\n<td>GER<\/td>\n<td>RADSPORT NAGEL CX TEAM<\/td>\n<\/tr>\n<tr>\n<td>52<\/td>\n<td>OBERTEICHER Matteo<\/td>\n<td>GER<\/td>\n<td>PURE ENERGY DRINK-HARO BIKES<\/td>\n<\/tr>\n<tr>\n<td>53<\/td>\n<td>BATES Rhett<\/td>\n<td>CAN<\/td>\n<td\/><\/tr>\n<tr>\n<td>54<\/td>\n<td>SARGENT Liam<\/td>\n<td>CAN<\/td>\n<td\/><\/tr>\n<tr>\n<td>55<\/td>\n<td>VIEZZI Stefano<\/td>\n<td>ITA<\/td>\n<td>ALPECIN-DECEUNINCK DEV TEAM<\/td>\n<\/tr>\n<tr>\n<td>56<\/td>\n<td>AGOSTINACCHIO Mattia<\/td>\n<td>ITA<\/td>\n<td>EF EDUCATION-EASYPOST-OATLY<\/td>\n<\/tr>\n<tr>\n<td>57<\/td>\n<td>AGOSTINACCHIO Filippo<\/td>\n<td>ITA<\/td>\n<td>EF EDUCATION-EASYPOST-OATLY<\/td>\n<\/tr>\n<tr>\n<td>58<\/td>\n<td>BOROS Michael<\/td>\n<td>CZE<\/td>\n<td>ELKOV-KASPER<\/td>\n<\/tr>\n<tr>\n<td>59<\/td>\n<td>GROENENDAAL Bailey<\/td>\n<td>DEN<\/td>\n<td\/><\/tr>\n<tr>\n<td>60<\/td>\n<td>RISBERG David<\/td>\n<td>SWE<\/td>\n<td\/><\/tr>\n<tr>\n<td>61<\/td>\n<td>AASTRUP Vilmar<\/td>\n<td>SWE<\/td>\n<td\/><\/tr>\n<tr>\n<td>62<\/td>\n<td>PAPI Lennox<\/td>\n<td>LUX<\/td>\n<td\/><\/tr>\n<tr>\n<td>63<\/td>\n<td>TURNER Jacob<\/td>\n<td>NZL<\/td>\n<td\/><\/tr>\n","protected":false},"excerpt":{"rendered":"Mathieu Van der Poel sera au d\u00e9part de la 4e manche de la Coupe du Monde de cyclo-cross&hellip;\n","protected":false},"author":2,"featured_media":598239,"comment_status":"","ping_status":"","sticky":false,"template":"","format":"standard","meta":{"footnotes":""},"categories":[1411],"tags":[1154,207,1011,27,60],"class_list":{"0":"post-598238","1":"post","2":"type-post","3":"status-publish","4":"format-standard","5":"has-post-thumbnail","7":"category-cyclisme","8":"tag-cycling","9":"tag-cyclisme","10":"tag-fr","11":"tag-france","12":"tag-sports"},"share_on_mastodon":{"url":"https:\/\/pubeurope.com\/@fr\/115716750323038037","error":""},"_links":{"self":[{"href":"https:\/\/www.europesays.com\/fr\/wp-json\/wp\/v2\/posts\/598238","targetHints":{"allow":["GET"]}}],"collection":[{"href":"https:\/\/www.europesays.com\/fr\/wp-json\/wp\/v2\/posts"}],"about":[{"href":"https:\/\/www.europesays.com\/fr\/wp-json\/wp\/v2\/types\/post"}],"author":[{"embeddable":true,"href":"https:\/\/www.europesays.com\/fr\/wp-json\/wp\/v2\/users\/2"}],"replies":[{"embeddable":true,"href":"https:\/\/www.europesays.com\/fr\/wp-json\/wp\/v2\/comments?post=598238"}],"version-history":[{"count":0,"href":"https:\/\/www.europesays.com\/fr\/wp-json\/wp\/v2\/posts\/598238\/revisions"}],"wp:featuredmedia":[{"embeddable":true,"href":"https:\/\/www.europesays.com\/fr\/wp-json\/wp\/v2\/media\/598239"}],"wp:attachment":[{"href":"https:\/\/www.europesays.com\/fr\/wp-json\/wp\/v2\/media?parent=598238"}],"wp:term":[{"taxonomy":"category","embeddable":true,"href":"https:\/\/www.europesays.com\/fr\/wp-json\/wp\/v2\/categories?post=598238"},{"taxonomy":"post_tag","embeddable":true,"href":"https:\/\/www.europesays.com\/fr\/wp-json\/wp\/v2\/tags?post=598238"}],"curies":[{"name":"wp","href":"https:\/\/api.w.org\/{rel}","templated":true}]}}