{"id":59824,"date":"2025-04-28T17:51:08","date_gmt":"2025-04-28T17:51:08","guid":{"rendered":"https:\/\/www.europesays.com\/fr\/59824\/"},"modified":"2025-04-28T17:51:08","modified_gmt":"2025-04-28T17:51:08","slug":"un-jeune-homme-de-20-ans-poignarde-et-retrouve-grievement-blesse-en-pleine-rue-a-meudon","status":"publish","type":"post","link":"https:\/\/www.europesays.com\/fr\/59824\/","title":{"rendered":"Un jeune homme de 20 ans poignard\u00e9 et retrouv\u00e9 gri\u00e8vement bless\u00e9 en pleine rue \u00e0 Meudon"},"content":{"rendered":"<p>            Par<br \/>\n        <strong><br \/>\n            <a href=\"https:\/\/actu.fr\/auteur\/emilie-salabelle\" title=\"Consulter tous les articles de Emilie Salabelle\" rel=\"nofollow noopener\" target=\"_blank\">Emilie Salabelle<\/a><br \/>\n        <\/strong><\/p>\n<p>        Publi\u00e9 le<\/p>\n<p>            28 avr. 2025 \u00e0 19h38        <\/p>\n<p>Soir\u00e9e sanglante \u00e0 Meudon (<a href=\"https:\/\/actu.fr\/ile-de-france\/hauts-de-seine_92\" rel=\"nofollow noopener\" target=\"_blank\">Hauts-de-Seine<\/a>). Un jeune homme de 20\u00a0ans a \u00e9t\u00e9 retrouv\u00e9 gri\u00e8vement <strong>bless\u00e9 au couteau<\/strong> dans la soir\u00e9e, dimanche 27\u00a0avril 2025, au niveau de l\u2019avenue du G\u00e9n\u00e9ral-de-Gaulle \u00e0 Meudon, indique le parquet de Nanterre \u00e0 <a href=\"https:\/\/actu.fr\/paris\/\" rel=\"nofollow noopener\" target=\"_blank\">actu Paris<\/a>, confirmant une information du <a href=\"https:\/\/www.leparisien.fr\/hauts-de-seine-92\/meudon-un-jeune-de-20-ans-grievement-blesse-dans-une-rixe-avec-des-jeunes-de-clamart-28-04-2025-IQU25PR3RFBTJD7Y6VLSZE6MYM.php?at_variant=photo&amp;at_creation=Le%20Parisien%20%7C%2092&amp;at_campaign=Partage%20Twitter%20CM&amp;at_medium=Social%20media\" rel=\"nofollow noopener\" target=\"_blank\">Parisien<\/a>.<\/p>\n<p>Une enqu\u00eate ouverte<\/p>\n<p class=\" wall-content\">Il \u00e9tait environ 22h50 lorsque la victime, gri\u00e8vement bless\u00e9e, a \u00e9t\u00e9 <strong>d\u00e9couverte devant son domicile<\/strong>. Elle a \u00e9t\u00e9 transport\u00e9e en urgence absolue \u00e0 l\u2019h\u00f4pital. Une enqu\u00eate pour tentative de meurtre a \u00e9t\u00e9 ouverte par le parquet de Nanterre et confi\u00e9e \u00e0 la Sous-direction de la Police judiciaire (SDPJ) des Hauts-de-Seine, pr\u00e9cise le minist\u00e8re public.<\/p>\n<p class=\" wall-content\">Selon nos confr\u00e8res du Parisien, cette agression serait survenue lors d\u2019une <strong>rixe entre jeunes,<\/strong> opposant des bandes rivales de Meudon-la-For\u00eat et Clamart.<\/p>\n<p class=\" wall-content\">Suivez toute l\u2019actualit\u00e9 de vos villes et m\u00e9dias favoris en vous inscrivant \u00e0 <a href=\"https:\/\/moncompte.actu.fr\" title=\"D\u00e9couvez Mon Actu\" rel=\"nofollow noopener\" data-trk=\"{&quot;cta&quot;:{&quot;action&quot;:&quot;https:\\\/\\\/moncompte.actu.fr&quot;,&quot;category&quot;:&quot;mon compte&quot;,&quot;from&quot;:&quot;article footer&quot;,&quot;name&quot;:&quot;Mon actu&quot;,&quot;type&quot;:&quot;cta&quot;}}\" target=\"_blank\">Mon Actu<\/a>.<\/p>\n<ul class=\"ac-article-tag wall-content\">\n<li><a href=\"https:\/\/actu.fr\/tag\/police\" data-trk=\"{&quot;cta&quot;:{&quot;action&quot;:&quot;Police&quot;,&quot;category&quot;:&quot;tag&quot;,&quot;from&quot;:&quot;article footer&quot;,&quot;name&quot;:&quot;Police&quot;,&quot;type&quot;:&quot;cta&quot;}}\" rel=\"nofollow noopener\" target=\"_blank\">#Police<\/a><\/li>\n<li><a href=\"https:\/\/actu.fr\/tag\/violences-urbaines\" data-trk=\"{&quot;cta&quot;:{&quot;action&quot;:&quot;Violences urbaines&quot;,&quot;category&quot;:&quot;tag&quot;,&quot;from&quot;:&quot;article footer&quot;,&quot;name&quot;:&quot;Violences urbaines&quot;,&quot;type&quot;:&quot;cta&quot;}}\" rel=\"nofollow noopener\" target=\"_blank\">#Violences urbaines<\/a><\/li>\n<\/ul>\n","protected":false},"excerpt":{"rendered":"Par Emilie Salabelle Publi\u00e9 le 28 avr. 2025 \u00e0 19h38 Soir\u00e9e sanglante \u00e0 Meudon (Hauts-de-Seine). Un jeune homme&hellip;\n","protected":false},"author":2,"featured_media":59825,"comment_status":"","ping_status":"","sticky":false,"template":"","format":"standard","meta":{"footnotes":""},"categories":[1888],"tags":[1111,1928,11,1927,1777,674,118,1011,27,12,1926,626,1925,1072,25,7501],"class_list":{"0":"post-59824","1":"post","2":"type-post","3":"status-publish","4":"format-standard","5":"has-post-thumbnail","7":"category-paris","8":"tag-actu","9":"tag-actu-paris","10":"tag-actualites","11":"tag-actualites-paris","12":"tag-eu","13":"tag-europe","14":"tag-faits-divers","15":"tag-fr","16":"tag-france","17":"tag-news","18":"tag-news-paris","19":"tag-paris","20":"tag-paris-news","21":"tag-police","22":"tag-republique-francaise","23":"tag-violences-urbaines"},"share_on_mastodon":{"url":"https:\/\/pubeurope.com\/@fr\/114416863527194376","error":""},"_links":{"self":[{"href":"https:\/\/www.europesays.com\/fr\/wp-json\/wp\/v2\/posts\/59824","targetHints":{"allow":["GET"]}}],"collection":[{"href":"https:\/\/www.europesays.com\/fr\/wp-json\/wp\/v2\/posts"}],"about":[{"href":"https:\/\/www.europesays.com\/fr\/wp-json\/wp\/v2\/types\/post"}],"author":[{"embeddable":true,"href":"https:\/\/www.europesays.com\/fr\/wp-json\/wp\/v2\/users\/2"}],"replies":[{"embeddable":true,"href":"https:\/\/www.europesays.com\/fr\/wp-json\/wp\/v2\/comments?post=59824"}],"version-history":[{"count":0,"href":"https:\/\/www.europesays.com\/fr\/wp-json\/wp\/v2\/posts\/59824\/revisions"}],"wp:featuredmedia":[{"embeddable":true,"href":"https:\/\/www.europesays.com\/fr\/wp-json\/wp\/v2\/media\/59825"}],"wp:attachment":[{"href":"https:\/\/www.europesays.com\/fr\/wp-json\/wp\/v2\/media?parent=59824"}],"wp:term":[{"taxonomy":"category","embeddable":true,"href":"https:\/\/www.europesays.com\/fr\/wp-json\/wp\/v2\/categories?post=59824"},{"taxonomy":"post_tag","embeddable":true,"href":"https:\/\/www.europesays.com\/fr\/wp-json\/wp\/v2\/tags?post=59824"}],"curies":[{"name":"wp","href":"https:\/\/api.w.org\/{rel}","templated":true}]}}