{"id":598240,"date":"2025-12-14T07:30:18","date_gmt":"2025-12-14T07:30:18","guid":{"rendered":"https:\/\/www.europesays.com\/fr\/598240\/"},"modified":"2025-12-14T07:30:18","modified_gmt":"2025-12-14T07:30:18","slug":"quentin-ca-a-ete-la-surprise-de-la-saison","status":"publish","type":"post","link":"https:\/\/www.europesays.com\/fr\/598240\/","title":{"rendered":"\u00ab Quentin, \u00e7a a \u00e9t\u00e9 la surprise de la saison \u00bb &#8211;"},"content":{"rendered":"<p>Face \u00e0 Metz, le PSG s\u2019est impos\u00e9 ce soir (2-3) mais s\u2019est<br \/>\nfait peur apr\u00e8s avoir men\u00e9 deux fois de deux buts. Luis Enrique est<br \/>\nrevenu sur ce succ\u00e8s \u00e9triqu\u00e9 du PSG.<\/p>\n<p>Avant de se rendre \u00e0 <strong>Doha<\/strong> pour y jouer la<br \/>\nfinale de la <strong>Coupe Intercontinentale<\/strong> face \u00e0<br \/>\n<strong>Flamengo<\/strong>, le <strong>PSG<\/strong> jouait son<br \/>\ndernier match de l\u2019ann\u00e9e 2025 en <strong>Ligue 1<\/strong> ce soir.<br \/>\nPour cette rencontre contre <strong>Metz<\/strong>, <strong>Luis<br \/>\nEnrique<\/strong> avait d\u00e9cid\u00e9 de faire un large turnover. Ses<br \/>\njoueurs ont r\u00e9pondu pr\u00e9sent en offrant une belle performance en<br \/>\nmarquant trois buts et en menant deux fois de deux buts. Mais ils<br \/>\nse sont quand m\u00eame fait peur quand les Messins sont revenus \u00e0 un<br \/>\nbut \u00e0 deux reprises, et notamment en fin de rencontre. Mais<br \/>\nl\u2019essentiel est l\u00e0, les Parisiens s\u2019imposent <a href=\"https:\/\/canal-supporters.com\/ligue-1-le-psg-simpose-a-metz-et-retrouve-provisoirement-sa-place-de-leader\/\" title=\"\" target=\"_blank\" rel=\"noopener\">(2-3)<\/a> et reprennent provisoirement la t\u00eate du<br \/>\nchampionnat. En conf\u00e9rence de presse, dans des propos relay\u00e9s par<br \/>\n<a href=\"https:\/\/www.leparisien.fr\/sports\/football\/psg\/metz-psg-2-3-on-a-perdu-lequilibre-et-le-controle-explique-luis-enrique-apres-une-victoire-difficile-13-12-2025-5YUO4BPA6RA3LNB66F2M7Q3UVY.php\" target=\"_blank\" rel=\"noopener\" title=\"\">Le Parisien<\/a>,<br \/>\n<strong>Luis Enrique<\/strong> est revenu sur ce succ\u00e8s parisien,<br \/>\navant d\u2019\u00e9voquer <strong>Quentin Ndjantou<\/strong>, auteur de son<br \/>\npremier but en professionnel, les sensations de <strong>D\u00e9sir\u00e9<br \/>\nDou\u00e9<\/strong> ou bien encore la finale de la <strong>Coupe<br \/>\nIntercontinentale<\/strong>\u2026<\/p>\n<p>Le PSG a eu peur<br \/>\nce soir ?<\/p>\n<p>\u00a0\u00bb\u00a0Peur ? Tr\u00e8s peur, m\u00eame. <strong>Metz<\/strong> a<br \/>\ntr\u00e8s bien jou\u00e9, surtout en deuxi\u00e8me p\u00e9riode. Ils ont press\u00e9 jusqu\u2019\u00e0<br \/>\nla derni\u00e8re minute. Quand tu mets quatre ou cinq attaquants<br \/>\nensemble et que tu dois faire les changements par obligation, tu<br \/>\nmanques de milieu dans le jeu et \u00e7a devient difficile. On a perdu<br \/>\nl\u2019\u00e9quilibre et le contr\u00f4le du match dans la deuxi\u00e8me partie de la<br \/>\nseconde p\u00e9riode.\u00a0\u00bb<\/p>\n<p>Quentin<br \/>\nNdjantou<\/p>\n<p>\u00ab\u00a0<strong><a href=\"https:\/\/canal-supporters.com\/ndjantou-je-suis-tres-content-davoir-marque-ce-but\/\" title=\"\" target=\"_blank\" rel=\"noopener\">Quentin<\/a><\/strong>, \u00e7a a \u00e9t\u00e9 la surprise de la saison,<br \/>\nil a les qualit\u00e9s pour faire les appels en profondeur, avec et sans<br \/>\nballon. C\u2019est un joueur qui part de la deuxi\u00e8me ligne, il est<br \/>\nint\u00e9ressant comme milieu mais aussi comme<br \/>\nattaquant.\u00a0\u00bb<\/p>\n<p>Mbaye galvanis\u00e9<br \/>\npar sa s\u00e9lection \u00e0 la CAN avec le S\u00e9n\u00e9gal ?<\/p>\n<p>\u00ab\u00a0Quand on donne autant d\u2019opportunit\u00e9s \u00e0 des joueurs,<br \/>\nc\u2019est que l\u2019on croit en eux. Aujourd\u2019hui, il a montr\u00e9 un peu plus<br \/>\nque ce qu\u2019il montre habituellement. Il a \u00e9t\u00e9 plus lib\u00e9r\u00e9, s\u2019est<br \/>\nsenti plus \u00e0 l\u2019aise et a fait de bonnes actions, tant avec que sans<br \/>\nle ballon. Je suis tr\u00e8s content, il y a encore un match pour lui<br \/>\navant\u00a0son d\u00e9part \u00e0 la <strong>CAN<\/strong>. Et quand il<br \/>\nreviendra, on est pr\u00eat \u00e0 lui donner de la continuit\u00e9 dans le temps<br \/>\nde jeu.\u00a0\u00bb<\/p>\n<p><a href=\"https:\/\/x.com\/CanalSupporters\" target=\"_blank\" rel=\"noopener\" title=\"\">canalsupporters.com<\/a><\/p>\n<p>Comment se sent<br \/>\nD\u00e9sir\u00e9 Dou\u00e9 ?<\/p>\n<p>\u00ab\u00a0Bien. Je suis tr\u00e8s content, il a marqu\u00e9 un but. On<br \/>\ncontinue dans son processus de retour. Il y a une diff\u00e9rence entre<br \/>\nr\u00e9cup\u00e9rer d\u2019une blessure et \u00eatre \u00e0 100 %. Il n\u2019a pas encore<br \/>\nretrouv\u00e9 toute sa condition physique, mais aujourd\u2019hui il a fait un<br \/>\npas en avant. C\u2019est le dernier match de championnat en 2025, on est<br \/>\ncontents pour les supporters.\u00a0\u00bb<\/p>\n<p>Surpris par la<br \/>\nprestation de Metz ?<\/p>\n<p>\u00ab\u00a0Je pense qu\u2019on a contr\u00f4l\u00e9 le match au d\u00e9but. \u00c0 chaque<br \/>\nfois qu\u2019on a marqu\u00e9 ou qu\u2019on a eu l\u2019opportunit\u00e9 de le faire, ils<br \/>\nont marqu\u00e9. \u00c7a a \u00e9t\u00e9 difficile, car on a perdu le contr\u00f4le dans la<br \/>\nderni\u00e8re partie du match.\u00a0\u00bb<\/p>\n<p>Warren<br \/>\nZa\u00efre-Emery<\/p>\n<p>\u00ab\u00a0Tr\u00e8s positif, il a montr\u00e9 toute sa capacit\u00e9 \u00e0 jouer \u00e0<br \/>\ndiff\u00e9rents postes. En ce moment, en<br \/>\nl\u2019absence\u00a0<strong>d\u2019Hakimi,<\/strong>\u00a0on a besoin d\u2019un<br \/>\njoueur avec ces capacit\u00e9s techniques et physiques. Il continue \u00e0<br \/>\nfaire de bons matchs, il est tr\u00e8s \u00e9quilibr\u00e9, je suis tr\u00e8s satisfait<br \/>\nde sa performance. C\u2019est un vrai plaisir d\u2019avoir un joueur<br \/>\ncomme\u00a0<strong>Za\u00efre-Emery<\/strong>.\u00a0\u00bb<\/p>\n<p>Flamengo comme<br \/>\nadversaire en finale de la Coupe Intercontinentale<\/p>\n<p>\u00ab\u00a0On conna\u00eet toutes leurs qualit\u00e9s, puisqu\u2019on les a vus<br \/>\njouer cet \u00e9t\u00e9 \u00e0 la <strong>Coupe du monde des clubs<\/strong>. Ce<br \/>\nsera tr\u00e8s difficile, ils jouent tr\u00e8s bien au foot, ont de<br \/>\nl\u2019exp\u00e9rience. La derni\u00e8re fois que j\u2019ai particip\u00e9 \u00e0 ce match, il y<br \/>\na eu beaucoup de diff\u00e9rences. L\u00e0, ce sera diff\u00e9rent, on va joueur<br \/>\nune des meilleures \u00e9quipes du monde. Ce sera difficile, mais c\u2019est<br \/>\nune motivation, car c\u2019est une opportunit\u00e9 pour le<br \/>\n<strong>PSG<\/strong>.\u00a0\u00bb<\/p><\/p>\n","protected":false},"excerpt":{"rendered":"Face \u00e0 Metz, le PSG s\u2019est impos\u00e9 ce soir (2-3) mais s\u2019est fait peur apr\u00e8s avoir men\u00e9 deux&hellip;\n","protected":false},"author":2,"featured_media":598241,"comment_status":"","ping_status":"","sticky":false,"template":"","format":"standard","meta":{"footnotes":""},"categories":[1410],"tags":[70922,70923,70924,81,1153,71085,787,4479,71086,70925,70926,70927,64487,63,1011,27,1610,66,1611,921,1613,70928,55243,626,91,92,93,55246,70930,70931,70932,60,96],"class_list":{"0":"post-598240","1":"post","2":"type-post","3":"status-publish","4":"format-standard","5":"has-post-thumbnail","7":"category-football","8":"tag-16e-journee","9":"tag-16e-journee-de-ligue-1","10":"tag-16e-journee-ligue-1","11":"tag-canal-supporters","12":"tag-conference-de-presse","13":"tag-coupe-intercontinentale","14":"tag-cs","15":"tag-enrique","16":"tag-face-a-metz","17":"tag-fc-metz-psg","18":"tag-fcm-psg","19":"tag-fcmpsg","20":"tag-flamengo","21":"tag-football","22":"tag-fr","23":"tag-france","24":"tag-ibrahim-mbaye","25":"tag-ligue-1","26":"tag-ligue-1-macdonalds","27":"tag-luis-enrique","28":"tag-mbaye","29":"tag-metz-psg","30":"tag-ndjantou","31":"tag-paris","32":"tag-paris-saint-germain","33":"tag-paris-sg","34":"tag-psg","35":"tag-quentin-ndjantou","36":"tag-seizieme-journee","37":"tag-seizieme-journee-de-ligue-1","38":"tag-seizieme-journee-ligue-1","39":"tag-sports","40":"tag-une"},"share_on_mastodon":{"url":"https:\/\/pubeurope.com\/@fr\/115716752939999303","error":""},"_links":{"self":[{"href":"https:\/\/www.europesays.com\/fr\/wp-json\/wp\/v2\/posts\/598240","targetHints":{"allow":["GET"]}}],"collection":[{"href":"https:\/\/www.europesays.com\/fr\/wp-json\/wp\/v2\/posts"}],"about":[{"href":"https:\/\/www.europesays.com\/fr\/wp-json\/wp\/v2\/types\/post"}],"author":[{"embeddable":true,"href":"https:\/\/www.europesays.com\/fr\/wp-json\/wp\/v2\/users\/2"}],"replies":[{"embeddable":true,"href":"https:\/\/www.europesays.com\/fr\/wp-json\/wp\/v2\/comments?post=598240"}],"version-history":[{"count":0,"href":"https:\/\/www.europesays.com\/fr\/wp-json\/wp\/v2\/posts\/598240\/revisions"}],"wp:featuredmedia":[{"embeddable":true,"href":"https:\/\/www.europesays.com\/fr\/wp-json\/wp\/v2\/media\/598241"}],"wp:attachment":[{"href":"https:\/\/www.europesays.com\/fr\/wp-json\/wp\/v2\/media?parent=598240"}],"wp:term":[{"taxonomy":"category","embeddable":true,"href":"https:\/\/www.europesays.com\/fr\/wp-json\/wp\/v2\/categories?post=598240"},{"taxonomy":"post_tag","embeddable":true,"href":"https:\/\/www.europesays.com\/fr\/wp-json\/wp\/v2\/tags?post=598240"}],"curies":[{"name":"wp","href":"https:\/\/api.w.org\/{rel}","templated":true}]}}