{"id":598242,"date":"2025-12-14T07:31:15","date_gmt":"2025-12-14T07:31:15","guid":{"rendered":"https:\/\/www.europesays.com\/fr\/598242\/"},"modified":"2025-12-14T07:31:15","modified_gmt":"2025-12-14T07:31:15","slug":"je-ne-pensais-pas-pouvoir-defiler-sur-un-podium-car-mon-corps-tout-en-rondeur-ne-correspondait-pas-aux-standards-du-moment","status":"publish","type":"post","link":"https:\/\/www.europesays.com\/fr\/598242\/","title":{"rendered":"\u00abJe ne pensais pas pouvoir d\u00e9filer sur un podium, car mon corps tout en rondeur ne correspondait pas aux standards du moment"},"content":{"rendered":"<p>\n    <strong>La mode \u00e9mois 1\/5. <\/strong>L\u2019actrice d\u00e9cortique son rapport intime \u00e0 la mode. De l\u2019\u00e9mancipation f\u00e9minine permise par les grands couturiers \u00e0 ses d\u00e9buts remarqu\u00e9s sur les podiums, elle livre une r\u00e9flexion profonde sur le travail collectif, la diversit\u00e9 de la beaut\u00e9 inspir\u00e9e par l\u2019\u00e2ge d\u2019or italien, et sa mani\u00e8re d\u2019appr\u00e9hender le privil\u00e8ge de vieillir.<\/p>\n<p class=\"fig-paragraph\"><strong>Quel est votre lien avec la mode\u00a0?<\/strong><br \/>J\u2019ai toujours aim\u00e9 le monde de l\u2019image et j\u2019\u00e9prouve surtout un grand respect pour la mode, car je sais et je connais tout le travail qui existe derri\u00e8re une collection. J\u2019en ai vu des couturiers trembler \u00e0 la fin de leurs\u00a0<a href=\"http:\/\/madame.lefigaro.fr\/style\/news\/on-y-etait-l-hymne-a-la-joie-du-defile-metiers-d-art-de-chanel-dans-le-metro-new-yorkais-20251203\" target=\"_blank\" data-fig-type=\"Article\" rel=\"noopener nofollow\" data-gtm-custom-categorie=\"navigation\" data-gtm-custom-action=\"crossclick\" data-gtm-custom-label=\"Contextuel\" data-gtm-event=\"customEventSPE\" data-fig-domain=\"MADAME\">d\u00e9fil\u00e9s<\/a>, le poids de la responsabilit\u00e9 sur leurs \u00e9paules\u00a0! Et puis comme le cin\u00e9ma, la mode est le reflet d\u2019une \u00e9poque, d\u2019une soci\u00e9t\u00e9 qui \u00e9volue.<\/p>\n<p class=\"fig-paragraph\"><strong>La mode peut-elle changer la vie d\u2019une femme\u00a0?<\/strong><br \/>Il faut scruter le pass\u00e9 pour se rendre compte \u00e0 quel point les couturiers ou couturi\u00e8res ont pu transformer le quotidien des femmes. Aujourd\u2019hui nous nous habillons en veste et pantalon sans se poser de questions. Mais quand\u00a0<a href=\"https:\/\/madame.lefigaro.fr\/defiles\/saint-laurent\/printemps-ete-2026\/pret-a-porter\/defile-saint-laurent-pret-a-porter-printemps-ete-2026-20250910\" target=\"_blank\" data-fig-type=\"Article\" rel=\"noopener nofollow\" data-gtm-custom-categorie=\"navigation\" data-gtm-custom-action=\"crossclick\" data-gtm-custom-label=\"Contextuel\" data-gtm-event=\"customEventSPE\" data-fig-domain=\"MADAME\">Saint Laurent<\/a>\u00a0a propos\u00e9 en 1967 le premier tailleur-pantalon, version in\u00e9dite pour un ensemble, traditionnellement port\u00e9 avec une jupe, cela a \u00e9t\u00e9 une vraie lib\u00e9ration pour les femmes.<\/p>\n<p>    Monica Bellucci.<br \/>\n                ROCIO RAMOS<\/p>\n<p>                                                                <a class=\"fig-a11y-skip\" href=\"#fig-a11y-skip-main-inarticle\" data-module=\"a11y-skip\" data-context=\"was @visible\"><br \/>\n    Passer la publicit\u00e9<br \/>\n<\/a>            <\/p>\n<p class=\"fig-paragraph\"><strong>Vos mod\u00e8les de beaut\u00e9\u00a0?<\/strong><br \/>J\u2019ai souvent dit que les femmes de l\u2019\u00e2ge d\u2019or du cin\u00e9ma italien avaient berc\u00e9\u00a0<a href=\"http:\/\/madame.lefigaro.fr\/celebrites\/actu-people\/il-aura-toujours-une-place-unique-dans-mon-coeur-monica-bellucci-evoque-pour-la-premiere-fois-sa-rupture-avec-tim-burton-20250922\" target=\"_blank\" data-fig-type=\"Article\" rel=\"noopener nofollow\" data-gtm-custom-categorie=\"navigation\" data-gtm-custom-action=\"crossclick\" data-gtm-custom-label=\"Contextuel\" data-gtm-event=\"customEventSPE\" data-fig-domain=\"MADAME\">mon enfance<\/a>\u00a0\u2013 Anna Magnani, Giulietta Masina, Monica Vitti, Silvana Mangano, Sophia Loren\u2026 \u2013, mais elles refl\u00e9taient toutes une f\u00e9minit\u00e9 tr\u00e8s diff\u00e9rente, chacune tellement int\u00e9ressante dans l\u2019expression de sa beaut\u00e9. Quand j\u2019ai d\u00e9but\u00e9 au cin\u00e9ma, c\u2019est cette diversit\u00e9 qui m\u2019inspirait.<\/p>\n<p class=\"fig-paragraph\"><strong>Votre souvenir mode le plus marquant\u00a0?<\/strong><br \/>Mon premier d\u00e9fil\u00e9 pour\u00a0<a href=\"https:\/\/madame.lefigaro.fr\/defiles\/dolce-gabbana\/printemps-ete-2026\/pret-a-porter\/defile-dolce-gabbana-pret-a-porter-printemps-ete-2026-20250910\" target=\"_blank\" data-fig-type=\"Article\" rel=\"noopener nofollow\" data-gtm-custom-categorie=\"navigation\" data-gtm-custom-action=\"crossclick\" data-gtm-custom-label=\"Contextuel\" data-gtm-event=\"customEventSPE\" data-fig-domain=\"MADAME\">Dolce\u200a&amp;\u200aGabbana<\/a>, \u00e0 l\u2019\u00e2ge de 18 ans. J\u2019avais d\u00e9j\u00e0 pos\u00e9 pour des photos de mode, mais je n\u2019avais jamais march\u00e9 sur un podium. Je ne pensais pas pouvoir d\u00e9filer, car mon corps tout en rondeur ne correspondait pas aux standards du moment. J\u2019\u00e9tais aussi tr\u00e8s \u00e9mue d\u2019\u00eatre expos\u00e9e devant un public, et cette \u00e9motion, je la ressens toujours aujourd\u2019hui quand je suis sur sc\u00e8ne, au th\u00e9\u00e2tre ou sur le tapis rouge. Je me sens beaucoup plus prot\u00e9g\u00e9e dans les studios de cin\u00e9ma.<\/p>\n<p>    Monica Bellucci fait la couverture du Madame Figaro en 1997.<br \/>\n                MADAME FIGARO \/ MADAME FIGARO<\/p>\n<p class=\"fig-paragraph\"><strong>Un geste qui vous vient de la mode\u00a0?<\/strong><br \/>Le respect. Car nous ne sommes jamais seuls pour cr\u00e9er de la magie. Maquilleur, coiffeur, photographe, styliste\u2026, une s\u00e9ance photo, c\u2019est un travail collectif. J\u2019\u00e9coute aussi les avis de mes filles \u2013\u00a0<a href=\"http:\/\/madame.lefigaro.fr\/beaute\/les-photos-exclusives-de-deva-cassel-et-anya-taylor-joy-egeries-magnetiques-de-la-campagne-dior-pour-les-fetes-20251011\" target=\"_blank\" data-fig-type=\"Article\" rel=\"noopener nofollow\" data-gtm-custom-categorie=\"navigation\" data-gtm-custom-action=\"crossclick\" data-gtm-custom-label=\"Contextuel\" data-gtm-event=\"customEventSPE\" data-fig-domain=\"MADAME\">Deva\u00a0<\/a>(aujourd\u2019hui mannequin et actrice, NDLR) et L\u00e9onie \u2013 quand je dois faire des choix.<\/p>\n<p class=\"fig-paragraph\"><strong>Quelle est votre tenue signature\u00a0?<\/strong><br \/>Je suis super basique au quotidien\u00a0: chemise, jean, veste. Presque ennuyeuse.<\/p>\n<p class=\"fig-paragraph\"><strong>Un accessoire qui ne vous quitte jamais\u00a0?<\/strong><br \/>Ma bague Clash\u00a0<a href=\"http:\/\/madame.lefigaro.fr\/style\/news\/en-bleu-royal-et-paree-du-mythique-diademe-cartier-la-reine-letizia-ressuscite-les-fastes-d-antan-a-madrid-20251105\" target=\"_blank\" data-fig-type=\"Article\" rel=\"noopener nofollow\" data-gtm-custom-categorie=\"navigation\" data-gtm-custom-action=\"crossclick\" data-gtm-custom-label=\"Contextuel\" data-gtm-event=\"customEventSPE\" data-fig-domain=\"MADAME\">Cartier<\/a>.<\/p>\n<p>                                                                <a class=\"fig-a11y-skip\" href=\"#fig-a11y-skip-main-inarticle_mtf\" data-module=\"a11y-skip\" data-context=\"was @visible\"><br \/>\n    Passer la publicit\u00e9<br \/>\n<\/a>            <\/p>\n<p class=\"fig-paragraph\"><strong>Ce qu\u2019on ne vous fera jamais porter\u00a0?<\/strong><br \/>Des ballerines avec une robe du soir peut-\u00eatre\u2026 Franchement, je pr\u00e9f\u00e8re les talons et un beau d\u00e9collet\u00e9. Et je porte encore des robes en dentelle transparentes\u2026<\/p>\n<p class=\"fig-paragraph\"><strong>Une astuce beaut\u00e9 \u00e0 partager\u00a0?<\/strong><br \/>Rien de r\u00e9volutionnaire. Massages, cr\u00e8mes appropri\u00e9es, gym et alimentation saine, c\u2019est la base. Je pratique aussi l\u2019acupuncture pour stimuler\u00a0<a href=\"http:\/\/madame.lefigaro.fr\/beaute\/des-glaces-et-macarons-au-collagene-selena-gomez-se-met-au-parfum-pharrell-williams-offre-des-bains-d-eau-glacee-l-imperatif-beaute-d-aout-20250819\" target=\"_blank\" data-fig-type=\"Article\" rel=\"noopener nofollow\" data-gtm-custom-categorie=\"navigation\" data-gtm-custom-action=\"crossclick\" data-gtm-custom-label=\"Contextuel\" data-gtm-event=\"customEventSPE\" data-fig-domain=\"MADAME\">le collag\u00e8ne<\/a>. Il faut surtout essayer de trouver du temps pour prendre soin de soi, ce qui n\u2019est pas toujours simple pour les femmes.<\/p>\n<p class=\"fig-paragraph\"><strong>Comment mieux vivre les ann\u00e9es qui passent\u00a0?<\/strong><br \/>Je suis pour la libert\u00e9 d\u2019expression sur son corps. Chacun exp\u00e9rimente ce qu\u2019il veut du moment que cela le rend heureux. Mais avant tout, appr\u00e9cions le fait d\u2019\u00eatre en vie, car l\u2019\u00e2ge qui passe n\u2019est-il pas aussi un privil\u00e8ge\u00a0?<\/p>\n<p class=\"fig-paragraph\">Prochainement au cin\u00e9ma dans 7 Dogs, d\u2019Adil El Arbi et Bilall Fallah, Histoires de la nuit, de L\u00e9a Mysius, et Kettic\u00e8, de Giovanni Tortorici.<\/p>\n","protected":false},"excerpt":{"rendered":"La mode \u00e9mois 1\/5. L\u2019actrice d\u00e9cortique son rapport intime \u00e0 la mode. De l\u2019\u00e9mancipation f\u00e9minine permise par les&hellip;\n","protected":false},"author":2,"featured_media":598243,"comment_status":"","ping_status":"","sticky":false,"template":"","format":"standard","meta":{"footnotes":""},"categories":[1359],"tags":[650,58,59,1011,27,2173,20642,973],"class_list":{"0":"post-598242","1":"post","2":"type-post","3":"status-publish","4":"format-standard","5":"has-post-thumbnail","7":"category-people","8":"tag-cinema","9":"tag-divertissement","10":"tag-entertainment","11":"tag-fr","12":"tag-france","13":"tag-interview","14":"tag-monica-bellucci","15":"tag-people"},"share_on_mastodon":{"url":"https:\/\/pubeurope.com\/@fr\/115716756843817227","error":""},"_links":{"self":[{"href":"https:\/\/www.europesays.com\/fr\/wp-json\/wp\/v2\/posts\/598242","targetHints":{"allow":["GET"]}}],"collection":[{"href":"https:\/\/www.europesays.com\/fr\/wp-json\/wp\/v2\/posts"}],"about":[{"href":"https:\/\/www.europesays.com\/fr\/wp-json\/wp\/v2\/types\/post"}],"author":[{"embeddable":true,"href":"https:\/\/www.europesays.com\/fr\/wp-json\/wp\/v2\/users\/2"}],"replies":[{"embeddable":true,"href":"https:\/\/www.europesays.com\/fr\/wp-json\/wp\/v2\/comments?post=598242"}],"version-history":[{"count":0,"href":"https:\/\/www.europesays.com\/fr\/wp-json\/wp\/v2\/posts\/598242\/revisions"}],"wp:featuredmedia":[{"embeddable":true,"href":"https:\/\/www.europesays.com\/fr\/wp-json\/wp\/v2\/media\/598243"}],"wp:attachment":[{"href":"https:\/\/www.europesays.com\/fr\/wp-json\/wp\/v2\/media?parent=598242"}],"wp:term":[{"taxonomy":"category","embeddable":true,"href":"https:\/\/www.europesays.com\/fr\/wp-json\/wp\/v2\/categories?post=598242"},{"taxonomy":"post_tag","embeddable":true,"href":"https:\/\/www.europesays.com\/fr\/wp-json\/wp\/v2\/tags?post=598242"}],"curies":[{"name":"wp","href":"https:\/\/api.w.org\/{rel}","templated":true}]}}