{"id":598244,"date":"2025-12-14T07:32:13","date_gmt":"2025-12-14T07:32:13","guid":{"rendered":"https:\/\/www.europesays.com\/fr\/598244\/"},"modified":"2025-12-14T07:32:13","modified_gmt":"2025-12-14T07:32:13","slug":"de-nombreux-tableaux-en-vente-une-boutique-ephemere-pour-soutenir-les-peintres-dolt","status":"publish","type":"post","link":"https:\/\/www.europesays.com\/fr\/598244\/","title":{"rendered":"De nombreux tableaux en vente\u00a0: une boutique \u00e9ph\u00e9m\u00e8re pour soutenir les \u00ab\u00a0Peintres d\u2019Olt\u00a0\u00bb"},"content":{"rendered":"<p>\n                                                                    l&rsquo;essentiel<br \/>\n                                                                La boutique \u00e9ph\u00e9m\u00e8re de Cahors propose une collection unique de vinyles et de tableaux. Plus de 2\u00a0000 disques et des \u0153uvres d\u2019artistes amateurs sont \u00e0 d\u00e9couvrir. Une opportunit\u00e9 id\u00e9ale pour des cadeaux originaux jusqu\u2019\u00e0 No\u00ebl.\n                            <\/p>\n<p>Il n\u2019y a pas que des vinyles, mais aussi de jolis tableaux. Dans la boutique \u00e9ph\u00e9m\u00e8re, sur le boulevard Gambetta \u00e0 Cahors, Hamid Boukhelifa et Didier Cazard exposent une partie de leur collection de disques. En tout, ils proposent \u00e0 la vente plus de 2\u00a0000 vinyles, tous \u00e0 des prix abordables.<\/p>\n<p>Et sur les murs, des tableaux ornent le d\u00e9cor blanc. Derri\u00e8re ces \u0153uvres, se cache l\u2019association des \u00ab\u00a0Peintres d\u2019Olt\u00a0\u00bb. Tous sont des artistes peintres amateurs, et ils sont environ une dizaine \u00e0 \u00eatre membres de l\u2019association. \u00ab\u00a0Chacun a sa p\u00e2te et sa technique, et fait ce dont il a envie. On a tous un style diff\u00e9rent\u00a0\u00bb, d\u00e9crit Danielle Loustalot, pr\u00e9sidente. Des paysages de montagnes, des inspirations africaines ou encore de l\u2019acrylique peuvent \u00eatre observ\u00e9s et achet\u00e9s par les amateurs.<\/p>\n<p>Une id\u00e9e de cadeau de No\u00ebl<\/p>\n<p>Dans la boutique \u00e9ph\u00e9m\u00e8re, ouverte jusqu\u2019au 25\u00a0d\u00e9cembre, ce sont sept membres de l\u2019association qui mettent \u00e0 la vente leurs tableaux. Et esp\u00e8rent qu\u2019ils vont trouver preneur\u00a0!<\/p>\n<p>L\u2019association fait intervenir r\u00e9guli\u00e8rement l\u2019artiste Fran\u00e7oise Laloum, artiste peintre. \u00ab\u00a0Elle r\u00e9pond \u00e0 nos besoins, c\u2019est vraiment une aide pr\u00e9cieuse. Elle nous aide \u00e0 r\u00e9aliser tel ou tel \u00e9l\u00e9ment. Il arrive parfois qu\u2019on travaille tous ensemble sur des activit\u00e9s pr\u00e9cises\u00a0\u00bb, d\u00e9taille la pr\u00e9sidente. Les \u0153uvres, tout comme les vinyles et les BD, seront disponibles jusqu\u2019\u00e0 No\u00ebl. De quoi faire de beaux cadeaux \u00e0 vos proches.<\/p>\n","protected":false},"excerpt":{"rendered":"l&rsquo;essentiel La boutique \u00e9ph\u00e9m\u00e8re de Cahors propose une collection unique de vinyles et de tableaux. Plus de 2\u00a0000&hellip;\n","protected":false},"author":2,"featured_media":598245,"comment_status":"","ping_status":"","sticky":false,"template":"","format":"standard","meta":{"footnotes":""},"categories":[1358],"tags":[1348,1384,1385,70521,872,1386,58,59,1011,27,20064],"class_list":{"0":"post-598244","1":"post","2":"type-post","3":"status-publish","4":"format-standard","5":"has-post-thumbnail","7":"category-arts-et-design","8":"tag-arts","9":"tag-arts-and-design","10":"tag-arts-et-design","11":"tag-cahors","12":"tag-culture-et-loisirs","13":"tag-design","14":"tag-divertissement","15":"tag-entertainment","16":"tag-fr","17":"tag-france","18":"tag-lot"},"share_on_mastodon":{"url":"https:\/\/pubeurope.com\/@fr\/115716760730378276","error":""},"_links":{"self":[{"href":"https:\/\/www.europesays.com\/fr\/wp-json\/wp\/v2\/posts\/598244","targetHints":{"allow":["GET"]}}],"collection":[{"href":"https:\/\/www.europesays.com\/fr\/wp-json\/wp\/v2\/posts"}],"about":[{"href":"https:\/\/www.europesays.com\/fr\/wp-json\/wp\/v2\/types\/post"}],"author":[{"embeddable":true,"href":"https:\/\/www.europesays.com\/fr\/wp-json\/wp\/v2\/users\/2"}],"replies":[{"embeddable":true,"href":"https:\/\/www.europesays.com\/fr\/wp-json\/wp\/v2\/comments?post=598244"}],"version-history":[{"count":0,"href":"https:\/\/www.europesays.com\/fr\/wp-json\/wp\/v2\/posts\/598244\/revisions"}],"wp:featuredmedia":[{"embeddable":true,"href":"https:\/\/www.europesays.com\/fr\/wp-json\/wp\/v2\/media\/598245"}],"wp:attachment":[{"href":"https:\/\/www.europesays.com\/fr\/wp-json\/wp\/v2\/media?parent=598244"}],"wp:term":[{"taxonomy":"category","embeddable":true,"href":"https:\/\/www.europesays.com\/fr\/wp-json\/wp\/v2\/categories?post=598244"},{"taxonomy":"post_tag","embeddable":true,"href":"https:\/\/www.europesays.com\/fr\/wp-json\/wp\/v2\/tags?post=598244"}],"curies":[{"name":"wp","href":"https:\/\/api.w.org\/{rel}","templated":true}]}}