{"id":598248,"date":"2025-12-14T07:35:15","date_gmt":"2025-12-14T07:35:15","guid":{"rendered":"https:\/\/www.europesays.com\/fr\/598248\/"},"modified":"2025-12-14T07:35:15","modified_gmt":"2025-12-14T07:35:15","slug":"faudel-pourquoi-le-chanteur-de-tellement-je-taime-a-t-il-disparu-pendant-des-annees","status":"publish","type":"post","link":"https:\/\/www.europesays.com\/fr\/598248\/","title":{"rendered":"Faudel\u00a0: pourquoi le chanteur de \u00ab\u00a0Tellement je t\u2019aime\u00a0\u00bb a-t-il disparu pendant des ann\u00e9es\u00a0?"},"content":{"rendered":"<p>\n                                                                    l&rsquo;essentiel<br \/>\n                                                                Le chanteur Faudel, auteur de plusieurs tubes dans les ann\u00e9es 90 et 2000, a disparu de la sc\u00e8ne musicale depuis pr\u00e8s de 20 ans. Il revient \u00e0 l\u2019occasion de la tourn\u00e9e \u00ab\u00a0I gotta feeling\u00a0\u00bb. Qu\u2019a-t-il fait pendant tout ce temps\u00a0?\n                            <\/p>\n<p>Il \u00e9tait surnomm\u00e9 \u00ab\u00a0le petit prince du ra\u00ef\u00a0\u00bb. Fin des ann\u00e9es 90 et d\u00e9but des ann\u00e9es 2000, alors \u00e2g\u00e9 de 19 ans, Faudel encha\u00eene les tubes en France\u00a0: \u00ab\u00a0Tellement N\u2019brick\u00a0\u00bb, \u00ab\u00a0Je veux vivre\u00a0\u00bb ou \u00ab\u00a0Mon pays\u00a0\u00bb. Il collabore avec Khaled et Rachid Taha pour le projet \u00ab\u00a01, 2, 3 Soleils\u00a0\u00bb. Un succ\u00e8s qui s\u2019arr\u00eate net peu apr\u00e8s le\u00a06\u00a0mai 2007, une date de l\u2019ic\u00f4ne du ra\u00ef n\u2019a jamais oubli\u00e9e.<\/p>\n<p>Ce jour-l\u00e0, Nicolas Sarkozy vient d\u2019\u00eatre \u00e9lu pr\u00e9sident de la R\u00e9publique et f\u00eate sa victoire sur la place de la Concorde \u00e0 Paris. Plusieurs artistes qui l\u2019ont soutenu sont pr\u00e9sents comme Faudel ou Doc Gyn\u00e9co. Faudel avait \u00e9t\u00e9 s\u00e9duit par son discours sur l\u2019\u00e9galit\u00e9 des chances. Un soutien politique que le public ne lui pardonnera jamais. \u00ab\u00a0Un an plus tard, ma tourn\u00e9e est annul\u00e9e, mon planning promo r\u00e9duit \u00e0 n\u00e9ant, ma maison de disques me fait comprendre que je ne suis plus bankable\u00a0\u00bb, explique-t-il \u00e0 <a href=\"https:\/\/www.parismatch.com\/People\/a-33-ans-jetais-crame-nous-avons-retrouve-faudel-a-marrakech-259729\" target=\"_blank\" rel=\"nofollow noopener\">Paris Match<\/a>. Il ne reviendra pas sur le devant de la sc\u00e8ne musicale.<\/p>\n<p>Ce d\u00e9samour d\u00e9cide Faudel \u00e0 quitter la France pour le Maroc en 2011\u00a0: \u00ab\u00a0Je suis parti pour rester en vie\u00a0\u00bb, confie-t-il au <a href=\"https:\/\/www.leparisien.fr\/culture-loisirs\/musique\/jai-pris-cher-disparu-apres-son-soutien-a-nicolas-sarkozy-le-chanteur-faudel-se-confie-sur-son-retour-13-12-2025-KO6FZ4IJLNDOPCPOGUVZPEKMHI.php\" target=\"_blank\" rel=\"nofollow noopener\">Parisien<\/a>. \u00ab\u00a0\u00c0 33 ans, j\u2019\u00e9tais \u00e9puis\u00e9, cram\u00e9. La pile \u00e9tait compl\u00e8tement d\u00e9charg\u00e9e\u00a0\u00bb, pr\u00e9cise-t-il \u00e0 Paris Match. Il fait un burn-out, refait avec vie entre Marrakech et Rabat et re\u00e7oit le soutien du roi Mohamed VI. Il obtient la nationalit\u00e9 marocaine. En 2015, Faudel tombe amoureux d\u2019une Marocaine pr\u00e9nomm\u00e9e Hala qu\u2019il \u00e9pouse deux ans plus tard. Hala est sa seconde \u00e9pouse et le couple a deux enfants de 8 et 5 ans. Faudel \u00e9tait devenu p\u00e8re pour la premi\u00e8re fois \u00e0 23 ans et il a quatre enfants au total.<\/p>\n<blockquote data-media-max-width=\"560\" data-class=\"twitter-tweet\">\n<p lang=\"fr\" dir=\"ltr\">? Retour dans les ann\u00e9es 2000 avec Faudel et son tube d\u00e9sormais culte \u00ab\u00a0Tellement je t&rsquo;aime\u00a0\u00bb, \u00e0 l&rsquo;occasion de sa participation \u00e0 \u201cI Gotta Feeling &#8211; La tourn\u00e9e\u201d !<a href=\"https:\/\/twitter.com\/hashtag\/QuelleEpoque?src=hash&amp;ref_src=twsrc%5Etfw\" rel=\"nofollow noopener\" target=\"_blank\">#QuelleEpoque<\/a> <a href=\"https:\/\/twitter.com\/FranceTV?ref_src=twsrc%5Etfw\" rel=\"nofollow noopener\" target=\"_blank\">@FranceTV<\/a> <a href=\"https:\/\/twitter.com\/LeaSalame?ref_src=twsrc%5Etfw\" rel=\"nofollow noopener\" target=\"_blank\">@LeaSalame<\/a> <a href=\"https:\/\/t.co\/rECuHvvA53\" rel=\"nofollow\">pic.twitter.com\/rECuHvvA53<\/a><\/p>\n<p>\u2014 Quelle \u00c9poque! (@QuelleEpoqueOff) <a href=\"https:\/\/twitter.com\/QuelleEpoqueOff\/status\/1999971342784086057?ref_src=twsrc%5Etfw\" rel=\"nofollow noopener\" target=\"_blank\">December 13, 2025<\/a><\/p><\/blockquote>\n<p>Au Maroc, Faudel continue de chanter pour des galas ou des mariages, mais aussi au Moyen-Orient. Il garde la musique chevill\u00e9e au corps malgr\u00e9 les \u00e9preuves. Si Faudel est de retour dans plusieurs m\u00e9dias cette semaine \u2013 il \u00e9tait dans \u00ab\u00a0Quelle \u00e9poque\u00a0\u00bb avec L\u00e9a Salam\u00e9 samedi soir sur France 2 \u2013 c\u2019est pour assurer la promotion de la tourn\u00e9e \u00ab\u00a0I gotta feeling\u00a0\u00bb. Elle va r\u00e9unir des chanteurs iconiques des ann\u00e9es 2000 comme Aliz\u00e9e, Worlds Apart, Billy Crawford, Nadiya, Amine, Colonel Reyel, Helmut Fritz, Assia ou Salom\u00e9 de Bahia.<\/p>\n<p>Le coup d\u2019envoi sera donn\u00e9 \u00e0 Nice le 29\u00a0janvier 2026 et passera \u00e0 Montpellier le 31\u00a0janvier \u00e0 la Sud de France Arena et le 18\u00a0mars \u00e0 Toulouse au Z\u00e9nith. \u00ab\u00a0Tout le monde pense que j\u2019ai disparu. Je vais bient\u00f4t vous prouver le contraire\u00a0\u00bb, promet Faudel.<\/p>\n<p>                                                                                                                                                                                                        <script async src=\"https:\/\/platform.twitter.com\/widgets.js\" charset=\"utf-8\"><\/script><\/p>\n","protected":false},"excerpt":{"rendered":"l&rsquo;essentiel Le chanteur Faudel, auteur de plusieurs tubes dans les ann\u00e9es 90 et 2000, a disparu de la&hellip;\n","protected":false},"author":2,"featured_media":598249,"comment_status":"","ping_status":"","sticky":false,"template":"","format":"standard","meta":{"footnotes":""},"categories":[1355],"tags":[58,59,1011,27,1361,873],"class_list":{"0":"post-598248","1":"post","2":"type-post","3":"status-publish","4":"format-standard","5":"has-post-thumbnail","7":"category-musique","8":"tag-divertissement","9":"tag-entertainment","10":"tag-fr","11":"tag-france","12":"tag-music","13":"tag-musique"},"share_on_mastodon":{"url":"https:\/\/pubeurope.com\/@fr\/115716772482021980","error":""},"_links":{"self":[{"href":"https:\/\/www.europesays.com\/fr\/wp-json\/wp\/v2\/posts\/598248","targetHints":{"allow":["GET"]}}],"collection":[{"href":"https:\/\/www.europesays.com\/fr\/wp-json\/wp\/v2\/posts"}],"about":[{"href":"https:\/\/www.europesays.com\/fr\/wp-json\/wp\/v2\/types\/post"}],"author":[{"embeddable":true,"href":"https:\/\/www.europesays.com\/fr\/wp-json\/wp\/v2\/users\/2"}],"replies":[{"embeddable":true,"href":"https:\/\/www.europesays.com\/fr\/wp-json\/wp\/v2\/comments?post=598248"}],"version-history":[{"count":0,"href":"https:\/\/www.europesays.com\/fr\/wp-json\/wp\/v2\/posts\/598248\/revisions"}],"wp:featuredmedia":[{"embeddable":true,"href":"https:\/\/www.europesays.com\/fr\/wp-json\/wp\/v2\/media\/598249"}],"wp:attachment":[{"href":"https:\/\/www.europesays.com\/fr\/wp-json\/wp\/v2\/media?parent=598248"}],"wp:term":[{"taxonomy":"category","embeddable":true,"href":"https:\/\/www.europesays.com\/fr\/wp-json\/wp\/v2\/categories?post=598248"},{"taxonomy":"post_tag","embeddable":true,"href":"https:\/\/www.europesays.com\/fr\/wp-json\/wp\/v2\/tags?post=598248"}],"curies":[{"name":"wp","href":"https:\/\/api.w.org\/{rel}","templated":true}]}}