{"id":598252,"date":"2025-12-14T07:38:11","date_gmt":"2025-12-14T07:38:11","guid":{"rendered":"https:\/\/www.europesays.com\/fr\/598252\/"},"modified":"2025-12-14T07:38:11","modified_gmt":"2025-12-14T07:38:11","slug":"le-nouveau-variant-k-de-la-grippe-provoque-3-symptomes-tres-reconnaissables-et-tres-contagieux-les-voici","status":"publish","type":"post","link":"https:\/\/www.europesays.com\/fr\/598252\/","title":{"rendered":"Le nouveau variant K de la grippe provoque 3 sympt\u00f4mes tr\u00e8s reconnaissables (et tr\u00e8s contagieux), les voici"},"content":{"rendered":"<p>Variant K de la grippe : vague pr\u00e9coce et trio de sympt\u00f4mes \u00e0<br \/>\nsurveiller<\/p>\n<p>La saison 2025\u20112026 d\u00e9marre fort : en France, la grippe<br \/>\nacc\u00e9l\u00e8re, port\u00e9e par le <strong>variant K de la grippe<\/strong>, un<br \/>\nsous-clade du virus <strong>grippe A (H3N2)<\/strong>. Les premi\u00e8res<br \/>\nanalyses ont mis en \u00e9vidence une particularit\u00e9 g\u00e9n\u00e9tique, avec<br \/>\n<strong>7 mutations<\/strong> qui distinguent cette lign\u00e9e des<br \/>\nsaisons pass\u00e9es. En d\u00e9cembre 2025, K repr\u00e9sente environ <strong>70<br \/>\n%<\/strong> des virus H3N2 s\u00e9quenc\u00e9s. Les autorit\u00e9s sanitaires le<br \/>\nsurveillent de tr\u00e8s pr\u00e8s. Dans ce contexte, identifier rapidement<br \/>\nles signes typiques devient crucial.<\/p>\n<p>Mi-d\u00e9cembre, presque tout le territoire est entr\u00e9 en phase<br \/>\n\u00e9pid\u00e9mique, \u00e0 l\u2019exception de la Corse. \u00ab\u00a0l\u00a0\u00bbactivit\u00e9 grippale est en<br \/>\nforte augmentation dans toutes les classes d&rsquo;\u00e2ge, en ville et \u00e0<br \/>\nl&rsquo;h\u00f4pital, avec une dynamique comparable \u00e0 ce qui a \u00e9t\u00e9 observ\u00e9<br \/>\nl&rsquo;ann\u00e9e derni\u00e8re \u00e0 la m\u00eame p\u00e9riode\u00a0\u00bb, indique Sant\u00e9 publique France,<br \/>\ncit\u00e9e par Marie France. La dynamique est rapide. Reste une question<br \/>\n: quels signes doivent faire tilt.<\/p>\n<p>Les 3 sympt\u00f4mes du variant K \u00e0 reconna\u00eetre vite<\/p>\n<p>Il n\u2019existe pas de nouveau sympt\u00f4me propre \u00e0 K : il provoque un<br \/>\nsyndrome grippal classique. Mais en ce moment, trois signaux<br \/>\nd\u2019apparition brutale sont tr\u00e8s caract\u00e9ristiques. Les voici.<\/p>\n<ul>\n<li><strong>Fi\u00e8vre \u00e9lev\u00e9e<\/strong> (39 \u00b0C ou plus), souvent avec<br \/>\nfrissons.<\/li>\n<li><strong>Courbatures musculaires<\/strong> diffuses, parfois<br \/>\nintenses.<\/li>\n<li><strong>Grosse fatigue<\/strong> qui cloue au lit.<\/li>\n<\/ul>\n<p>Ces signes peuvent s\u2019accompagner d\u2019une <strong>toux<br \/>\ns\u00e8che<\/strong>, d\u2019un nez qui coule, de maux de t\u00eate ou de gorge,<br \/>\nvoire d\u2019yeux rouges. Les journ\u00e9es 2 et 3 sont g\u00e9n\u00e9ralement les plus<br \/>\ndifficiles, le pic de sympt\u00f4mes durant souvent 48 \u00e0 72 heures. En<br \/>\nclair, l\u2019association de ces trois sympt\u00f4mes au tout d\u00e9but de la<br \/>\nmaladie correspond aux moments o\u00f9 l\u2019on transmet le plus, en pleine<br \/>\ncirculation du <strong>variant K de la grippe<\/strong>.<\/p>\n<p>Pourquoi ce trio est si \u00e9vocateur en pleine circulation H3N2<br \/>\nK<\/p>\n<p>La raison tient \u00e0 l\u2019\u00e9pid\u00e9miologie. Devenu majoritaire parmi les<br \/>\nH3N2 caract\u00e9ris\u00e9s, K augmente m\u00e9caniquement la probabilit\u00e9 qu\u2019un<br \/>\nsyndrome grippal lui soit li\u00e9. Ce qui pr\u00e9occupe les autorit\u00e9s, ce<br \/>\nn\u2019est pas la nature des signes, mais l\u2019intensit\u00e9 de la circulation<br \/>\net le risque de formes graves chez les personnes \u00e2g\u00e9es ou<br \/>\nimmunod\u00e9prim\u00e9es.<\/p>\n<p>Chaque ann\u00e9e, la grippe touche entre 2 et 6 millions de<br \/>\npersonnes en France et cause autour de 10 000 d\u00e9c\u00e8s, surtout chez<br \/>\nles plus \u00e2g\u00e9s. Les plus de 50 ans sont particuli\u00e8rement expos\u00e9s.<br \/>\nDes sp\u00e9cialistes rapportent un d\u00e9marrage pr\u00e9coce, avec 2 \u00e0 3<br \/>\nsemaines d\u2019avance, et un taux de positivit\u00e9 global d\u2019environ<br \/>\n<strong>22 %<\/strong>. C\u00f4t\u00e9 vaccination, le <strong>vaccin<br \/>\ntrivalent<\/strong> cible la bonne famille, avec une souche de<br \/>\n<strong>grippe A (H3N2)<\/strong> en plus de H1N1 et B ; il pourrait<br \/>\n\u00eatre un peu moins performant contre K, et il est trop t\u00f4t pour<br \/>\nmesurer l\u2019impact exact.<\/p>\n<p>Que faire si ces 3 sympt\u00f4mes<br \/>\napparaissent, et qui doit consulter vite ?<\/p>\n<p>La prise en charge reste symptomatique : le parac\u00e9tamol est \u00e0<br \/>\nprivil\u00e9gier en respectant les doses et un intervalle de 6 h entre<br \/>\nles prises. Mieux vaut \u00e9viter les anti-inflammatoires non<br \/>\nst\u00e9ro\u00efdiens sans avis m\u00e9dical. Buvez suffisamment et accordez-vous<br \/>\ndu repos, l\u2019infection gu\u00e9rissant spontan\u00e9ment en quelques jours<br \/>\ndans la majorit\u00e9 des cas.<\/p>\n<p>Restez attentif si vous \u00eates parmi les <strong>personnes<br \/>\nfragiles<\/strong> : plus de 50 ans, ob\u00e9sit\u00e9, diab\u00e8te, insuffisance<br \/>\ncardiaque ou r\u00e9nale, immunod\u00e9pression. Le variant K peut entra\u00eener<br \/>\ndes atteintes s\u00e9v\u00e8res des poumons, du c\u0153ur ou du cerveau, et<br \/>\nfavoriser des surinfections bact\u00e9riennes comme une pneumonie, une<br \/>\nsinusite ou une otite. En cas d\u2019aggravation, de difficult\u00e9s<br \/>\nrespiratoires ou de fi\u00e8vre mal tol\u00e9r\u00e9e, un avis m\u00e9dical rapide<br \/>\ns\u2019impose.<\/p>\n","protected":false},"excerpt":{"rendered":"Variant K de la grippe : vague pr\u00e9coce et trio de sympt\u00f4mes \u00e0 surveiller La saison 2025\u20112026 d\u00e9marre&hellip;\n","protected":false},"author":2,"featured_media":598253,"comment_status":"","ping_status":"","sticky":false,"template":"","format":"standard","meta":{"footnotes":""},"categories":[10],"tags":[930,19020,71089,1805,12219,1011,27,29786,72,71087,4743,151,4565,7481,71088,71,29765,933,24504,6013],"class_list":{"0":"post-598252","1":"post","2":"type-post","3":"status-publish","4":"format-standard","5":"has-post-thumbnail","7":"category-sante","8":"tag-le","9":"tag-19020","10":"tag-contagieux","11":"tag-de","12":"tag-et","13":"tag-fr","14":"tag-france","15":"tag-grippe","16":"tag-health","17":"tag-k","18":"tag-la","19":"tag-les","20":"tag-nouveau","21":"tag-provoque","22":"tag-reconnaissables","23":"tag-sante","24":"tag-symptomes","25":"tag-tres","26":"tag-variant","27":"tag-voici"},"share_on_mastodon":{"url":"https:\/\/pubeurope.com\/@fr\/115716784405048915","error":""},"_links":{"self":[{"href":"https:\/\/www.europesays.com\/fr\/wp-json\/wp\/v2\/posts\/598252","targetHints":{"allow":["GET"]}}],"collection":[{"href":"https:\/\/www.europesays.com\/fr\/wp-json\/wp\/v2\/posts"}],"about":[{"href":"https:\/\/www.europesays.com\/fr\/wp-json\/wp\/v2\/types\/post"}],"author":[{"embeddable":true,"href":"https:\/\/www.europesays.com\/fr\/wp-json\/wp\/v2\/users\/2"}],"replies":[{"embeddable":true,"href":"https:\/\/www.europesays.com\/fr\/wp-json\/wp\/v2\/comments?post=598252"}],"version-history":[{"count":0,"href":"https:\/\/www.europesays.com\/fr\/wp-json\/wp\/v2\/posts\/598252\/revisions"}],"wp:featuredmedia":[{"embeddable":true,"href":"https:\/\/www.europesays.com\/fr\/wp-json\/wp\/v2\/media\/598253"}],"wp:attachment":[{"href":"https:\/\/www.europesays.com\/fr\/wp-json\/wp\/v2\/media?parent=598252"}],"wp:term":[{"taxonomy":"category","embeddable":true,"href":"https:\/\/www.europesays.com\/fr\/wp-json\/wp\/v2\/categories?post=598252"},{"taxonomy":"post_tag","embeddable":true,"href":"https:\/\/www.europesays.com\/fr\/wp-json\/wp\/v2\/tags?post=598252"}],"curies":[{"name":"wp","href":"https:\/\/api.w.org\/{rel}","templated":true}]}}