{"id":598259,"date":"2025-12-14T07:42:14","date_gmt":"2025-12-14T07:42:14","guid":{"rendered":"https:\/\/www.europesays.com\/fr\/598259\/"},"modified":"2025-12-14T07:42:14","modified_gmt":"2025-12-14T07:42:14","slug":"parfumeries-bijouteries-pret-a-porter-avant-noel-la-ruee-vers-les-achats-met-les-vendeurs-a-rude-epreuve","status":"publish","type":"post","link":"https:\/\/www.europesays.com\/fr\/598259\/","title":{"rendered":"parfumeries, bijouteries, pr\u00eat-\u00e0-porter&#8230; Avant No\u00ebl, la ru\u00e9e vers les achats met les vendeurs \u00e0 rude \u00e9preuve"},"content":{"rendered":"<p>\u00c0 l&rsquo;approche de No\u00ebl, les deux derni\u00e8res semaines virent chaque ann\u00e9e \u00e0 la course aux cadeaux et tenues de r\u00e9veillon de derni\u00e8re minute. Ruptures de stock, files d&rsquo;attente interminables et tumulte en rayons&#8230; Dans les magasins des centres-villes et centres commerciaux, le mois de d\u00e9cembre se transforme alors en marathon pour les commer\u00e7ants et vendeurs qui se retrouvent en premi\u00e8re ligne face \u00e0 un pic d&rsquo;activit\u00e9 intense.<\/p>\n<p>Avant de travailler dans le pr\u00eat-\u00e0-porter pendant les f\u00eates de fin d&rsquo;ann\u00e9e, Carla* ignorait pouvoir faire autant de pas en une seule journ\u00e9e: entre 18.000 et 20.000, \u00e0 en croire sa montre connect\u00e9e. Pourtant, pas le choix pour la jeune femme de 21 ans: elle doit \u00eatre au top de sa forme pour accueillir la horde de clients qui commence \u00e0 affluer dans les all\u00e9es de sa boutique pour faire ses cadeaux de No\u00ebl.<\/p>\n<blockquote class=\"embed embed_quote\"><p>\u00ab\u00a0L\u00e0, les gens sont encore en rep\u00e9rage, mais d\u00e8s ce week-end \u00e7a va commencer \u00e0 se corser et s&rsquo;acc\u00e9l\u00e9rer\u00a0\u00bb, pr\u00e9voit d\u00e9j\u00e0 cette vendeuse d&rsquo;une boutique de v\u00eatements pour hommes du centre commercial Beaugrenelle \u00e0 Paris.<\/p><\/blockquote>\n<p><img decoding=\"async\" loading=\"lazy\" width=\"1024\" height=\"768\" src=\"https:\/\/www.europesays.com\/fr\/wp-content\/uploads\/2025\/12\/Des-clients-en-caisse-dans-une-boutique-de-vaisselle-a-la-periode-de-Noel-2197924.jpg\"  alt=\"Des clients en caisse dans une boutique de vaisselle \u00e0 la p\u00e9riode de No\u00ebl.\" title=\"Des clients en caisse dans une boutique de vaisselle \u00e0 la p\u00e9riode de No\u00ebl.\"\/>Des clients en caisse dans une boutique de vaisselle \u00e0 la p\u00e9riode de No\u00ebl. \u00a9 Flickr &#8211; CC Commons &#8211; Alara Orhon\u00a0\u00bbOn ne sait plus o\u00f9 donner de la t\u00eate\u00a0\u00bb<\/p>\n<p>Ainsi Carla* et son \u00e9quipe pr\u00e9voient d\u00e9j\u00e0 de \u00ab\u00a0mettre le paquet\u00a0\u00bb pendant ces deux week-ends qui s&rsquo;annoncent comme \u00ab\u00a0les plus intenses de l&rsquo;ann\u00e9e\u00a0\u00bb puisqu&rsquo;ils savent que pr\u00e8s d&rsquo;un tiers des Fran\u00e7ais a pris l&rsquo;habitude de <a href=\"https:\/\/rmc.bfmtv.com\/conso\/conseils-d-achat\/exclu-rmc-conso-plus-d-un-francais-sur-3-prevoit-de-faire-ses-achats-de-noel-a-la-derniere-minute_AN-202512080010.html\" title=\"EXCLU RMC CONSO: Plus d&#039;un Fran\u00e7ais sur 3 pr\u00e9voit de faire ses achats de No\u00ebl \u00e0 la derni\u00e8re minute\" class=\"internal_link\" rel=\"nofollow noopener\" target=\"_blank\">faire ses achats de No\u00ebl \u00e0 la toute derni\u00e8re minute<\/a>. Si elle a appris \u00e0 appr\u00e9cier cette p\u00e9riode de rush et d&rsquo;excitation, la jeune femme sait aussi qu&rsquo;elle terminera ses journ\u00e9es de travail sur les rotules.<\/p>\n<blockquote class=\"embed embed_quote\"><p>\u00ab\u00a0On sait que c&rsquo;est une p\u00e9riode cruciale sur l&rsquo;ann\u00e9e, o\u00f9 les attentes de nos employeurs sont forc\u00e9ment plus hautes\u00a0\u00bb, commente la tr\u00e8s jeune employ\u00e9e, qui s&rsquo;efforce de voir le mois de d\u00e9cembre comme un \u00ab\u00a0d\u00e9fi\u00a0\u00bb o\u00f9 il faut \u00eatre \u00ab\u00a0offensive\u00a0\u00bb.<\/p><\/blockquote>\n<p>\u00c0 deux semaines de No\u00ebl, <a href=\"https:\/\/www.bfmtv.com\/podcasts\/le-titre-a-la-une-junior\/pourquoi-la-fast-fashion-pose-t-elle-des-problemes_EN-202506070072.html\" title=\"Pourquoi la fast fashion pose-t-elle des probl\u00e8mes?\" class=\"internal_link\" rel=\"nofollow noopener\" target=\"_blank\">le rythme s&rsquo;acc\u00e9l\u00e8re aussi chez un des g\u00e9ants de la fast fashion<\/a>, dont les all\u00e9es sont de loin les plus surcharg\u00e9es des enseignes de pr\u00eat-\u00e0-porter. Entre quelques plis de pulls, le vendeur du rayon enfants s&rsquo;affaire \u00e0 trier les porte-manteaux des caisses automatiques \u00e0 toute vitesse. \u00ab\u00a0On court \u00e0 droite \u00e0 gauche, \u00e7a n&rsquo;arr\u00eate jamais. C&rsquo;est l&rsquo;intensit\u00e9 qui est compliqu\u00e9e \u00e0 g\u00e9rer\u00a0\u00bb, confie Brandon*, qui travaille chez ce g\u00e9ant du pr\u00eat-\u00e0-porter international depuis deux ans.<\/p>\n<p>Le jeune vendeur regrette que les effectifs n&rsquo;aient pas \u00e9t\u00e9 renforc\u00e9es pour l&rsquo;occasion. \u00ab\u00a0On est pas assez nombreux mais la charge de travail, elle, augmente\u00a0\u00bb, souffle-t-il, m\u00eame s&rsquo;il reconna\u00eet qu&rsquo;\u00e0 force lui et ses coll\u00e8gues sont \u00ab\u00a0rod\u00e9s\u00a0\u00bb \u00e0 cette cadence. \u00ab\u00a0Ce sont des journ\u00e9es harassantes o\u00f9 on ne sait plus ou donner de la t\u00eate: entre la queue aux cabines, aux caisses, les v\u00eatements au sol ou mal rang\u00e9s, les clients impatients&#8230;\u00a0\u00bb<\/p>\n<p>Des contrats courts pour \u00e9pauler les \u00e9quipes<\/p>\n<p>\u00ab\u00a0Humainement, c&rsquo;est compliqu\u00e9 si on ne veut pas que \u00e7a se termine \u00e0 coups de cintres\u00a0\u00bb, plaisante-t-il. C&rsquo;est la course entre les clients qui cherchent des cadeaux et <a href=\"https:\/\/www.bfmtv.com\/environnement\/un-look-a-paillettes-pour-les-fetes-omnipresent-le-sequin-est-il-une-catastrophe-environnementale_AN-202412230163.html\" title=\"Un look \u00e0 paillettes pour les f\u00eates: omnipr\u00e9sent, le sequin est-il une catastrophe environnementale?\" class=\"internal_link\" rel=\"nofollow noopener\" target=\"_blank\">ceux qui cherchent leur tenue du r\u00e9veillon en derni\u00e8re minute<\/a>. \u00ab\u00a0Personnellement, j&rsquo;essaie de rester &lsquo;good vibe&rsquo; et les remarques d\u00e9sobligeantes me passent au-dessus de la t\u00eate\u00a0\u00bb.<\/p>\n<p>Malgr\u00e9 le stress et la cohue de veille de R\u00e9veillon, certains vendeurs adorent \u00eatre immerg\u00e9s dans l&rsquo;ambiance festive de No\u00ebl sur leur temps de travail, d&rsquo;autant que les centres commerciaux et centres villes sont souvent d\u00e9cor\u00e9s et anim\u00e9s de concerts et autres <a href=\"https:\/\/www.bfmtv.com\/societe\/je-suis-tres-fier-de-ce-role-des-peres-noel-professionnels-racontent-les-coulisses-de-leur-metier_AV-202412140056.html\" title=\"&quot;Je suis tr\u00e8s fier de ce r\u00f4le&quot;: des p\u00e8res No\u00ebl professionnels racontent les coulisses de leur m\u00e9tier\" class=\"internal_link\" rel=\"nofollow noopener\" target=\"_blank\">visites du p\u00e8re No\u00ebl<\/a>.<\/p>\n<p>\u00c0 l&rsquo;approche du grand jour, de nombreuses parfumeries et bijouteries s&rsquo;arment de bras suppl\u00e9mentaires en vue du branle-bas de combat qui s&rsquo;annonce ici quelques jours. Malgr\u00e9 tout, Oc\u00e9ane s&rsquo;attend au pire. Et pour cause, cette jeune conseill\u00e8re vente d&rsquo;une grande marque de bijoux a encore en t\u00eate \u00ab\u00a0la m\u00e9ga foule\u00a0\u00bb qui s&rsquo;\u00e9tait empar\u00e9e du centre commercial il y a trois ans, lorsque l&rsquo;enseigne avait d\u00fb fermer les barri\u00e8res de s\u00e9curit\u00e9 de la boutique par mesure de pr\u00e9caution.<\/p>\n<blockquote class=\"embed embed_quote\"><p>\u00ab\u00a0On a deux contrats courts en renfort mais malgr\u00e9 \u00e7a on sait tr\u00e8s bien que la p\u00e9riode va \u00eatre lourde et fatiguante. Dans ces cas-l\u00e0, on n&rsquo;a pas le choix, on doit aller vite: on g\u00e8re souvent sur 2-3 ventes en m\u00eame temps et on est oblig\u00e9es de demander aux clients de faire preuve de patience, mais c&rsquo;est s\u00fbr qu&rsquo;il faut avoir les yeux partout\u00a0\u00bb.<\/p><\/blockquote>\n<p><img decoding=\"async\" loading=\"lazy\" width=\"2048\" height=\"1536\" src=\"https:\/\/www.europesays.com\/fr\/wp-content\/uploads\/2025\/12\/Les-rayons-d-un-magasin-specialisee-dans-les-produits-culturels-plein-de-jeux-de-societe-a-l-approch.jpeg\"  alt=\"Les rayons d'un magasin sp\u00e9cialis\u00e9e dans les produits culturels plein de jeux de soci\u00e9t\u00e9 \u00e0 l'approche des f\u00eates de No\u00ebl.\" title=\"Les rayons d'un magasin sp\u00e9cialis\u00e9e dans les produits culturels plein de jeux de soci\u00e9t\u00e9 \u00e0 l'approche des f\u00eates de No\u00ebl.\"\/>Les rayons d&rsquo;un magasin sp\u00e9cialis\u00e9e dans les produits culturels plein de jeux de soci\u00e9t\u00e9 \u00e0 l&rsquo;approche des f\u00eates de No\u00ebl. \u00a9 BFMTV<\/p>\n<p>Du c\u00f4t\u00e9 des grandes enseignes sp\u00e9cialis\u00e9es dans les produits culturels, <a href=\"https:\/\/www.bfmtv.com\/grand-littoral\/replay-emissions\/bonsoir-littoral\/calais-le-click-and-collect-n-est-plus-rentable-estime-le-president-de-l-umih-du-calaisis_VN-202103300287.html\" title=\"Calais: &quot;le Click and collect n&#039;est plus rentable&quot; estime le pr\u00e9sident de l&#039;UMIH du Calaisis\" class=\"internal_link\" rel=\"nofollow noopener\" target=\"_blank\">on mise sur le click and collect<\/a>. Le 15 d\u00e9cembre n&rsquo;a pas encore sonn\u00e9 mais les caisses sont d\u00e9j\u00e0 prises d&rsquo;assaut entre midi et 14 heures, et le soir apr\u00e8s 18 heures. \u00ab\u00a0On a beaucoup renforc\u00e9 cette partie-l\u00e0 du magasin car les habitudes ont chang\u00e9\u00a0\u00bb, commente cette manager. \u00ab\u00a0Beaucoup de clients commandent maintenant leurs cadeaux en ligne et viennent r\u00e9cup\u00e9rer leurs paquets en magasin. Il faut tout faire pour qu&rsquo;il n&rsquo;y ait pas de file d&rsquo;attente interminable\u00a0\u00bb.<\/p>\n<p>Un pr\u00eat-\u00e0-porter fran\u00e7ais \u00e0 bout de souffle<\/p>\n<p>D&rsquo;autres grands noms du pr\u00eat-\u00e0-porter, plut\u00f4t haut de gamme dans le vestiaire f\u00e9minin, ont davantage de peine \u00e0 tirer leur \u00e9pingle du jeu en ce d\u00e9but du mois de d\u00e9cembre. \u00ab\u00a0C&rsquo;est encore tr\u00e8s calme pour l&rsquo;instant&#8230; trop calme m\u00eame\u00a0\u00bb, souffle Marianne, une vendeuse d&rsquo;une marque de v\u00eatements fran\u00e7aise. Au cours de ses journ\u00e9es, la conseill\u00e8re client\u00e8le se trouve r\u00e9guli\u00e8rement nez \u00e0 nez avec des clientes frustr\u00e9es autant par <a href=\"https:\/\/www.bfmtv.com\/economie\/entreprises\/le-groupe-textile-smcp-qui-detient-notamment-les-marques-sandro-et-maje-annonce-la-mise-en-vente-de-plus-de-50-de-son-capital_AD-202511270992.html\" title=\"Le groupe textile SMCP qui d\u00e9tient notamment les marques Sandro et Maje annonce la mise en vente de plus de 50% de son capital\" class=\"internal_link\" rel=\"nofollow noopener\" target=\"_blank\">la hausse des prix des v\u00eatements que par la baisse de qualit\u00e9 de leur composition<\/a>.<\/p>\n<p>\u00ab\u00a0C&rsquo;est vrai que nos prix ont augment\u00e9, donc les clientes viennent en rep\u00e9rage, mais pas plus. Elles ont du mal \u00e0 se r\u00e9soudre \u00e0 acheter. On sent que c&rsquo;est dur financi\u00e8rement, qu&rsquo;il n&rsquo;y a plus l&rsquo;envie de mettre le prix&#8230; Et d\u00e8s qu&rsquo;elles commencent \u00e0 se pencher sur les \u00e9tiquettes pour checker la composition des v\u00eatements, l\u00e0 on se prend des r\u00e9flexions\u00a0\u00bb, raconte-t-elle. \u00ab\u00a0Il y a un d\u00e9calage entre les deux qui les freine compl\u00e8tement\u00a0\u00bb.<\/p>\n<p>Les employ\u00e9s de la boutique concurrente, situ\u00e9e juste \u00e0 c\u00f4t\u00e9, ne sont \u00ab\u00a0pas d\u00e9bord\u00e9s non plus\u00a0\u00bb, plaisante Guillaume, alors que ses rayons sont quasi vides en cette mi-d\u00e9cembre. La faute <a href=\"https:\/\/www.bfmtv.com\/economie\/consommation\/le-black-friday-etend-ses-tentacules-sur-tout-le-mois-de-novembre-desormais-les-francais-comptent-y-consacrer-345-euros-cette-annee_AD-202511240452.html\" title=\"Le &quot;Black Friday&quot; \u00e9tend ses tentacules sur tout le mois de novembre d\u00e9sormais, les Fran\u00e7ais comptent y consacrer 345 euros cette ann\u00e9e\" class=\"internal_link\" rel=\"nofollow noopener\" target=\"_blank\">aux ventes priv\u00e9es du Black Friday qui ont eu lieu il y a 15 jours <\/a>selon lui. \u00ab\u00a0On a fait de gros chiffres \u00e0 ce moment-l\u00e0, avec des prix tr\u00e8s agressifs jusqu&rsquo;\u00e0 55% de r\u00e9duction, mais l\u00e0 forc\u00e9ment c&rsquo;est retomb\u00e9&#8230; C&rsquo;est logique: on \u00e9tire tellement ce nouveau temps-forts que les gens font leurs cadeaux \u00e0 ce moment-l\u00e0\u00a0\u00bb.<\/p>\n<p>La crise du pr\u00eat-\u00e0-porter est telle que ces trois derni\u00e8res ann\u00e9es, les \u00e9quipes n&rsquo;ont pas \u00e9t\u00e9 renforc\u00e9es par des CDD pour No\u00ebl comme \u00e7a pouvait \u00eatre le cas avant. On a plus besoin car d\u00e9sormais le flux n&rsquo;est plus massif, \u00e7a n&rsquo;a plus rien d&rsquo;ing\u00e9rable pour le personnel\u00a0\u00bb, confie le manager de cette petite boutiquette parisienne.<\/p>\n<p>En effet, un sondage IFOP publi\u00e9 ce mardi 2 d\u00e9cembre r\u00e9v\u00e9lait que la tendance \u00e9tait aux \u00e9conomies. <a href=\"https:\/\/www.bfmtv.com\/economie\/consommation\/pour-noel-pres-de-80-des-francais-font-attention-au-prix-de-leurs-cadeaux-mais-cedent-parfois-au-plaisir-d-offrir_AN-202512020884.html\" title=\"Pour No\u00ebl, pr\u00e8s de 80% des Fran\u00e7ais font attention au prix de leurs cadeaux, mais c\u00e8dent parfois au &quot;plaisir d&#039;offrir&quot;\" class=\"internal_link\" rel=\"nofollow noopener\" target=\"_blank\">Pr\u00e8s de 8 Fran\u00e7ais sur 10 (79%) font attention au prix de leurs cadeaux<\/a> de No\u00ebl et tentent de concilier plaisir d&rsquo;offrir et bonnes affaires, en optant pour des astuces comme le Black Friday (27% de sond\u00e9s y ont recours), des achats anticip\u00e9s durant l&rsquo;ann\u00e9e (34%) ou encore la seconde main.<\/p>\n<p>* Les personnes interrog\u00e9es ont pr\u00e9f\u00e9r\u00e9 conserver leur anonymat afin de ne pas \u00eatre identifiables.<\/p>\n","protected":false},"excerpt":{"rendered":"\u00c0 l&rsquo;approche de No\u00ebl, les deux derni\u00e8res semaines virent chaque ann\u00e9e \u00e0 la course aux cadeaux et tenues&hellip;\n","protected":false},"author":2,"featured_media":598260,"comment_status":"","ping_status":"","sticky":false,"template":"","format":"standard","meta":{"footnotes":""},"categories":[6],"tags":[35,33,34,1011,27],"class_list":{"0":"post-598259","1":"post","2":"type-post","3":"status-publish","4":"format-standard","5":"has-post-thumbnail","7":"category-economie","8":"tag-business","9":"tag-economie","10":"tag-economy","11":"tag-fr","12":"tag-france"},"share_on_mastodon":{"url":"https:\/\/pubeurope.com\/@fr\/115716800323736345","error":""},"_links":{"self":[{"href":"https:\/\/www.europesays.com\/fr\/wp-json\/wp\/v2\/posts\/598259","targetHints":{"allow":["GET"]}}],"collection":[{"href":"https:\/\/www.europesays.com\/fr\/wp-json\/wp\/v2\/posts"}],"about":[{"href":"https:\/\/www.europesays.com\/fr\/wp-json\/wp\/v2\/types\/post"}],"author":[{"embeddable":true,"href":"https:\/\/www.europesays.com\/fr\/wp-json\/wp\/v2\/users\/2"}],"replies":[{"embeddable":true,"href":"https:\/\/www.europesays.com\/fr\/wp-json\/wp\/v2\/comments?post=598259"}],"version-history":[{"count":0,"href":"https:\/\/www.europesays.com\/fr\/wp-json\/wp\/v2\/posts\/598259\/revisions"}],"wp:featuredmedia":[{"embeddable":true,"href":"https:\/\/www.europesays.com\/fr\/wp-json\/wp\/v2\/media\/598260"}],"wp:attachment":[{"href":"https:\/\/www.europesays.com\/fr\/wp-json\/wp\/v2\/media?parent=598259"}],"wp:term":[{"taxonomy":"category","embeddable":true,"href":"https:\/\/www.europesays.com\/fr\/wp-json\/wp\/v2\/categories?post=598259"},{"taxonomy":"post_tag","embeddable":true,"href":"https:\/\/www.europesays.com\/fr\/wp-json\/wp\/v2\/tags?post=598259"}],"curies":[{"name":"wp","href":"https:\/\/api.w.org\/{rel}","templated":true}]}}