{"id":598267,"date":"2025-12-14T07:48:26","date_gmt":"2025-12-14T07:48:26","guid":{"rendered":"https:\/\/www.europesays.com\/fr\/598267\/"},"modified":"2025-12-14T07:48:26","modified_gmt":"2025-12-14T07:48:26","slug":"horneland-ne-sera-pas-vire","status":"publish","type":"post","link":"https:\/\/www.europesays.com\/fr\/598267\/","title":{"rendered":"Horneland ne sera pas vir\u00e9"},"content":{"rendered":"<p><b>Dans la foul\u00e9e du nul arrach\u00e9 par l&rsquo;AS Saint-Etienne contre Bastia, la possibilit\u00e9 d&rsquo;un limogeage d&rsquo;Eirik Horneland a \u00e9t\u00e9 \u00e9voqu\u00e9e. Mais les dirigeants des Verts maintiennent leur confiance en l&rsquo;entra\u00eeneur norv\u00e9gien. <\/b><\/p>\n<p>Avec un mercato d&rsquo;\u00e9t\u00e9 digne d&rsquo;une \u00e9quipe de Ligue 1, l&rsquo;ASSE \u00e9tait programm\u00e9e pour rouler sur le championnat de <a href=\"https:\/\/www.foot01.com\/ligue2\" title=\"Ligue 2\" rel=\"nofollow noopener\" target=\"_blank\">Ligue 2<\/a> et facilement revenir dans l&rsquo;\u00e9lite. R\u00e9sultat, alors que l&rsquo;on arrive \u00e0 la fin de l&rsquo;ann\u00e9e 2025, l<a href=\"https:\/\/www.foot01.com\/ligue2\/l2-lasse-se-rate-contre-le-dernier\" target=\"_self\" rel=\"nofollow noopener\">es Verts ont pens\u00e9 pendant longtemps qu&rsquo;ils allaient \u00eatre battus \u00e0 Geoffroy-Guichard par Bastia<\/a>, lanterne rouge. Avec ce nul face aux Corses (2-2), les Verts sont d\u00e9sormais \u00e0 deux points de Troyes, qui compte un match en moins. Et, surtout, Saint-Etienne voit plusieurs \u00e9quipes revenir dans la course \u00e0 l&rsquo;\u00e9lite et ce n&rsquo;\u00e9tait pas pr\u00e9vu.<\/p>\n<p>Alors, d\u00e8s samedi soir, dans l&rsquo;apr\u00e8s-match sur Beinsports, l&rsquo;avenir d&rsquo;Eirik Horneland sur le banc de l&rsquo;AS Saint-\u00c9tienne \u00e9tait ouvertement \u00e9voqu\u00e9 par les journalistes et les consultants. Mais, \u00e0 en croire L&rsquo;Equipe, il n&rsquo;y aura aucune r\u00e9volution pendant la pause hivernale \u00e0 l&rsquo;ASSE, les dirigeants \u00e9tant toujours droits dans leurs bottes sur ce sujet.<\/p>\n<p>Pas de r\u00e9volution \u00e0 l&rsquo;ASSE<\/p>\n<p>Le quotidien sportif r\u00e9v\u00e8le que du c\u00f4t\u00e9 d&rsquo;Ivan Gazidis, patron et \u00e9missaire de Kilmer Sports \u00e0 l&rsquo;AS Saint-Etienne, on n&rsquo;envisage pas de se s\u00e9parer de l&rsquo;entra\u00eeneur norv\u00e9gien. A la fois parce que l&rsquo;on pense que ce dernier n&rsquo;a pas rat\u00e9 sa mission cette saison, \u00e0 savoir faire de l&rsquo;ASSE un favori \u00e0 la remont\u00e9e directe en Ligue 1. Mais surtout car Gazidis refuse de se d\u00e9juger concernant Eirik Horneland, lui qui avait vant\u00e9 les m\u00e9rites du technicien arriv\u00e9 pour sauver la place des Verts, ce qu&rsquo;il n&rsquo;avait pourtant pas r\u00e9ussi \u00e0 faire. Alors, les supporters st\u00e9phanois, toujours aussi fid\u00e8les malgr\u00e9 la d\u00e9ception, vont devoir accepter l&rsquo;id\u00e9e que leur \u00e9quipe pr\u00e9f\u00e9r\u00e9e ira au bout de la saison avec Horneland. En esp\u00e9rant que ce dernier acceptera enfin de remettre en cause ses choix tactiques. Ce qui pour l&rsquo;instant n&rsquo;est pas le cas.<\/p>\n","protected":false},"excerpt":{"rendered":"Dans la foul\u00e9e du nul arrach\u00e9 par l&rsquo;AS Saint-Etienne contre Bastia, la possibilit\u00e9 d&rsquo;un limogeage d&rsquo;Eirik Horneland a&hellip;\n","protected":false},"author":2,"featured_media":598268,"comment_status":"","ping_status":"","sticky":false,"template":"","format":"standard","meta":{"footnotes":""},"categories":[9653],"tags":[1111,11,461,2430,8936,1777,674,1011,27,446,12,25,4001],"class_list":{"0":"post-598267","1":"post","2":"type-post","3":"status-publish","4":"format-standard","5":"has-post-thumbnail","7":"category-saint-etienne","8":"tag-actu","9":"tag-actualites","10":"tag-asse","11":"tag-auvergne-rhone-alpes","12":"tag-breaking-news","13":"tag-eu","14":"tag-europe","15":"tag-fr","16":"tag-france","17":"tag-ligue-2","18":"tag-news","19":"tag-republique-francaise","20":"tag-saint-etienne"},"share_on_mastodon":{"url":"https:\/\/pubeurope.com\/@fr\/115716823753571313","error":""},"_links":{"self":[{"href":"https:\/\/www.europesays.com\/fr\/wp-json\/wp\/v2\/posts\/598267","targetHints":{"allow":["GET"]}}],"collection":[{"href":"https:\/\/www.europesays.com\/fr\/wp-json\/wp\/v2\/posts"}],"about":[{"href":"https:\/\/www.europesays.com\/fr\/wp-json\/wp\/v2\/types\/post"}],"author":[{"embeddable":true,"href":"https:\/\/www.europesays.com\/fr\/wp-json\/wp\/v2\/users\/2"}],"replies":[{"embeddable":true,"href":"https:\/\/www.europesays.com\/fr\/wp-json\/wp\/v2\/comments?post=598267"}],"version-history":[{"count":0,"href":"https:\/\/www.europesays.com\/fr\/wp-json\/wp\/v2\/posts\/598267\/revisions"}],"wp:featuredmedia":[{"embeddable":true,"href":"https:\/\/www.europesays.com\/fr\/wp-json\/wp\/v2\/media\/598268"}],"wp:attachment":[{"href":"https:\/\/www.europesays.com\/fr\/wp-json\/wp\/v2\/media?parent=598267"}],"wp:term":[{"taxonomy":"category","embeddable":true,"href":"https:\/\/www.europesays.com\/fr\/wp-json\/wp\/v2\/categories?post=598267"},{"taxonomy":"post_tag","embeddable":true,"href":"https:\/\/www.europesays.com\/fr\/wp-json\/wp\/v2\/tags?post=598267"}],"curies":[{"name":"wp","href":"https:\/\/api.w.org\/{rel}","templated":true}]}}