{"id":598274,"date":"2025-12-14T07:53:16","date_gmt":"2025-12-14T07:53:16","guid":{"rendered":"https:\/\/www.europesays.com\/fr\/598274\/"},"modified":"2025-12-14T07:53:16","modified_gmt":"2025-12-14T07:53:16","slug":"champions-cup-victoire-deja-obligatoire-pour-toulon-contre-le-bath-de-finn-russell","status":"publish","type":"post","link":"https:\/\/www.europesays.com\/fr\/598274\/","title":{"rendered":"Champions Cup : victoire d\u00e9j\u00e0 obligatoire pour Toulon contre le Bath de Finn Russell"},"content":{"rendered":"<p>Les matchs de phase finale arrivent plus t\u00f4t que pr\u00e9vu pour le RCT cette ann\u00e9e. Quart de finaliste de Champions Cup la saison derni\u00e8re, le club varois a d\u00e9but\u00e9 <a href=\"https:\/\/www.laprovence.com\/article\/sports\/61472035010199\/rugby-on-a-envie-daller-au-bout-baubigny-devoile-les-ambitions-de-toulon-en-champions-cup\" target=\"_blank\" rel=\"noopener\">sa campagne europ\u00e9enne<\/a> par une d\u00e9faite sur le terrain d&rsquo;\u00c9dimbourg dimanche dernier (20-33) et pourrait d\u00e9j\u00e0 dire adieu aux premi\u00e8res places du groupe en cas de nouveau revers ce dimanche. \u00ab\u00a0Si tu perds les deux premiers matches, c&rsquo;est tr\u00e8s compliqu\u00e9 d&rsquo;avancer dans une comp\u00e9tition comme celle-l\u00e0, confie <a href=\"https:\/\/www.laprovence.com\/article\/sports\/1901317098023914\/rugby-ben-white-prolonge-au-rc-toulon-jusquen-2028\" target=\"_blank\" rel=\"noopener\">Ben White<\/a>. On aura besoin d&rsquo;\u00eatre bien meilleurs que la semaine derni\u00e8re pour battre Bath mais on a confiance en nous et au soutien de notre public. C&rsquo;est important pour nous de gagner aujourd&rsquo;hui avant de revenir au Top 14.\u00a0\u00bb<\/p>\n<p>Le demi de m\u00eal\u00e9e ne se trompe pas, Toulon n&rsquo;est pas la m\u00eame \u00e9quipe \u00e0 domicile et \u00e0 l&rsquo;ext\u00e9rieur cette saison. Avec six succ\u00e8s dont cinq bonifi\u00e9s au stade Mayol, le club rouge et noir conna\u00eet la recette pour redresser la barre et conserver une chance de terminer en t\u00eate de sa poule. Une premi\u00e8re place recherch\u00e9e pour jouer \u00e0 domicile en phase finale mais compromise avant de recevoir l&rsquo;ogre du groupe. Le num\u00e9ro neuf et ses partenaires vont en effet affronter une \u00e9quipe redoutable et en pleine confiance ce diman&#8230;<\/p>\n","protected":false},"excerpt":{"rendered":"Les matchs de phase finale arrivent plus t\u00f4t que pr\u00e9vu pour le RCT cette ann\u00e9e. Quart de finaliste&hellip;\n","protected":false},"author":2,"featured_media":598275,"comment_status":"","ping_status":"","sticky":false,"template":"","format":"standard","meta":{"footnotes":""},"categories":[9619],"tags":[17,1111,11,6828,6829,1442,1777,674,1011,27,12,3024,471,882,25,479,60,2310,1264],"class_list":{"0":"post-598274","1":"post","2":"type-post","3":"status-publish","4":"format-standard","5":"has-post-thumbnail","7":"category-toulon","8":"tag-17","9":"tag-actu","10":"tag-actualites","11":"tag-champions","12":"tag-cup","13":"tag-deja","14":"tag-eu","15":"tag-europe","16":"tag-fr","17":"tag-france","18":"tag-news","19":"tag-obligatoire","20":"tag-pour","21":"tag-provence-alpes-cote-dazur","22":"tag-republique-francaise","23":"tag-rugby","24":"tag-sports","25":"tag-toulon","26":"tag-victoire"},"share_on_mastodon":{"url":"https:\/\/pubeurope.com\/@fr\/115716843569946073","error":""},"_links":{"self":[{"href":"https:\/\/www.europesays.com\/fr\/wp-json\/wp\/v2\/posts\/598274","targetHints":{"allow":["GET"]}}],"collection":[{"href":"https:\/\/www.europesays.com\/fr\/wp-json\/wp\/v2\/posts"}],"about":[{"href":"https:\/\/www.europesays.com\/fr\/wp-json\/wp\/v2\/types\/post"}],"author":[{"embeddable":true,"href":"https:\/\/www.europesays.com\/fr\/wp-json\/wp\/v2\/users\/2"}],"replies":[{"embeddable":true,"href":"https:\/\/www.europesays.com\/fr\/wp-json\/wp\/v2\/comments?post=598274"}],"version-history":[{"count":0,"href":"https:\/\/www.europesays.com\/fr\/wp-json\/wp\/v2\/posts\/598274\/revisions"}],"wp:featuredmedia":[{"embeddable":true,"href":"https:\/\/www.europesays.com\/fr\/wp-json\/wp\/v2\/media\/598275"}],"wp:attachment":[{"href":"https:\/\/www.europesays.com\/fr\/wp-json\/wp\/v2\/media?parent=598274"}],"wp:term":[{"taxonomy":"category","embeddable":true,"href":"https:\/\/www.europesays.com\/fr\/wp-json\/wp\/v2\/categories?post=598274"},{"taxonomy":"post_tag","embeddable":true,"href":"https:\/\/www.europesays.com\/fr\/wp-json\/wp\/v2\/tags?post=598274"}],"curies":[{"name":"wp","href":"https:\/\/api.w.org\/{rel}","templated":true}]}}