{"id":598276,"date":"2025-12-14T07:54:19","date_gmt":"2025-12-14T07:54:19","guid":{"rendered":"https:\/\/www.europesays.com\/fr\/598276\/"},"modified":"2025-12-14T07:54:19","modified_gmt":"2025-12-14T07:54:19","slug":"sortir-a-montpellier-happy-days-lily-benmeni-balthazar-des-idees-du-lundi-15-au-mercredi-17-decembre","status":"publish","type":"post","link":"https:\/\/www.europesays.com\/fr\/598276\/","title":{"rendered":"Sortir \u00e0 Montpellier\u00a0: Happy Days, Lily Benmeni, Balthazar\u2026 des id\u00e9es du lundi\u00a015 au mercredi 17\u00a0d\u00e9cembre"},"content":{"rendered":"<p>\n                                                                G\u00e9om\u00e9trie de vies \u00e0 La Vignette, rencontre \u00e0 l\u2019Utopia, danse contemporaine, speed dating LGBT, Lily Benmeni au Point Com\u00e9die, Happy Days \u00e0 la N5 Galerie, jeux \u00e0 la m\u00e9diath\u00e8que Garcia Lorca, Festival du Cin\u00e9 des enfants au Diagonal ou cr\u00e9ation collective du CADC Balthazar au domaine d\u2019O.\n                            <\/p>\n<p>D\u00e9couvrez notre s\u00e9lection de sorties pour ce d\u00e9but de semaine du c\u00f4t\u00e9 de <a href=\"https:\/\/www.midilibre.fr\/herault\/montpellier\/\" target=\"_blank\" rel=\"noopener\">Montpellier<\/a> et faites le plein d\u2019id\u00e9es avec notre<a href=\"https:\/\/www.midilibre.fr\/agenda\/?path=&amp;q=&amp;where=herault%3Amontpellier&amp;insee=34172&amp;from=2025-12-15&amp;to=2025-12-17&amp;agendapg=31#1664155\" target=\"_blank\" rel=\"noopener\"> agenda en ligne<\/a>.<\/p>\n<p>Lundi 15\u00a0d\u00e9cembre<\/p>\n<p>G\u00e9om\u00e9trie de vies<\/p>\n<blockquote data-instgrm-captioned=\"\" data-instgrm-permalink=\"https:\/\/www.instagram.com\/reel\/DR4NDShARin\/?utm_source=ig_embed&amp;utm_campaign=loading\" data-instgrm-version=\"14\" style=\" background:#FFF; border:0; border-radius:3px; box-shadow:0 0 1px 0 rgba(0,0,0,0.5),0 1px 10px 0 rgba(0,0,0,0.15); margin: 1px; max-width:540px; min-width:326px; padding:0; width:99.375%; width:-webkit-calc(100% - 2px); width:calc(100% - 2px);\" data-class=\"instagram-media\"\/>\n<p><strong>Th\u00e9\u00e2tre.\u00a0<\/strong>Michael Disanka et Christiana Tabaro plongent dans leurs souvenirs d\u2019enfance pour nouer le r\u00e9cit autobiographique, l\u2019histoire contemporaine du Congo et celle de la cr\u00e9ation dramaturgique.<\/p>\n<p>&gt;\u00a0Lundi 15\u00a0d\u00e9cembre \u00e0 <strong>19\u00a0h\u00a015<\/strong>, mardi\u00a016\u00a0\u00e0 20\u00a0heures et\u00a0mercredi\u00a017 \u00e0 19\u00a0h\u00a015 au <a href=\"https:\/\/theatre.univ-montp3.fr\/\" target=\"_blank\" rel=\"noopener\">th\u00e9\u00e2tre la Vignette<\/a>, campus Paul-Val\u00e9ry, avenue Val de Montferrand \u00e0 <a href=\"https:\/\/www.midilibre.fr\/herault\/montpellier\/\" target=\"_blank\" rel=\"noopener\">Montpellier<\/a>. Plein tarif 20\u00a0\u20ac, r\u00e9duit 13\u00a0\u20ac, \u00e9tudiant 10\u00a0\u20ac, Yoot 5\u00a0\u20ac. Contact au 04\u00a067\u00a014\u00a055\u00a098.<\/p>\n<p>\u00ab\u00a0Le Dernier Compromis\u00a0\u00bb<\/p>\n<p><strong>Cin\u00e9-rencontre. <\/strong>En pr\u00e9sence d\u2019Anne Fonteneau, r\u00e9alisatrice du film, et de membres de la CFDT. Documentaire (1h22).\u00a0En 2023, dans une France en \u00e9bullition, secou\u00e9e par la r\u00e9forme des retraites et un malaise d\u00e9mocratique croissant, Laurent Berger vit ses derniers mois \u00e0 la t\u00eate du premier syndicat de France. Ce film le suit au quotidien mener ses deux derni\u00e8res batailles.<\/p>\n<p>&gt;\u00a0Lundi 15\u00a0d\u00e9cembre \u00e0 <strong>20\u00a0heures<\/strong> au <a href=\"https:\/\/www.cinemas-utopia.org\/montpellier\/\" target=\"_blank\" rel=\"noopener\">cin\u00e9ma Utopia<\/a>, 5 avenue Docteur-Pezet \u00e0 <a href=\"https:\/\/www.midilibre.fr\/herault\/montpellier\/\" target=\"_blank\" rel=\"noopener\">Montpellier<\/a>. Tarif normal 7\u00a0\u20ac. Contact au\u00a004\u00a067\u00a052\u00a032\u00a000.<\/p>\n<p>Mardi 16\u00a0d\u00e9cembre<\/p>\n<p>A l\u2019Origine<\/p>\n<p><strong>Mouvements sur la ville. <\/strong>Un spectacle de danse contemporaine port\u00e9 par Honji Wang et S\u00e9bastien Ramirez, o\u00f9 se m\u00ealent autobiographie artistique et qu\u00eate identitaire. La pi\u00e8ce explore la complexit\u00e9 des relations humaines, entre tensions, tendresse et r\u00e9silience.<\/p>\n<p>&gt;\u00a0Mardi 16\u00a0d\u00e9cembre \u00e0 <strong>19\u00a0h\u00a030<\/strong> au p\u00f4le de d\u00e9veloppement chor\u00e9graphique Bernard-Glandier, 155 rue de Bologne \u00e0 <a href=\"https:\/\/www.midilibre.fr\/herault\/montpellier\/\" target=\"_blank\" rel=\"noopener\">Montpellier<\/a>. Plein tarif 10\u00a0\u20ac, r\u00e9duit 8\u00a0\u20ac.<\/p>\n<p>Club Dating<\/p>\n<blockquote data-instgrm-captioned=\"\" data-instgrm-permalink=\"https:\/\/www.instagram.com\/p\/DR-GV0UAng1\/?utm_source=ig_embed&amp;utm_campaign=loading\" data-instgrm-version=\"14\" style=\" background:#FFF; border:0; border-radius:3px; box-shadow:0 0 1px 0 rgba(0,0,0,0.5),0 1px 10px 0 rgba(0,0,0,0.15); margin: 1px; max-width:540px; min-width:326px; padding:0; width:99.375%; width:-webkit-calc(100% - 2px); width:calc(100% - 2px);\" data-class=\"instagram-media\"\/>\n<p><strong>Speed dating.<\/strong>\u00a0Envie de vraies connexions, sans \u00e9cran interpos\u00e9\u00a0? Moments de d\u00e9tentes entre les rounds de speed dating, une animation brise-glace. Soir\u00e9e\u00a0LGBT.<\/p>\n<p>&gt;\u00a0Mardi 16\u00a0d\u00e9cembre \u00e0<strong> 20\u00a0heures<\/strong> au <a href=\"https:\/\/invader.bar\/\" target=\"_blank\" rel=\"noopener\">Invider\u00a0&#8211; R\u00e9tro Bar<\/a>, 34 rue de l\u2019Universit\u00e9 \u00e0\u00a0<a href=\"https:\/\/www.midilibre.fr\/herault\/montpellier\/\" target=\"_blank\" rel=\"noopener\">Montpellier<\/a>. Entr\u00e9e <a href=\"https:\/\/www.billetweb.fr\/speed-dating-version-homo-a-linvader\" target=\"_blank\" rel=\"noopener\">sur inscription<\/a> 10\u00a0\u20ac. Contact au\u00a004\u00a067\u00a050\u00a092\u00a073.<\/p>\n<p>Lily Benmeni, \u00ab\u00a0La boucle est boucl\u00e9e\u00a0\u00bb<\/p>\n<blockquote data-instgrm-captioned=\"\" data-instgrm-permalink=\"https:\/\/www.instagram.com\/p\/DEhk841N_kq\/?utm_source=ig_embed&amp;utm_campaign=loading\" data-instgrm-version=\"14\" style=\" background:#FFF; border:0; border-radius:3px; box-shadow:0 0 1px 0 rgba(0,0,0,0.5),0 1px 10px 0 rgba(0,0,0,0.15); margin: 1px; max-width:540px; min-width:326px; padding:0; width:99.375%; width:-webkit-calc(100% - 2px); width:calc(100% - 2px);\" data-class=\"instagram-media\"\/>\n<p><strong>Spectacle.<\/strong> Lily\u00a0expose de mani\u00e8re empathique et humoristique sa qu\u00eate identitaire \u00e0 travers ses origines et son \u00e9ducation, tout en racontant ses aventures pour r\u00e9aliser son r\u00eave\u00a0: \u00eatre sur sc\u00e8ne, un point c\u2019est tout\u00a0!<\/p>\n<p>&gt;\u00a0Mardi 16\u00a0d\u00e9cembre\u00a0\u00e0 <strong>21\u00a0heures<\/strong> au <a href=\"https:\/\/www.lepointcomedie.fr\/\" target=\"_blank\" rel=\"noopener\">th\u00e9\u00e2tre le Point Com\u00e9die<\/a>, 9 rue Sainte-Ursule \u00e0<a href=\"https:\/\/www.midilibre.fr\/herault\/montpellier\/\" target=\"_blank\" rel=\"noopener\"> Montpellier<\/a>. Plein tarif 18\u00a0\u20ac, r\u00e9duit 16\u00a0\u20ac. Contact au\u00a006\u00a004\u00a014\u00a076\u00a008.<\/p>\n<p>Mercredi 17\u00a0d\u00e9cembre<\/p>\n<p>Happy Days<\/p>\n<p>        <img decoding=\"async\" class=\"std-img__img responsive-img\" src=\"https:\/\/www.europesays.com\/fr\/wp-content\/uploads\/2025\/12\/1765698857_747_image.jpg\" alt=\"Une exposition collective.\"\/><\/p>\n<p>                Une exposition collective.<\/p>\n<p><strong>Exposition.<\/strong> 11 ans que la N5 Galerie explore l\u2019art contemporain pour faire d\u00e9couvrir sur ses cimaises les \u0153uvres d\u2019artistes \u00e9mergents et\/ou confirm\u00e9s. Cette exposition propose, au regard et \u00e0 la vente, un choix de nouvelles cr\u00e9ations, de pi\u00e8ces uniques et de multiples en \u00e9dition limit\u00e9e de Guiome David, Jo\u00eblle Bondil, Gaston, H\u00e9l\u00e8ne Hampartzoumian, Mich\u00e8le Mascherpa, Helga St\u00fcber-Nicolas, Vincent Puren, Pierre Touron et invit\u00e9s\u2026<\/p>\n<p>&gt;\u00a0Du\u00a0mercredi au samedi jusqu\u2019au\u00a027\u00a0d\u00e9cembre de 10\u00a0h \u00e0 12\u00a0h\u00a030 et de 14\u00a0h \u00e0 18\u00a0heures \u00e0 la\u00a0<a href=\"https:\/\/n5galeriemontpellier.com\/\" target=\"_blank\" rel=\"noopener\">N5 Galerie<\/a>, 5 rue Sainte-Anne \u00e0 <a href=\"https:\/\/www.midilibre.fr\/herault\/montpellier\/\" target=\"_blank\" rel=\"noopener\">Montpellier<\/a>. Entr\u00e9e libre. Contact au\u00a009\u00a081\u00a005\u00a039\u00a075.<\/p>\n<p>Jouons ensemble sp\u00e9cial Dino<\/p>\n<p><strong>Animation.<\/strong>\u00a0La m\u00e9diath\u00e8que se transforme en terrain de jeu pour une d\u00e9couverte dr\u00f4le et anim\u00e9e des jeux de soci\u00e9t\u00e9. \u00c0 toi de jouer\u00a0!<\/p>\n<p>&gt;\u00a0Mercredi 17\u00a0d\u00e9cembre de <strong>15\u00a0h\u00a030 \u00e0 17\u00a0h\u00a030<\/strong> \u00e0 la <a href=\"https:\/\/mediatheques.montpellier3m.fr\/default\/mediatheque-federico-garcia-lorca.aspx?_lg=fr-FR\" target=\"_blank\" rel=\"noopener\">m\u00e9diath\u00e8que Federico Garcia Lorca<\/a>, 162 avenue de Palavas \u00e0 <a href=\"https:\/\/www.midilibre.fr\/herault\/montpellier\/\" target=\"_blank\" rel=\"noopener\">Montpellier<\/a>. Gratuit, entr\u00e9e libre. Contact au\u00a004\u00a099\u00a013\u00a039\u00a049.<\/p>\n<p>Festival du Cin\u00e9 des enfants\u00a0: \u00ab\u00a0Olivia\u00a0\u00bb<\/p>\n<p><strong>Avant-premi\u00e8re.<\/strong>\u00a0\u00ab\u00a0Ram\u00e8ne avec toi tes livres et tes jouets en bon \u00e9tat pour les donner \u00e0 des enfants de Montpellier\u00a0\u00bb\u00a0: s\u00e9ance suivie d\u2019une collecte de jouets, en partenariat avec le Secours Populaire. Animation (1h11) \u00e0 partir de 8 ans d\u2019Irene Iborra. \u00c0 12 ans, Olivia voit son quotidien boulevers\u00e9. Elle va devoir s\u2019habituer \u00e0 une nouvelle vie plus modeste et veiller seule sur son petit fr\u00e8re. Leur rencontre avec des voisins chaleureux et hauts en couleur va transformer leur monde en un vrai film d\u2019aventure\u00a0!<\/p>\n<p>&gt;\u00a0Mercredi 17\u00a0d\u00e9cembre \u00e0 <strong>16\u00a0heures<\/strong>\u00a0au <a href=\"https:\/\/www.cinediagonal.com\/\" target=\"_blank\" rel=\"noopener\">cin\u00e9ma Diagonal<\/a>, 5 rue de Verdun \u00e0 <a href=\"https:\/\/www.midilibre.fr\/herault\/montpellier\/\" target=\"_blank\" rel=\"noopener\">Montpellier<\/a>. Moins de 14 ans 5\u00a0\u20ac, tarif normal 8\u00a0\u20ac. Contact au\u00a004\u00a067\u00a058\u00a058\u00a010.<\/p>\n<p>Cr\u00e9ation collective CADC Balthazar<\/p>\n<p>        <img decoding=\"async\" class=\"std-img__img responsive-img\" src=\"https:\/\/www.europesays.com\/fr\/wp-content\/uploads\/2025\/12\/1765698859_59_image.jpg\" alt=\"Au Domaine d\u2019O, les 23 stagiaires du CADC Balthazar se mettent en cuisine pour vous concocter un spectacle savoureux\u00a0!\"\/><\/p>\n<p>                Au Domaine d\u2019O, les 23 stagiaires du CADC Balthazar se mettent en cuisine pour vous concocter un spectacle savoureux\u00a0!<\/p>\n<p><strong>Cirque.<\/strong> Les stagiaires des formations pr\u00e9paratoire et professionnelle rassemblent leurs recherches sous forme de num\u00e9ros, accompagn\u00e9s par l\u2019\u00e9quipe artistique, pour vivre une exp\u00e9rience de cr\u00e9ation, aventure artistique au c\u0153ur du projet p\u00e9dagogique du Centre des arts du cirque Balthazar. Avec <strong>\u00ab\u00a0La carotte sera sal\u00e9e\u00a0\u00bb<\/strong>, \u00e0\u00a0travers leurs diff\u00e9rentes sp\u00e9cialit\u00e9s circassiennes, les jeunes artistes se confrontent \u00e0 la probl\u00e9matique de l\u2019alimentation, et des cons\u00e9quences qu\u2019elle peut avoir sur leur pratique.<\/p>\n<p>&gt;\u00a0Mercredi\u00a017, jeudi\u00a018 et\u00a0vendredi 19\u00a0d\u00e9cembre \u00e0 <strong>20\u00a0heures<\/strong>, au\u00a0<a href=\"https:\/\/www.domainedo.fr\/\" target=\"_blank\" rel=\"noopener\">Domaine d\u2019O<\/a>, chapiteau Balthazar, 178 rue de la Carrierasse \u00e0 <a href=\"https:\/\/www.midilibre.fr\/herault\/montpellier\/\" target=\"_blank\" rel=\"noopener\">Montpellier<\/a>. De 8 \u00e0 15\u00a0\u20ac. Contact au\u00a008\u00a000\u00a020\u00a001\u00a065.<\/p>\n<p>                                                                                                                                                                                                        <script async src=\"\/\/www.instagram.com\/embed.js\"><\/script><\/p>\n","protected":false},"excerpt":{"rendered":"G\u00e9om\u00e9trie de vies \u00e0 La Vignette, rencontre \u00e0 l\u2019Utopia, danse contemporaine, speed dating LGBT, Lily Benmeni au Point&hellip;\n","protected":false},"author":2,"featured_media":598277,"comment_status":"","ping_status":"","sticky":false,"template":"","format":"standard","meta":{"footnotes":""},"categories":[9599],"tags":[1111,11,872,1777,674,1011,27,7089,2208,12,2680,25],"class_list":{"0":"post-598276","1":"post","2":"type-post","3":"status-publish","4":"format-standard","5":"has-post-thumbnail","7":"category-montpellier","8":"tag-actu","9":"tag-actualites","10":"tag-culture-et-loisirs","11":"tag-eu","12":"tag-europe","13":"tag-fr","14":"tag-france","15":"tag-herault","16":"tag-montpellier","17":"tag-news","18":"tag-occitanie","19":"tag-republique-francaise"},"share_on_mastodon":{"url":"https:\/\/pubeurope.com\/@fr\/115716848589848180","error":""},"_links":{"self":[{"href":"https:\/\/www.europesays.com\/fr\/wp-json\/wp\/v2\/posts\/598276","targetHints":{"allow":["GET"]}}],"collection":[{"href":"https:\/\/www.europesays.com\/fr\/wp-json\/wp\/v2\/posts"}],"about":[{"href":"https:\/\/www.europesays.com\/fr\/wp-json\/wp\/v2\/types\/post"}],"author":[{"embeddable":true,"href":"https:\/\/www.europesays.com\/fr\/wp-json\/wp\/v2\/users\/2"}],"replies":[{"embeddable":true,"href":"https:\/\/www.europesays.com\/fr\/wp-json\/wp\/v2\/comments?post=598276"}],"version-history":[{"count":0,"href":"https:\/\/www.europesays.com\/fr\/wp-json\/wp\/v2\/posts\/598276\/revisions"}],"wp:featuredmedia":[{"embeddable":true,"href":"https:\/\/www.europesays.com\/fr\/wp-json\/wp\/v2\/media\/598277"}],"wp:attachment":[{"href":"https:\/\/www.europesays.com\/fr\/wp-json\/wp\/v2\/media?parent=598276"}],"wp:term":[{"taxonomy":"category","embeddable":true,"href":"https:\/\/www.europesays.com\/fr\/wp-json\/wp\/v2\/categories?post=598276"},{"taxonomy":"post_tag","embeddable":true,"href":"https:\/\/www.europesays.com\/fr\/wp-json\/wp\/v2\/tags?post=598276"}],"curies":[{"name":"wp","href":"https:\/\/api.w.org\/{rel}","templated":true}]}}