{"id":598278,"date":"2025-12-14T07:56:15","date_gmt":"2025-12-14T07:56:15","guid":{"rendered":"https:\/\/www.europesays.com\/fr\/598278\/"},"modified":"2025-12-14T07:56:15","modified_gmt":"2025-12-14T07:56:15","slug":"policier-blesse-et-voitures-accidentees","status":"publish","type":"post","link":"https:\/\/www.europesays.com\/fr\/598278\/","title":{"rendered":"policier bless\u00e9 et voitures accident\u00e9es"},"content":{"rendered":"<p>                    Par<br \/>\n        <strong><br \/>\n            <a href=\"https:\/\/actu.fr\/auteur\/jm-aubert\" title=\"Consulter tous les articles de Jean-Marc Aubert\" target=\"_blank\" rel=\"noopener\">Jean-Marc Aubert<\/a><br \/>\n                    <\/strong><\/p>\n<p>        Publi\u00e9 le<\/p>\n<p>            14 d\u00e9c. 2025 \u00e0 8h20<br \/>\n        ; mis \u00e0 jour le 14 d\u00e9c. 2025 \u00e0 8h52    <\/p>\n<p>\/ INFO M\u00c9TROPOLITAIN \/<\/p>\n<p class=\" wall-content\">Une <strong>spectaculaire course-poursuite<\/strong>, ce samedi 13 d\u00e9cembre 2025 en soir\u00e9e, \u00e0 <strong>Montpellier<\/strong> a fait un bless\u00e9 l\u00e9ger, un policier national \u00e0 bord d\u2019un v\u00e9hicule de police secours, volontairement percut\u00e9 et endommag\u00e9 par le chauffard, qui avait refus\u00e9 d\u2019obtemp\u00e9rer. <strong>R\u00e9cit.<\/strong><\/p>\n<p class=\" wall-content\">Vers 20h15, alors qu\u2019une patrouille de <strong>police secours<\/strong> circule rue des Marels, dans le quartier Est du Mill\u00e9naire, connu pour abriter un important point de deal, une Renault Clio rouge attire son attention. Les policiers veulent contr\u00f4ler le conducteur, seul \u00e0 bord, mais il refuse et prend la fuite \u00e0 vive allure vers le rond-point dit de Dell, avant de se diriger verts le quartier de la Pompignane, suivi par l\u2019\u00e9quipage de police secours, qui re\u00e7oit rapidement le renfort d\u2019une autre police secours et d\u2019un v\u00e9hicule de la brigade anticriminalit\u00e9, Bac.<\/p>\n<p>    <a href=\"https:\/\/www.google.com\/maps\/embed?pb=!1m18!1m12!1m3!1d3945.6564387045187!2d3.9270478652416103!3d43.61924820260028!2m3!1f0!2f0!3f0!3m2!1i1024!2i768!4f13.1!3m3!1m2!1s0x12b6a5bd669594c3%3A0xbe3197f5469c672c!2sRue%20des%20Marels%2C%2034000!5e0!3m2!1sfr!2sfr!4v1765696311624!5m2!1sfr!2sfr\" title=\"Ouvrie le lien\" target=\"_blank\" rel=\"noopener\">Cliquez ici pour visualiser le contenu<\/a><\/p>\n<p class=\" wall-content\">Dans la rue des la Pompignane, le chauffard qui allait \u00eatre intercept\u00e9 n\u2019h\u00e9site pas \u00e0 percuter volontairement la voiture de police secours, qui effectue une violente sortie de route, pour finir sa course contre un talus. Par ailleurs, il tente de reproduire le m\u00eame sc\u00e9nario sur le v\u00e9hicule de la Bac.<\/p>\n<p class=\" wall-content\">Lors de cet accident, le pilote d\u2019un scooter qui circulait en sens inverse a failli \u00eatre renvers\u00e9. Face \u00e0 cette situation de danger pour les policiers et pour d\u2019autres conducteurs circulant sur cette art\u00e8re fr\u00e9quent\u00e9e, une des voitures de police a \u00e9t\u00e9 contraint de percuter la Renault Clio du chauffard, pour l\u2019immobiliser.<\/p>\n<p>Vid\u00e9os : en ce moment sur ActuChauffard sans permis<\/p>\n<p class=\" wall-content\">Il a \u00e9t\u00e9 interpell\u00e9 aussit\u00f4t et conduit illico au commissariat central, o\u00f9 il se trouve <strong>en garde \u00e0 vue<\/strong>. Il conduisait sans permis et poss\u00e9dait sur lui une petite quantit\u00e9 de drogue. Lors de l\u2019accident, un des gardiens de la paix d\u2019un des v\u00e9hicules de police secours qui \u00e9tait \u00e0 l\u2019avant a \u00e9t\u00e9 bless\u00e9 et secouru, inanim\u00e9, par les sapeurs-pompiers du <strong>Sdis 34<\/strong>.<\/p>\n<p class=\" wall-content\">Plac\u00e9 dans l\u2019unit\u00e9 \u00ab\u00a0d\u00e9choc\u00a0\u00bb des urgences de l\u2019h\u00f4pital Lapeyronie, o\u00f9 il a repris connaissance, \u00a0il a pu quitter le service vers 3h, en cette nuit de samedi \u00e0 dimanche. Les deux voitures de la DIPN 34 endommag\u00e9es sont remis\u00e9es dans la cour de l\u2019h\u00f4tel de ^police, ainsi que la Renault Clio.<\/p>\n<p>Votre r\u00e9gion, votre actu !<\/p>\n<p>Recevez chaque jour les infos qui comptent pour vous.<\/p>\n<p>\t<a href=\"https:\/\/actu.fr\/newsletter\" class=\"ac-btn ac-btn--corner ac-btn--medium ac-btn--blue800\" target=\"_blank\" rel=\"noopener\">S&rsquo;incrire<\/a><\/p>\n<p class=\" wall-content\">La proc\u00e9dure judiciaire en cours est supervis\u00e9e par le procureur de la R\u00e9publique de Montpellier.<\/p>\n<p class=\" wall-content\">Personnalisez votre actualit\u00e9 en ajoutant vos villes et m\u00e9dias en favori avec <a href=\"https:\/\/moncompte.actu.fr\" title=\"D\u00e9couvez Mon Actu\" rel=\"nofollow noopener\" data-trk=\"{&quot;cta&quot;:{&quot;action&quot;:&quot;https:\\\/\\\/moncompte.actu.fr&quot;,&quot;category&quot;:&quot;mon compte&quot;,&quot;from&quot;:&quot;article footer&quot;,&quot;name&quot;:&quot;Mon actu&quot;,&quot;type&quot;:&quot;cta&quot;}}\" target=\"_blank\">Mon Actu<\/a>.<\/p>\n","protected":false},"excerpt":{"rendered":"Par Jean-Marc Aubert Publi\u00e9 le 14 d\u00e9c. 2025 \u00e0 8h20 ; mis \u00e0 jour le 14 d\u00e9c. 2025&hellip;\n","protected":false},"author":2,"featured_media":598279,"comment_status":"","ping_status":"","sticky":false,"template":"","format":"standard","meta":{"footnotes":""},"categories":[9599],"tags":[1111,11,1777,674,118,1011,27,303,2208,12,2680,1072,25,7374],"class_list":{"0":"post-598278","1":"post","2":"type-post","3":"status-publish","4":"format-standard","5":"has-post-thumbnail","7":"category-montpellier","8":"tag-actu","9":"tag-actualites","10":"tag-eu","11":"tag-europe","12":"tag-faits-divers","13":"tag-fr","14":"tag-france","15":"tag-justice","16":"tag-montpellier","17":"tag-news","18":"tag-occitanie","19":"tag-police","20":"tag-republique-francaise","21":"tag-violences-policieres"},"share_on_mastodon":{"url":"","error":""},"_links":{"self":[{"href":"https:\/\/www.europesays.com\/fr\/wp-json\/wp\/v2\/posts\/598278","targetHints":{"allow":["GET"]}}],"collection":[{"href":"https:\/\/www.europesays.com\/fr\/wp-json\/wp\/v2\/posts"}],"about":[{"href":"https:\/\/www.europesays.com\/fr\/wp-json\/wp\/v2\/types\/post"}],"author":[{"embeddable":true,"href":"https:\/\/www.europesays.com\/fr\/wp-json\/wp\/v2\/users\/2"}],"replies":[{"embeddable":true,"href":"https:\/\/www.europesays.com\/fr\/wp-json\/wp\/v2\/comments?post=598278"}],"version-history":[{"count":0,"href":"https:\/\/www.europesays.com\/fr\/wp-json\/wp\/v2\/posts\/598278\/revisions"}],"wp:featuredmedia":[{"embeddable":true,"href":"https:\/\/www.europesays.com\/fr\/wp-json\/wp\/v2\/media\/598279"}],"wp:attachment":[{"href":"https:\/\/www.europesays.com\/fr\/wp-json\/wp\/v2\/media?parent=598278"}],"wp:term":[{"taxonomy":"category","embeddable":true,"href":"https:\/\/www.europesays.com\/fr\/wp-json\/wp\/v2\/categories?post=598278"},{"taxonomy":"post_tag","embeddable":true,"href":"https:\/\/www.europesays.com\/fr\/wp-json\/wp\/v2\/tags?post=598278"}],"curies":[{"name":"wp","href":"https:\/\/api.w.org\/{rel}","templated":true}]}}