{"id":598286,"date":"2025-12-14T08:03:37","date_gmt":"2025-12-14T08:03:37","guid":{"rendered":"https:\/\/www.europesays.com\/fr\/598286\/"},"modified":"2025-12-14T08:03:37","modified_gmt":"2025-12-14T08:03:37","slug":"les-compositions-officielles-de-red-star-reims-et-grenoble-montpellier","status":"publish","type":"post","link":"https:\/\/www.europesays.com\/fr\/598286\/","title":{"rendered":"les compositions officielles de Red-Star-Reims et Grenoble-Montpellier"},"content":{"rendered":"<p>La dix-septi\u00e8me journ\u00e9e de Ligue 2 s&rsquo;acc\u00e9l\u00e8re ce samedi apr\u00e8s-midi avec deux confrontations programm\u00e9es \u00e0 14h par la Ligue de Football Professionnel (LFP), qui seront \u00e0 suivre <a href=\"https:\/\/www.foot-national.com\/data\/live-foot.html\" target=\"_blank\" rel=\"noopener\">en direct<\/a> sur Foot-National. L&rsquo;affiche du jour oppose le Red Star FC (5e, 28 pts) au Stade de Reims (4e, 28 pts), un choc capital entre deux pr\u00e9tendants \u00e0 la mont\u00e9e, o\u00f9 le vainqueur prendra un avantage psychologique significatif en haut de tableau. Simultan\u00e9ment, le Grenoble Foot 38 (12e, 20 pts) re\u00e7oit le Montpellier H\u00e9rault Sport Club (8e, 24 pts), une rencontre cruciale pour les H\u00e9raultais qui cherchent \u00e0 se rapprocher du top 5, tandis que Grenoble vise \u00e0 s&rsquo;\u00e9loigner d\u00e9finitivement de la zone rouge. \u00c0 quelques instants du coup d&rsquo;envoi, l&rsquo;attente est \u00e0 son comble, et les compositions officielles choisies par les entra\u00eeneurs sont connues.<\/p>\n<p><strong>Les compositions officielles<\/strong><\/p>\n<p><strong>Red Star FC &#8211; Stade de Reims<\/strong><\/p>\n<ul>\n<li>RSFC : Poussin &#8211; Durivaux, Lemonnier, Danger &#8211; Sylla, Haag, Hachem, Ciss\u00e9 &#8211; Khaoui &#8211; Cabral, Durand<\/li>\n<li>SdR : Jaouen &#8211; Busi, Pallois, Akieme, Kon\u00e9 &#8211; Leoni, Zabi, Tia &#8211; Salama, Diarra, Nakamura<\/li>\n<\/ul>\n<p><strong>Grenoble Foot 38 &#8211; Montpellier H\u00e9rault Sport Club<\/strong><\/p>\n<ul>\n<li>GF38 : Allain &#8211; Mion, Paquiez, Mouyokolo, Sarikaya &#8211; Delos, Valls, Ben\u00eat &#8211; Bangr\u00e9, Diaby, Djitt\u00e9<\/li>\n<li>MHSC : Simon &#8211; Mincarelli, Jullien, Omeragic, Tchato, Chennahi &#8211; Everson Jr, Savanier &#8211; Orakpo, Mendy, Mbuku<\/li>\n<\/ul>\n<p>Partagez cette info avec vos amis et vos proches en cliquant ici<br \/>Pour r\u00e9sumer<\/p>\n<p>La dix-septi\u00e8me journ\u00e9e de Ligue 2 monte en puissance ce samedi apr\u00e8s-midi avec deux confrontations d\u00e9terminantes programm\u00e9es \u00e0 14h : Red Star &#8211; Reims et Grenoble &#8211; Montpellier. Les compositions officielles sont tomb\u00e9es.<\/p>\n<p> <img decoding=\"async\" width=\"76\" height=\"76\" loading=\"lazy\" src=\"https:\/\/static.wui.fr\/images_v3\/avatar-footnational.png\" alt=\"Aris Djennadi\"\/><\/p>\n","protected":false},"excerpt":{"rendered":"La dix-septi\u00e8me journ\u00e9e de Ligue 2 s&rsquo;acc\u00e9l\u00e8re ce samedi apr\u00e8s-midi avec deux confrontations programm\u00e9es \u00e0 14h par la&hellip;\n","protected":false},"author":2,"featured_media":598287,"comment_status":"","ping_status":"","sticky":false,"template":"","format":"standard","meta":{"footnotes":""},"categories":[9566],"tags":[1111,11,2430,1777,674,1011,27,2731,59995,12,25],"class_list":{"0":"post-598286","1":"post","2":"type-post","3":"status-publish","4":"format-standard","5":"has-post-thumbnail","7":"category-grenoble","8":"tag-actu","9":"tag-actualites","10":"tag-auvergne-rhone-alpes","11":"tag-eu","12":"tag-europe","13":"tag-fr","14":"tag-france","15":"tag-grenoble","16":"tag-ligue-2-actus","17":"tag-news","18":"tag-republique-francaise"},"share_on_mastodon":{"url":"https:\/\/pubeurope.com\/@fr\/115716884025376304","error":""},"_links":{"self":[{"href":"https:\/\/www.europesays.com\/fr\/wp-json\/wp\/v2\/posts\/598286","targetHints":{"allow":["GET"]}}],"collection":[{"href":"https:\/\/www.europesays.com\/fr\/wp-json\/wp\/v2\/posts"}],"about":[{"href":"https:\/\/www.europesays.com\/fr\/wp-json\/wp\/v2\/types\/post"}],"author":[{"embeddable":true,"href":"https:\/\/www.europesays.com\/fr\/wp-json\/wp\/v2\/users\/2"}],"replies":[{"embeddable":true,"href":"https:\/\/www.europesays.com\/fr\/wp-json\/wp\/v2\/comments?post=598286"}],"version-history":[{"count":0,"href":"https:\/\/www.europesays.com\/fr\/wp-json\/wp\/v2\/posts\/598286\/revisions"}],"wp:featuredmedia":[{"embeddable":true,"href":"https:\/\/www.europesays.com\/fr\/wp-json\/wp\/v2\/media\/598287"}],"wp:attachment":[{"href":"https:\/\/www.europesays.com\/fr\/wp-json\/wp\/v2\/media?parent=598286"}],"wp:term":[{"taxonomy":"category","embeddable":true,"href":"https:\/\/www.europesays.com\/fr\/wp-json\/wp\/v2\/categories?post=598286"},{"taxonomy":"post_tag","embeddable":true,"href":"https:\/\/www.europesays.com\/fr\/wp-json\/wp\/v2\/tags?post=598286"}],"curies":[{"name":"wp","href":"https:\/\/api.w.org\/{rel}","templated":true}]}}