{"id":598292,"date":"2025-12-14T08:06:14","date_gmt":"2025-12-14T08:06:14","guid":{"rendered":"https:\/\/www.europesays.com\/fr\/598292\/"},"modified":"2025-12-14T08:06:14","modified_gmt":"2025-12-14T08:06:14","slug":"hoenheim-les-gospel-kids-au-programme-du-concert-de-noel","status":"publish","type":"post","link":"https:\/\/www.europesays.com\/fr\/598292\/","title":{"rendered":"Hoenheim. Les Gospel Kids au programme du concert de No\u00ebl"},"content":{"rendered":"<p>Des classiques de l\u2019hiver, des gospels en anglais ou en africain, de compositions de vari\u00e9t\u00e9 fran\u00e7aise\u2026 \u00c0 l\u2019affiche du traditionnel concert de No\u00ebl de Hoenheim, cette ann\u00e9e, ce sont <a href=\"https:\/\/www.dna.fr\/culture-loisirs\/2024\/10\/23\/les-gospel-kids-dans-un-clip-humanitaire-pour-le-senegal\" target=\"_blank\" rel=\"noopener\">les Gospel Kids<\/a> \u00a0!<\/p>\n<p>Une cinquantaine d\u2019enfants de cette chorale qui en compte plus de 300, de 5 \u00e0 15 ans, se produiront le dimanche 21\u00a0d\u00e9cembre \u00e0 l\u2019\u00e9glise Saint-Joseph. Pour ce temps de l\u2019avent, ils entonneront Vive le vent \u00a0ou Il est n\u00e9 le divin enfant. De leur r\u00e9pertoire habituel, ils tireront Oh happy day , Let my people go , mais aussi Cotoko zela (congolais), ou encore Donnons-nous la main \u00a0et Unis comme des fr\u00e8res. Comme d\u2019ordinaire, des solistes seront \u00e9galement \u00e0 l\u2019honneur.<\/p>\n<p>  Alfonso Nsangu \u00e0 la baguette<\/p>\n<p>L\u2019ensemble sera men\u00e9 par <a href=\"https:\/\/www.dna.fr\/culture-loisirs\/2025\/11\/17\/un-nouveau-one-man-show-pour-alfonso-le-cousin-du-gospel\" target=\"_blank\" rel=\"noopener\">Alfonso Nsangu<\/a> , directeur artistique et fondateur en 2004 de l\u2019association \u00e9ponyme. Les \u201cKids\u201d assurent, au gr\u00e9 de leurs possibilit\u00e9s, une quarantaine de repr\u00e9sentations par an dans toute l\u2019Alsace pour les plus jeunes et dans toute la France pour les ados. Ils sont recrut\u00e9s via des ateliers propos\u00e9s dans les \u00e9coles bas-rhinoises et des projets sp\u00e9cifiques autour du chant. Ils se r\u00e9unissent \u00e9galement pour des enregistrements studio. Hoenheim avait re\u00e7u l\u2019an dernier <a href=\"https:\/\/www.dna.fr\/culture-loisirs\/2025\/07\/26\/questions-reponses-avec-robin-leon-qui-plante-ses-racines-au-cabaret\" target=\"_blank\" rel=\"noopener\">Robin Leon<\/a> , \u00e0 guichets ferm\u00e9s.<\/p>\n<p class=\"note\">Dimanche 21\u00a0d\u00e9cembre, \u00e0 17\u00a0h\u00a0; \u00e9glise Saint-Joseph, 45 rue de la R\u00e9publique \u00e0 Hoenheim. Dur\u00e9e\u00a0: 1\u00a0h\u00a015. Entr\u00e9e libre, sans r\u00e9servations. Capacit\u00e9 d\u2019accueil de quelque 500 personnes. Infos\u00a0: www.gospelkids.fr et service animation de la Ville\u00a0: 03\u00a088\u00a019\u00a023\u00a073 ou manifestations@ville-hoenheim.fr.<\/p>\n","protected":false},"excerpt":{"rendered":"Des classiques de l\u2019hiver, des gospels en anglais ou en africain, de compositions de vari\u00e9t\u00e9 fran\u00e7aise\u2026 \u00c0 l\u2019affiche&hellip;\n","protected":false},"author":2,"featured_media":598293,"comment_status":"","ping_status":"","sticky":false,"template":"","format":"standard","meta":{"footnotes":""},"categories":[2820],"tags":[1111,11,1687,2880,1057,1777,674,107,1011,27,775,15899,873,12,15830,25,640,3265],"class_list":{"0":"post-598292","1":"post","2":"type-post","3":"status-publish","4":"format-standard","5":"has-post-thumbnail","7":"category-strasbourg","8":"tag-actu","9":"tag-actualites","10":"tag-culture-loisirs","11":"tag-edition-strasbourg","12":"tag-education","13":"tag-eu","14":"tag-europe","15":"tag-fil-info","16":"tag-fr","17":"tag-france","18":"tag-grand-est","19":"tag-hoenheim","20":"tag-musique","21":"tag-news","22":"tag-noel","23":"tag-republique-francaise","24":"tag-strasbourg","25":"tag-strasbourg-nord"},"share_on_mastodon":{"url":"https:\/\/pubeurope.com\/@fr\/115716894823661956","error":""},"_links":{"self":[{"href":"https:\/\/www.europesays.com\/fr\/wp-json\/wp\/v2\/posts\/598292","targetHints":{"allow":["GET"]}}],"collection":[{"href":"https:\/\/www.europesays.com\/fr\/wp-json\/wp\/v2\/posts"}],"about":[{"href":"https:\/\/www.europesays.com\/fr\/wp-json\/wp\/v2\/types\/post"}],"author":[{"embeddable":true,"href":"https:\/\/www.europesays.com\/fr\/wp-json\/wp\/v2\/users\/2"}],"replies":[{"embeddable":true,"href":"https:\/\/www.europesays.com\/fr\/wp-json\/wp\/v2\/comments?post=598292"}],"version-history":[{"count":0,"href":"https:\/\/www.europesays.com\/fr\/wp-json\/wp\/v2\/posts\/598292\/revisions"}],"wp:featuredmedia":[{"embeddable":true,"href":"https:\/\/www.europesays.com\/fr\/wp-json\/wp\/v2\/media\/598293"}],"wp:attachment":[{"href":"https:\/\/www.europesays.com\/fr\/wp-json\/wp\/v2\/media?parent=598292"}],"wp:term":[{"taxonomy":"category","embeddable":true,"href":"https:\/\/www.europesays.com\/fr\/wp-json\/wp\/v2\/categories?post=598292"},{"taxonomy":"post_tag","embeddable":true,"href":"https:\/\/www.europesays.com\/fr\/wp-json\/wp\/v2\/tags?post=598292"}],"curies":[{"name":"wp","href":"https:\/\/api.w.org\/{rel}","templated":true}]}}