{"id":598302,"date":"2025-12-14T08:11:20","date_gmt":"2025-12-14T08:11:20","guid":{"rendered":"https:\/\/www.europesays.com\/fr\/598302\/"},"modified":"2025-12-14T08:11:20","modified_gmt":"2025-12-14T08:11:20","slug":"fc-nantes-mercato-2-departs-deja-actes-et-un-casse-tete-pour-kantari","status":"publish","type":"post","link":"https:\/\/www.europesays.com\/fr\/598302\/","title":{"rendered":"FC Nantes Mercato : 2 d\u00e9parts d\u00e9j\u00e0 act\u00e9s et un casse-t\u00eate pour Kantari"},"content":{"rendered":"<p><strong>Alors que le mercato hivernal s\u2019annonce bouillonnant, le FC Nantes aurait d\u00e9j\u00e0 pris la d\u00e9cision de laisser partir deux joueurs inutilis\u00e9s cet hiver.<\/strong><\/p>\n<p>Ce dimanche, L\u2019Equipe confirme qu\u2019un grand bouleversement se pr\u00e9pare au <a href=\"https:\/\/www.butfootballclub.fr\/1634430-fc-nantes-une-recrue-deja-validee-en-cas-de-descente-en-ligue-2\/\" target=\"_blank\" rel=\"noopener\">FC Nantes<\/a>. La premi\u00e8re partie de saison calamiteuse des <a href=\"https:\/\/www.butfootballclub.fr\/1634478-fc-nantes-les-kita-prets-a-faire-des-folies-au-mercato-mais\/\" target=\"_blank\" rel=\"noopener\">Canaris<\/a>, qui n\u2019ont gagn\u00e9 que deux matches et qui passeront les f\u00eates dans la zone rouge, a entra\u00een\u00e9 une prise de conscience chez les Kita. Ceux-ci ont fait passer les finances avant le sportif durant l\u2019intersaison. Ils ont fait payer la note \u00e0 Luis Castro mais ils savent qu\u2019ils doivent imp\u00e9rativement rectifier le tir cet hiver, sous peine de vivre une nouvelle rel\u00e9gation apr\u00e8s celle de 2007 et 2009. Le quotidien sportif assure qu\u2019au moins un joueur par ligne est attendu. Mais il y aura \u00e9galement des d\u00e9parts.<\/p>\n<p>Retour \u00e0 l\u2019envoyeur pour Camara et Hong<\/p>\n<p>L\u2019Equipe annonce que les pr\u00eats d\u2019Amady Camara (Sturm Graz) et Hyun-seok Hong (Mayence) vont \u00eatre cass\u00e9s. L\u2019attaquant malien n\u2019a pris part qu\u2019\u00e0 neuf bouts de match. Il n\u2019a pas r\u00e9ussi \u00e0 passer devant Youssel El-Arabi et Mostafa Mohamed pour le r\u00f4le de titulaire en attaque. Le milieu sud-cor\u00e9en, lui, a eu sa chance. Il a \u00e9t\u00e9 titulaire trois fois lors des sept premi\u00e8res journ\u00e9es mais il a tellement peu peser sur le jeu de son \u00e9quipe que Luis Castro a pr\u00e9f\u00e9r\u00e9 s\u2019en passer par la suite. Et Ahmed Kantari ne compte de toute \u00e9vidence pas sur ses services.<\/p>\n<p>Le nouvel entra\u00eeneur a relanc\u00e9 Fabien Centonze \u00e0 Angers et celui-ci l\u2019a remerci\u00e9 en marquant un joli but. L\u2019habituel titulaire du poste de lat\u00e9ral droit, Kelvin Amian, \u00e9tait exceptionnellement \u00e0 gauche. Mais les deux hommes devraient \u00eatre plac\u00e9s en concurrence \u00e0 l\u2019avenir. Ce sera un vrai casse-t\u00eate pour Kantari, d\u00e9pourvu de joueurs de bon niveau \u00e0 plusieurs postes et qui devra en laisser un sur le banc pour celui d\u2019arri\u00e8re droit\u2026<\/p>\n","protected":false},"excerpt":{"rendered":"Alors que le mercato hivernal s\u2019annonce bouillonnant, le FC Nantes aurait d\u00e9j\u00e0 pris la d\u00e9cision de laisser partir&hellip;\n","protected":false},"author":2,"featured_media":598303,"comment_status":"","ping_status":"","sticky":false,"template":"","format":"standard","meta":{"footnotes":""},"categories":[2818],"tags":[1111,11,1777,674,1011,27,766,12,2636,25],"class_list":{"0":"post-598302","1":"post","2":"type-post","3":"status-publish","4":"format-standard","5":"has-post-thumbnail","7":"category-nantes","8":"tag-actu","9":"tag-actualites","10":"tag-eu","11":"tag-europe","12":"tag-fr","13":"tag-france","14":"tag-nantes","15":"tag-news","16":"tag-pays-de-la-loire","17":"tag-republique-francaise"},"share_on_mastodon":{"url":"https:\/\/pubeurope.com\/@fr\/115716914291364436","error":""},"_links":{"self":[{"href":"https:\/\/www.europesays.com\/fr\/wp-json\/wp\/v2\/posts\/598302","targetHints":{"allow":["GET"]}}],"collection":[{"href":"https:\/\/www.europesays.com\/fr\/wp-json\/wp\/v2\/posts"}],"about":[{"href":"https:\/\/www.europesays.com\/fr\/wp-json\/wp\/v2\/types\/post"}],"author":[{"embeddable":true,"href":"https:\/\/www.europesays.com\/fr\/wp-json\/wp\/v2\/users\/2"}],"replies":[{"embeddable":true,"href":"https:\/\/www.europesays.com\/fr\/wp-json\/wp\/v2\/comments?post=598302"}],"version-history":[{"count":0,"href":"https:\/\/www.europesays.com\/fr\/wp-json\/wp\/v2\/posts\/598302\/revisions"}],"wp:featuredmedia":[{"embeddable":true,"href":"https:\/\/www.europesays.com\/fr\/wp-json\/wp\/v2\/media\/598303"}],"wp:attachment":[{"href":"https:\/\/www.europesays.com\/fr\/wp-json\/wp\/v2\/media?parent=598302"}],"wp:term":[{"taxonomy":"category","embeddable":true,"href":"https:\/\/www.europesays.com\/fr\/wp-json\/wp\/v2\/categories?post=598302"},{"taxonomy":"post_tag","embeddable":true,"href":"https:\/\/www.europesays.com\/fr\/wp-json\/wp\/v2\/tags?post=598302"}],"curies":[{"name":"wp","href":"https:\/\/api.w.org\/{rel}","templated":true}]}}