{"id":598312,"date":"2025-12-14T08:18:31","date_gmt":"2025-12-14T08:18:31","guid":{"rendered":"https:\/\/www.europesays.com\/fr\/598312\/"},"modified":"2025-12-14T08:18:31","modified_gmt":"2025-12-14T08:18:31","slug":"il-a-enormement-de-caractere-comment-ethan-mbappe-monte-en-puissance-avec-lille","status":"publish","type":"post","link":"https:\/\/www.europesays.com\/fr\/598312\/","title":{"rendered":"\u00abIl a \u00e9norm\u00e9ment de caract\u00e8re\u00bb, comment Ethan Mbapp\u00e9 monte en puissance avec Lille"},"content":{"rendered":"<p>\n    Le fr\u00e8re cadet de Kylian Mbapp\u00e9, longtemps frein\u00e9 par les p\u00e9pins physiques, se montre d\u00e9cisif avec le Losc cette saison.<\/p>\n<p class=\"fig-paragraph\">Per\u00e7u comme un \u00abtitulaire en puissance\u00bb par son entra\u00eeneur\u00a0<a href=\"http:\/\/www.lefigaro.fr\/sports\/football\/ligue-1\/ligue-1-bruno-genesio-regrette-les-erreurs-de-lille-qui-ont-coute-cher-face-a-strasbourg-20251109\" data-fig-type=\"NewsFlash\" data-gtm-custom-categorie=\"navigation\" data-gtm-custom-action=\"crossclick\" data-gtm-custom-label=\"Contextuel\" data-gtm-event=\"customEventSPE\" data-fig-domain=\"LEFIGARO\" target=\"_blank\" rel=\"noopener\">Bruno Genesio<\/a>,\u00a0<a href=\"http:\/\/www.lefigaro.fr\/sports\/football\/ethan-mbappe-eteint-l-om-boubacar-kamara-encore-decisif-cherki-et-olise-soignent-leurs-stats-le-week-end-des-francais-en-images-20251206\" data-fig-type=\"NewsFlash\" data-gtm-custom-categorie=\"navigation\" data-gtm-custom-action=\"crossclick\" data-gtm-custom-label=\"Contextuel\" data-gtm-event=\"customEventSPE\" data-fig-domain=\"LEFIGARO\" target=\"_blank\" rel=\"noopener\">Ethan Mbapp\u00e9<\/a>\u00a0s&rsquo;affirme, d\u00e9sireux de laisser derri\u00e8re lui ses multiples blessures pour lancer v\u00e9ritablement sa carri\u00e8re avec Lille, qui se d\u00e9place \u00e0 Auxerre dimanche (17h15). Un appel en profondeur, un contr\u00f4le parfait suivi d&rsquo;un plat du pied pour tromper G\u00e9ronimo Rulli, auteur d&rsquo;une sortie hasardeuse\u00a0: voil\u00e0 comment Ethan Mbapp\u00e9 a donn\u00e9 la victoire au Losc face \u00e0 Marseille (1-0) lors de la derni\u00e8re journ\u00e9e de Ligue 1, justifiant en une action sa premi\u00e8re titularisation de la saison.<\/p>\n<p class=\"fig-paragraph\">Son troisi\u00e8me but depuis le coup d&rsquo;envoi de l&rsquo;exercice 2025-2026, auquel il faut ajouter une passe d\u00e9cisive, le week-end pr\u00e9c\u00e9dent. \u00abComme d&rsquo;habitude, il a marqu\u00e9, il a \u00e9t\u00e9 d\u00e9cisif, s&rsquo;est r\u00e9joui Bruno Genesio. On avait d\u00e9cid\u00e9 de le titulariser parce qu&rsquo;il a cette facult\u00e9 de demander les ballons en profondeur, exploiter sa vitesse.\u00bb<\/p>\n<blockquote class=\"fig-quote&#10;    \">\n<p class=\"fig-quote__text\">C\u2019est un joueur qui, si son corps le laisse tranquille, est vraiment un titulaire en puissance dans cette \u00e9quipe<\/p>\n<p>            Bruno Genesio\n    <\/p><\/blockquote>\n<p>                                            <a class=\"fig-a11y-skip\" href=\"#fig-a11y-skip-main-inarticle\" data-module=\"a11y-skip\" data-context=\"was @visible\"><br \/>\n    Passer la publicit\u00e9<br \/>\n<\/a>            <\/p>\n<p class=\"fig-paragraph\">L\u2019entra\u00eeneur du club nordiste loue depuis plusieurs mois la capacit\u00e9 du joueur de 18 ans &#8211; 19 \u00e0 la fin du mois &#8211; \u00e0 se montrer d\u00e9cisif avec peu de temps de jeu. Le natif de Montreuil n\u2019a disput\u00e9 que dix bouts de rencontres, frein\u00e9 par des blessures, ce qui r\u00e9sume en une phrase son d\u00e9but de carri\u00e8re dans le Nord.<\/p>\n<p class=\"fig-body-link\">\n            \u00c0 lire aussi<br \/>\n        <a class=\"fig-body-link__link fig-premium-mark\" href=\"http:\/\/www.lefigaro.fr\/sports\/football\/ligue-1\/ce-sont-des-visionnaires-qui-sont-ces-hommes-cles-qui-font-briller-le-rc-lens-et-chahutent-le-psg-20251213\" data-fig-type=\"Article\" data-gtm-custom-categorie=\"navigation\" data-gtm-custom-action=\"crossclick\" data-gtm-custom-label=\"Contextuel\" data-gtm-event=\"customEventSPE\" data-fig-domain=\"LEFIGARO\" target=\"_blank\" rel=\"noopener\"><\/p>\n<p>        \u00abCe sont des visionnaires\u00bb\u00a0: qui sont ces hommes cl\u00e9s qui font briller le RC Lens et chahutent le PSG\u00a0?<br \/>\n    <\/a>\n<\/p>\n<p class=\"fig-paragraph\">Ethan Mbapp\u00e9 a accumul\u00e9 les blessures aux adducteurs et aux cuisses depuis son arriv\u00e9e au domaine de Luchin \u00e0 l&rsquo;\u00e9t\u00e9 2024, apr\u00e8s avoir \u00e9t\u00e9 form\u00e9 au Paris SG, qui l&rsquo;ont priv\u00e9 de la majeure partie de la saison derni\u00e8re, o\u00f9 il n&rsquo;a pris part qu&rsquo;\u00e0 quatorze rencontres. Revenu sur les pelouses depuis trois semaines, il esp\u00e8re enfin pouvoir prendre son envol. \u00abC&rsquo;est un joueur qui, si son corps le laisse tranquille, est vraiment un titulaire en puissance dans cette \u00e9quipe, affirme Genesio. En tout cas un joueur qui peut changer un peu le visage de cette \u00e9quipe avec des qualit\u00e9s diff\u00e9rentes des autres joueurs.\u00bb<\/p>\n<p class=\"fig-paragraph\">Mais l&rsquo;entra\u00eeneur de 59 ans veut \u00abse montrer prudent\u00bb avec l&rsquo;ailier de 1,80 m\u00e8tre, qu&rsquo;il d\u00e9crit comme \u00abun jeune joueur qui doit se renforcer musculairement\u00bb: \u00abIl faut aussi qu&rsquo;on (&#8230;) g\u00e8re ses entra\u00eenements, sa charge de travail de la meilleure mani\u00e8re, et bien \u00e9videmment l&rsquo;encha\u00eenement des matchs.\u00bb Son retour a co\u00efncid\u00e9 avec une s\u00e9rie positive des Dogues, interrompue jeudi soir \u00e0 Berne contre les Young Boys (1-0) en Ligue Europa, \u00e0 cause, notamment, d&rsquo;un match jou\u00e9 pour ses deux tiers en inf\u00e9riorit\u00e9 num\u00e9rique.<\/p>\n<p class=\"fig-paragraph\">En Ligue 1, Lille a encha\u00een\u00e9 trois victoires qui le placent au quatri\u00e8me rang (29 points) avant un d\u00e9placement abordable sur le papier \u00e0 Auxerre (16e, 12 pts) lors de la 16e journ\u00e9e.<\/p>\n<blockquote class=\"fig-quote&#10;    \">\n<p class=\"fig-quote__text\">Il a \u00e9norm\u00e9ment de caract\u00e8re, il ose, il parle, il d\u00e9fend \u00e9norm\u00e9ment, il ne l\u00e2che rien<\/p>\n<p>            A\u00efssa Mandi\n    <\/p><\/blockquote>\n<p class=\"fig-paragraph\">\u00abJ&rsquo;essaie de moins l&rsquo;aider de mon c\u00f4t\u00e9 (&#8230;) pour lui laisser de l&rsquo;espace\u00bb, assure le lat\u00e9ral droit Thomas Meunier, qui joue un cran en dessous. \u00abMais pour moi, ce n&rsquo;est pas facile, parce que je dois me retenir de faire les courses (rires).\u00bb Avec l&rsquo;absence de Matias Fernandez-Pardo, gripp\u00e9 apr\u00e8s avoir \u00e9t\u00e9 bless\u00e9 \u00e0 une cheville, les performances in\u00e9gales de F\u00e9lix Correia, et celles, d\u00e9cevantes, de Ngal&rsquo;ayel Mukau \u00e0 ce poste qui n&rsquo;est pas le sien, Ethan Mbapp\u00e9 appara\u00eet comme la meilleure solution actuelle pour Bruno Genesio sur l&rsquo;aile droite.<\/p>\n<p>                                            <a class=\"fig-a11y-skip\" href=\"#fig-a11y-skip-main-inarticle_mtf\" data-module=\"a11y-skip\" data-context=\"was @visible\"><br \/>\n    Passer la publicit\u00e9<br \/>\n<\/a>            <\/p>\n<p class=\"fig-paragraph\">L&rsquo;occasion de continuer \u00e0 prouver, comme il va devoir le faire tout au long de sa carri\u00e8re, en tant que petit fr\u00e8re du capitaine de l&rsquo;\u00e9quipe de France Kylian Mbapp\u00e9. M\u00eame s&rsquo;il ne semble pas lest\u00e9 de ce poids, gr\u00e2ce \u00e0 une forte personnalit\u00e9. \u00abIl a \u00e9norm\u00e9ment de caract\u00e8re, il ose, il parle, il d\u00e9fend \u00e9norm\u00e9ment, il ne l\u00e2che rien, commente son co\u00e9quipier en d\u00e9fense A\u00efssa Mandi. \u00c0 l&rsquo;entra\u00eenement, on le voit: sur chaque ballon, il est \u00e0 100%.\u00bb Tout le club souhaite qu&rsquo;il le reste.<\/p>\n","protected":false},"excerpt":{"rendered":"Le fr\u00e8re cadet de Kylian Mbapp\u00e9, longtemps frein\u00e9 par les p\u00e9pins physiques, se montre d\u00e9cisif avec le Losc&hellip;\n","protected":false},"author":2,"featured_media":598313,"comment_status":"","ping_status":"","sticky":false,"template":"","format":"standard","meta":{"footnotes":""},"categories":[2815],"tags":[1111,11,1777,674,1011,27,811,1307,2267,12,25],"class_list":{"0":"post-598312","1":"post","2":"type-post","3":"status-publish","4":"format-standard","5":"has-post-thumbnail","7":"category-lille","8":"tag-actu","9":"tag-actualites","10":"tag-eu","11":"tag-europe","12":"tag-fr","13":"tag-france","14":"tag-hauts-de-france","15":"tag-lille","16":"tag-losc","17":"tag-news","18":"tag-republique-francaise"},"share_on_mastodon":{"url":"https:\/\/pubeurope.com\/@fr\/115716941643102105","error":""},"_links":{"self":[{"href":"https:\/\/www.europesays.com\/fr\/wp-json\/wp\/v2\/posts\/598312","targetHints":{"allow":["GET"]}}],"collection":[{"href":"https:\/\/www.europesays.com\/fr\/wp-json\/wp\/v2\/posts"}],"about":[{"href":"https:\/\/www.europesays.com\/fr\/wp-json\/wp\/v2\/types\/post"}],"author":[{"embeddable":true,"href":"https:\/\/www.europesays.com\/fr\/wp-json\/wp\/v2\/users\/2"}],"replies":[{"embeddable":true,"href":"https:\/\/www.europesays.com\/fr\/wp-json\/wp\/v2\/comments?post=598312"}],"version-history":[{"count":0,"href":"https:\/\/www.europesays.com\/fr\/wp-json\/wp\/v2\/posts\/598312\/revisions"}],"wp:featuredmedia":[{"embeddable":true,"href":"https:\/\/www.europesays.com\/fr\/wp-json\/wp\/v2\/media\/598313"}],"wp:attachment":[{"href":"https:\/\/www.europesays.com\/fr\/wp-json\/wp\/v2\/media?parent=598312"}],"wp:term":[{"taxonomy":"category","embeddable":true,"href":"https:\/\/www.europesays.com\/fr\/wp-json\/wp\/v2\/categories?post=598312"},{"taxonomy":"post_tag","embeddable":true,"href":"https:\/\/www.europesays.com\/fr\/wp-json\/wp\/v2\/tags?post=598312"}],"curies":[{"name":"wp","href":"https:\/\/api.w.org\/{rel}","templated":true}]}}