{"id":598314,"date":"2025-12-14T08:20:27","date_gmt":"2025-12-14T08:20:27","guid":{"rendered":"https:\/\/www.europesays.com\/fr\/598314\/"},"modified":"2025-12-14T08:20:27","modified_gmt":"2025-12-14T08:20:27","slug":"une-expo-photo-caritative-au-profit-des-sinistres-de-mayotte-a-la-provence-a-marseille","status":"publish","type":"post","link":"https:\/\/www.europesays.com\/fr\/598314\/","title":{"rendered":"une expo photo caritative au profit des sinistr\u00e9s de Mayotte, \u00e0 La Provence, \u00e0 Marseille"},"content":{"rendered":"<p>Mayotte\u00a0: <a href=\"https:\/\/www.laprovence.com\/article\/societe\/25237921997821\/cyclone-a-mayotte-je-netais-pas-destine-a-cette-mission-le-temoignage-dun-infirmier-du-sdis-des-bouches-du-rhone\" target=\"_blank\" rel=\"nofollow noopener\">un an apr\u00e8s Chido<\/a>, se reconstruire sur un territoire en multicrise. <a href=\"https:\/\/www.laprovence.com\/article\/societe\/5311168486025514\/un-an-apres-le-passage-du-cyclone-a-mayotte-des-etablissements-scolaires-encore-marques\" target=\"_blank\" rel=\"nofollow noopener\">Entre crise sociale et environnementale<\/a>, Mayotte comm\u00e9more le passage traumatisant du cyclone Chido dans un contexte d\u00e9j\u00e0 \u00e9prouvant\u00a0: manque d\u2019eau, fracture sociale grandissante, \u00e9cologie menac\u00e9e\u2026<\/p>\n<p>L\u2019\u00eele se reconstruit en additionnant les difficult\u00e9s. Malgr\u00e9 les stigmates des intemp\u00e9ries encore visibles, Mayotte tient bon. Toujours. Le d\u00e9partement le plus pauvre de France demeure aussi l\u2019un des plus beaux, et le plus digne face aux \u00e9preuves.<\/p>\n<p>Pour accompagner cette reconstruction, La\u00a0Provence organise une exposition photo caritative illustrant les \u00e9preuves endur\u00e9es par Mayotte. <strong>Le 9\u00a0janvier prochain<\/strong>, le public est invit\u00e9 \u00e0 d\u00e9couvrir dans ses locaux \u00e0 Grand Central (19, rue Henri-Barbusse, 13001) ces clich\u00e9s, vendus \u00e0 prix libre.<\/p>\n<p><strong>Une cagnotte sera \u00e9galement propos\u00e9e<\/strong>, et l\u2019int\u00e9gralit\u00e9 des fonds r\u00e9colt\u00e9s sera revers\u00e9e \u00e0 des associations <a href=\"https:\/\/www.laprovence.com\/article\/france-monde\/3841984074281214\/a-mayotte-les-dechets-du-cyclone-chido-empoisonnent-toujours-lile\" target=\"_blank\" rel=\"nofollow noopener\">venant en aide aux sinistr\u00e9s<\/a>. Un d\u00e9bat est aussi pr\u00e9vu, r\u00e9unissant des acteurs de terrain qui s\u2019exprimeront en visioconf\u00e9rence depuis l\u2019\u00eele. Une exposition r\u00e9alis\u00e9e par le journaliste de La Provence Cyril Castelliti<\/p>\n","protected":false},"excerpt":{"rendered":"Mayotte\u00a0: un an apr\u00e8s Chido, se reconstruire sur un territoire en multicrise. Entre crise sociale et environnementale, Mayotte&hellip;\n","protected":false},"author":2,"featured_media":598315,"comment_status":"","ping_status":"","sticky":false,"template":"","format":"standard","meta":{"footnotes":""},"categories":[2814],"tags":[17,1111,11,150,71092,71091,1777,674,12176,1011,27,884,12,2745,18851,882,16,25,96],"class_list":{"0":"post-598314","1":"post","2":"type-post","3":"status-publish","4":"format-standard","5":"has-post-thumbnail","7":"category-marseille","8":"tag-17","9":"tag-actu","10":"tag-actualites","11":"tag-apres","12":"tag-caritative","13":"tag-chido","14":"tag-eu","15":"tag-europe","16":"tag-expo","17":"tag-fr","18":"tag-france","19":"tag-marseille","20":"tag-news","21":"tag-photo","22":"tag-profit","23":"tag-provence-alpes-cote-dazur","24":"tag-region","25":"tag-republique-francaise","26":"tag-une"},"share_on_mastodon":{"url":"https:\/\/pubeurope.com\/@fr\/115716949505563427","error":""},"_links":{"self":[{"href":"https:\/\/www.europesays.com\/fr\/wp-json\/wp\/v2\/posts\/598314","targetHints":{"allow":["GET"]}}],"collection":[{"href":"https:\/\/www.europesays.com\/fr\/wp-json\/wp\/v2\/posts"}],"about":[{"href":"https:\/\/www.europesays.com\/fr\/wp-json\/wp\/v2\/types\/post"}],"author":[{"embeddable":true,"href":"https:\/\/www.europesays.com\/fr\/wp-json\/wp\/v2\/users\/2"}],"replies":[{"embeddable":true,"href":"https:\/\/www.europesays.com\/fr\/wp-json\/wp\/v2\/comments?post=598314"}],"version-history":[{"count":0,"href":"https:\/\/www.europesays.com\/fr\/wp-json\/wp\/v2\/posts\/598314\/revisions"}],"wp:featuredmedia":[{"embeddable":true,"href":"https:\/\/www.europesays.com\/fr\/wp-json\/wp\/v2\/media\/598315"}],"wp:attachment":[{"href":"https:\/\/www.europesays.com\/fr\/wp-json\/wp\/v2\/media?parent=598314"}],"wp:term":[{"taxonomy":"category","embeddable":true,"href":"https:\/\/www.europesays.com\/fr\/wp-json\/wp\/v2\/categories?post=598314"},{"taxonomy":"post_tag","embeddable":true,"href":"https:\/\/www.europesays.com\/fr\/wp-json\/wp\/v2\/tags?post=598314"}],"curies":[{"name":"wp","href":"https:\/\/api.w.org\/{rel}","templated":true}]}}