{"id":598318,"date":"2025-12-14T08:25:19","date_gmt":"2025-12-14T08:25:19","guid":{"rendered":"https:\/\/www.europesays.com\/fr\/598318\/"},"modified":"2025-12-14T08:25:19","modified_gmt":"2025-12-14T08:25:19","slug":"lyon-soupe-en-scene-une-edition-treize-emouvante","status":"publish","type":"post","link":"https:\/\/www.europesays.com\/fr\/598318\/","title":{"rendered":"Lyon. Soupe en Sc\u00e8ne, une \u00e9dition treize \u00e9mouvante"},"content":{"rendered":"<p>\t\t\t\t<img fetchpriority=\"high\" decoding=\"async\" width=\"900\" height=\"597\" src=\"https:\/\/www.europesays.com\/fr\/wp-content\/uploads\/2025\/12\/01-Artistes-Soupe-en-scene.jpg\" alt=\"\" title=\"01 Artistes-Soupe-en-scene\"   class=\"wp-image-167867\"\/><\/p>\n<p>Soupe en Sc\u00e8ne a encore r\u00e9uni de nombreux talents, \u00e0 l&rsquo;instar de Charles Dor\u00e9, Emma ou L\u00e9nie. Photos \u00a9 DR <\/p>\n<p><strong>Texte\u00a0: Morgan Couturier \u2013<\/strong> Les soupes ont beau \u00e9voluer, la recette de Soupe en Sc\u00e8ne est toujours la m\u00eame\u00a0: de la musique, des sourires et de la solidarit\u00e9. Pour sa 13e \u00e9dition, le rendez-vous cr\u00e9\u00e9 par Fabrice Bonnot a \u00e9t\u00e9 riche en \u00e9motions et en talents.<\/p>\n<p>Chaque ann\u00e9e, il en est \u00e9mu aux larmes, au point de retenir ces derni\u00e8res autant que possible, au gr\u00e9 des chansons. Peut-\u00eatre est-ce aussi le r\u00e9sultat de deux journ\u00e9es \u00e9reintantes et intenses, durant lesquels <strong>Fabrice Bonnot<\/strong> et ses 250 b\u00e9n\u00e9voles rivalisent d\u2019\u00e9nergie pour animer Soupe en Sc\u00e8ne.<\/p>\n<p><a href=\"https:\/\/www.lyonpeople.com\/?attachment_id=167865\" rel=\"attachment wp-att-167865 nofollow noopener\" target=\"_blank\"><img loading=\"lazy\" decoding=\"async\" class=\"alignnone size-full wp-image-167865\" src=\"data:image\/svg+xml,%3Csvg%20xmlns=\" http:=\"\" alt=\"\" width=\"900\" height=\"600\" data-lazy- data-lazy- data-lazy-src=\"https:\/\/www.europesays.com\/fr\/wp-content\/uploads\/2025\/12\/03-Soupe-en-Sce\u0300ne.jpg\"\/><\/a><\/p>\n<p>Pour autant, cette \u00e9motion est \u00e9galement \u00e0 chercher ailleurs, dans ces tubes interpr\u00e9t\u00e9s sur sc\u00e8ne. D\u00e8s lors, si le chef lyonnais fut touch\u00e9 en plein c\u0153ur par la performance d\u2019<strong>Aur\u00e9lien Vivos<\/strong>, les Lyonnais eurent le bonheur d\u2019appr\u00e9cier les repr\u00e9sentations d\u2019une trentaine de chanteurs et de chanteuses en vogue, \u00e0 l\u2019instar de <strong>Charlie Oz<\/strong>, <strong>Amanda Bourneuf<\/strong>, <strong>Charles Dor\u00e9<\/strong>, <strong>L\u00e9nie<\/strong> ou <strong>Emma Chiloo<\/strong>. Sans oublier le fid\u00e8le <strong>Hassen<\/strong> et son cheval <strong>Peyo (ci-dessous)<\/strong>.<\/p>\n<p><a href=\"https:\/\/www.lyonpeople.com\/?attachment_id=167866\" rel=\"attachment wp-att-167866 nofollow noopener\" target=\"_blank\"><img loading=\"lazy\" decoding=\"async\" class=\"alignnone size-full wp-image-167866\" src=\"data:image\/svg+xml,%3Csvg%20xmlns=\" http:=\"\" alt=\"\" width=\"900\" height=\"704\" data-lazy- data-lazy- data-lazy-src=\"https:\/\/www.europesays.com\/fr\/wp-content\/uploads\/2025\/12\/05-Fabrice-Bonnot-Hassen-et-Peyo-le-cheval.jpeg\"\/><\/a><\/p>\n<p>\u00ab\u00a0Ce festival reste un acte fort, utile, n\u00e9cessaire pour soutenir les centres d\u2019accueil, les h\u00f4pitaux, les associations, jour apr\u00e8s jour\u00a0\u00bb, s\u2019est ainsi r\u00e9joui le fondateur de cet \u00e9v\u00e9nement solidaire, dont les recettes b\u00e9n\u00e9ficient \u00e0 quatre associations locales (Le Foyer Notre-Dame des Sans-Abri, l\u2019H\u00f4pital M\u00e8re-Enfant, l\u2019H\u00f4pital L\u00e9on B\u00e9rard et les Sabots du C\u0153ur).<\/p>\n<p><strong>Une \u00e9dition d\u00e9di\u00e9e \u00e0 St\u00e9phane, b\u00e9n\u00e9vole engag\u00e9 emport\u00e9 par la maladie<\/strong><\/p>\n<p>Dans ces m\u00e9lodieuses conditions et deux jours durant, la 13e \u00e9dition de Soupe en Sc\u00e8ne a de nouveau prouv\u00e9 le succ\u00e8s de ce rendez-vous, o\u00f9 chaque concert exhorte le public \u00e0 se r\u00e9galer de quelques bols, louches et autres litres de soupes sal\u00e9es et sucr\u00e9es. \u00ab\u00a0Que la chaleur que l\u2019on sert dans les bols circule dans les \u00e2mes. Ensemble on fait du simple, quelque chose de beau\u00a0\u00bb, a soulign\u00e9 le gastronome de Cuisine et D\u00e9pendances.<\/p>\n<p>Toujours chaleureux, Soupe en Sc\u00e8ne s\u2019inscrit d\u00e8s lors comme un rituel, un point de passage oblig\u00e9 pour les Lyonnais et une date \u00e0 cocher dans le calendrier, au m\u00eame titre que \u00ab\u00a0On B\u00fbche pour Eux\u00a0\u00bb, que le cuisinier organise pour la 10e ann\u00e9e, le 20 d\u00e9cembre prochain, sur la place de la R\u00e9publique. A la cl\u00e9, de nouveaux frissons et l\u2019ivresse de la gourmandise associ\u00e9e \u00e0 la chanson. Du Fabrice Bonnot dans le texte. Sensations garanties\u00a0!<\/p>\n<blockquote class=\"instagram-media\" style=\"background: #FFF; border: 0; border-radius: 3px; box-shadow: 0 0 1px 0 rgba(0,0,0,0.5),0 1px 10px 0 rgba(0,0,0,0.15); margin: 1px; max-width: 540px; min-width: 326px; padding: 0; width: calc(100% - 2px);\" data-instgrm-permalink=\"https:\/\/www.instagram.com\/reel\/DRzJPn9jVkR\/?utm_source=ig_embed&amp;utm_campaign=loading\" data-instgrm-version=\"14\">\n<\/blockquote>\n<p>\t\t\t<script async src=\"\/\/www.instagram.com\/embed.js\"><\/script><\/p>\n","protected":false},"excerpt":{"rendered":"Soupe en Sc\u00e8ne a encore r\u00e9uni de nombreux talents, \u00e0 l&rsquo;instar de Charles Dor\u00e9, Emma ou L\u00e9nie. Photos&hellip;\n","protected":false},"author":2,"featured_media":598319,"comment_status":"","ping_status":"","sticky":false,"template":"","format":"standard","meta":{"footnotes":""},"categories":[1889],"tags":[4257,1111,47,4258,11,2430,1777,674,1011,27,2428,12,25,71093],"class_list":{"0":"post-598318","1":"post","2":"type-post","3":"status-publish","4":"format-standard","5":"has-post-thumbnail","7":"category-lyon","8":"tag-0top","9":"tag-actu","10":"tag-actualite","11":"tag-actualite-lyon","12":"tag-actualites","13":"tag-auvergne-rhone-alpes","14":"tag-eu","15":"tag-europe","16":"tag-fr","17":"tag-france","18":"tag-lyon","19":"tag-news","20":"tag-republique-francaise","21":"tag-soupe-en-scene"},"share_on_mastodon":{"url":"https:\/\/pubeurope.com\/@fr\/115716970320778824","error":""},"_links":{"self":[{"href":"https:\/\/www.europesays.com\/fr\/wp-json\/wp\/v2\/posts\/598318","targetHints":{"allow":["GET"]}}],"collection":[{"href":"https:\/\/www.europesays.com\/fr\/wp-json\/wp\/v2\/posts"}],"about":[{"href":"https:\/\/www.europesays.com\/fr\/wp-json\/wp\/v2\/types\/post"}],"author":[{"embeddable":true,"href":"https:\/\/www.europesays.com\/fr\/wp-json\/wp\/v2\/users\/2"}],"replies":[{"embeddable":true,"href":"https:\/\/www.europesays.com\/fr\/wp-json\/wp\/v2\/comments?post=598318"}],"version-history":[{"count":0,"href":"https:\/\/www.europesays.com\/fr\/wp-json\/wp\/v2\/posts\/598318\/revisions"}],"wp:featuredmedia":[{"embeddable":true,"href":"https:\/\/www.europesays.com\/fr\/wp-json\/wp\/v2\/media\/598319"}],"wp:attachment":[{"href":"https:\/\/www.europesays.com\/fr\/wp-json\/wp\/v2\/media?parent=598318"}],"wp:term":[{"taxonomy":"category","embeddable":true,"href":"https:\/\/www.europesays.com\/fr\/wp-json\/wp\/v2\/categories?post=598318"},{"taxonomy":"post_tag","embeddable":true,"href":"https:\/\/www.europesays.com\/fr\/wp-json\/wp\/v2\/tags?post=598318"}],"curies":[{"name":"wp","href":"https:\/\/api.w.org\/{rel}","templated":true}]}}