{"id":598320,"date":"2025-12-14T08:26:19","date_gmt":"2025-12-14T08:26:19","guid":{"rendered":"https:\/\/www.europesays.com\/fr\/598320\/"},"modified":"2025-12-14T08:26:19","modified_gmt":"2025-12-14T08:26:19","slug":"un-dimanche-sous-le-soleil-a-lyon","status":"publish","type":"post","link":"https:\/\/www.europesays.com\/fr\/598320\/","title":{"rendered":"Un dimanche sous le soleil \u00e0 Lyon"},"content":{"rendered":"<p>                            <img loading=\"lazy\" width=\"1200\" height=\"857\" class=\"attachment-article size-article wp-post-image lazyload\" alt=\"\" decoding=\"async\" src=\"https:\/\/www.europesays.com\/fr\/wp-content\/uploads\/2025\/12\/IMG_8084.jpeg\" data-eio-rwidth=\"1200\" data-eio-rheight=\"857\"\/><\/p>\n<p>Lyon \u00e9tait bloqu\u00e9e sous la brume ce samedi 13 d\u00e9cembre.<\/p>\n<p class=\"content\" style=\"font-size:1.2em;font-weight:700\">La brume devrait totalement se d\u00e9couvrir \u00e0 Lyon ce dimanche 14 d\u00e9cembre pour laisser place \u00e0 une journ\u00e9e ensoleill\u00e9e.<\/p>\n<p>La brume \u00e9tait persistance ce samedi. Pour ce dimanche 14 d\u00e9cembre, \u00e0 Lyon, le soleil devrait se montrer totalement \u00e0 partir de cet apr\u00e8s-midi. Ce matin, le ciel lyonnais reste n\u00e9anmoins couvert, avec un vent du sud-est pouvant aller jusqu&rsquo;\u00e0 5 km\/h. <\/p>\n<p>C\u00f4t\u00e9 temp\u00e9ratures, le mercure ne d\u00e9passera pas les 6 degr\u00e9s dans la matin\u00e9e. Lorsque les nuages se disperseront, vers 13 h, les temp\u00e9ratures monteront l\u00e9g\u00e8rement pour atteindre les 8 degr\u00e9s. <\/p>\n","protected":false},"excerpt":{"rendered":"Lyon \u00e9tait bloqu\u00e9e sous la brume ce samedi 13 d\u00e9cembre. La brume devrait totalement se d\u00e9couvrir \u00e0 Lyon&hellip;\n","protected":false},"author":2,"featured_media":598321,"comment_status":"","ping_status":"","sticky":false,"template":"","format":"standard","meta":{"footnotes":""},"categories":[1889],"tags":[1111,11,2430,1777,674,1011,27,2428,55015,12,25,2429],"class_list":{"0":"post-598320","1":"post","2":"type-post","3":"status-publish","4":"format-standard","5":"has-post-thumbnail","7":"category-lyon","8":"tag-actu","9":"tag-actualites","10":"tag-auvergne-rhone-alpes","11":"tag-eu","12":"tag-europe","13":"tag-fr","14":"tag-france","15":"tag-lyon","16":"tag-meteo-automne-lyon","17":"tag-news","18":"tag-republique-francaise","19":"tag-rhone"},"share_on_mastodon":{"url":"https:\/\/pubeurope.com\/@fr\/115716973901142833","error":""},"_links":{"self":[{"href":"https:\/\/www.europesays.com\/fr\/wp-json\/wp\/v2\/posts\/598320","targetHints":{"allow":["GET"]}}],"collection":[{"href":"https:\/\/www.europesays.com\/fr\/wp-json\/wp\/v2\/posts"}],"about":[{"href":"https:\/\/www.europesays.com\/fr\/wp-json\/wp\/v2\/types\/post"}],"author":[{"embeddable":true,"href":"https:\/\/www.europesays.com\/fr\/wp-json\/wp\/v2\/users\/2"}],"replies":[{"embeddable":true,"href":"https:\/\/www.europesays.com\/fr\/wp-json\/wp\/v2\/comments?post=598320"}],"version-history":[{"count":0,"href":"https:\/\/www.europesays.com\/fr\/wp-json\/wp\/v2\/posts\/598320\/revisions"}],"wp:featuredmedia":[{"embeddable":true,"href":"https:\/\/www.europesays.com\/fr\/wp-json\/wp\/v2\/media\/598321"}],"wp:attachment":[{"href":"https:\/\/www.europesays.com\/fr\/wp-json\/wp\/v2\/media?parent=598320"}],"wp:term":[{"taxonomy":"category","embeddable":true,"href":"https:\/\/www.europesays.com\/fr\/wp-json\/wp\/v2\/categories?post=598320"},{"taxonomy":"post_tag","embeddable":true,"href":"https:\/\/www.europesays.com\/fr\/wp-json\/wp\/v2\/tags?post=598320"}],"curies":[{"name":"wp","href":"https:\/\/api.w.org\/{rel}","templated":true}]}}