{"id":598330,"date":"2025-12-14T08:33:11","date_gmt":"2025-12-14T08:33:11","guid":{"rendered":"https:\/\/www.europesays.com\/fr\/598330\/"},"modified":"2025-12-14T08:33:11","modified_gmt":"2025-12-14T08:33:11","slug":"lesprit-dapartheid-souffle-t-il-sur-luniversite-paris-1-pantheon-sorbonne-liberation","status":"publish","type":"post","link":"https:\/\/www.europesays.com\/fr\/598330\/","title":{"rendered":"L\u2019esprit d\u2019\u00abapartheid\u00bb souffle-t-il sur l\u2019universit\u00e9 Paris 1 Panth\u00e9on-Sorbonne\u00a0? \u2013 Lib\u00e9ration"},"content":{"rendered":"<p class=\"sc-cPiKLX AiZTS text-element\">Le conseil d\u2019administration de l\u2019universit\u00e9 Paris 1 Panth\u00e9on- Sorbonne a vot\u00e9, le 1er d\u00e9cembre, la mise en place de droits d\u2019inscription diff\u00e9renci\u00e9s pour les \u00e9tudiant\u00b7es non europ\u00e9en\u00b7nes (avec quelques exceptions).<b> <\/b>Si cette mesure \u00e9tait confirm\u00e9e par le vote formel du budget, ces \u00e9tudiant\u00b7es paieraient d\u00e9sormais 2 895 euros en licence et 3 941 euros en master. L\u2019\u00e9tablissement parisien justifie<a href=\"https:\/\/www.liberation.fr\/societe\/education\/universite-les-droits-dinscription-repartent-a-la-hausse-une-premiere-depuis-2019-20240603_XKSJXME53BF7XDHMWQSVRYLNTY\/\" target=\"_blank\" rel=\"nofollow noopener\" title=\"https:\/\/www.liberation.fr\/societe\/education\/universite-les-droits-dinscription-repartent-a-la-hausse-une-premiere-depuis-2019-20240603_XKSJXME53BF7XDHMWQSVRYLNTY\/\"> cette hausse<\/a> par la d\u00e9gradation de sa situation budg\u00e9taire. En d\u00e9ficit, il a \u00e9t\u00e9 somm\u00e9 par le rectorat de r\u00e9aliser un plan d\u2019\u00e9conomies de 13 millions d\u2019euros d\u2019ici \u00e0 la fin de l\u2019ann\u00e9e.<\/p>\n","protected":false},"excerpt":{"rendered":"Le conseil d\u2019administration de l\u2019universit\u00e9 Paris 1 Panth\u00e9on- Sorbonne a vot\u00e9, le 1er d\u00e9cembre, la mise en place&hellip;\n","protected":false},"author":2,"featured_media":598331,"comment_status":"","ping_status":"","sticky":false,"template":"","format":"standard","meta":{"footnotes":""},"categories":[1888],"tags":[11,1777,674,1011,27,12,626,25,5768],"class_list":{"0":"post-598330","1":"post","2":"type-post","3":"status-publish","4":"format-standard","5":"has-post-thumbnail","7":"category-paris","8":"tag-actualites","9":"tag-eu","10":"tag-europe","11":"tag-fr","12":"tag-france","13":"tag-news","14":"tag-paris","15":"tag-republique-francaise","16":"tag-universite"},"share_on_mastodon":{"url":"https:\/\/pubeurope.com\/@fr\/115717000770362401","error":""},"_links":{"self":[{"href":"https:\/\/www.europesays.com\/fr\/wp-json\/wp\/v2\/posts\/598330","targetHints":{"allow":["GET"]}}],"collection":[{"href":"https:\/\/www.europesays.com\/fr\/wp-json\/wp\/v2\/posts"}],"about":[{"href":"https:\/\/www.europesays.com\/fr\/wp-json\/wp\/v2\/types\/post"}],"author":[{"embeddable":true,"href":"https:\/\/www.europesays.com\/fr\/wp-json\/wp\/v2\/users\/2"}],"replies":[{"embeddable":true,"href":"https:\/\/www.europesays.com\/fr\/wp-json\/wp\/v2\/comments?post=598330"}],"version-history":[{"count":0,"href":"https:\/\/www.europesays.com\/fr\/wp-json\/wp\/v2\/posts\/598330\/revisions"}],"wp:featuredmedia":[{"embeddable":true,"href":"https:\/\/www.europesays.com\/fr\/wp-json\/wp\/v2\/media\/598331"}],"wp:attachment":[{"href":"https:\/\/www.europesays.com\/fr\/wp-json\/wp\/v2\/media?parent=598330"}],"wp:term":[{"taxonomy":"category","embeddable":true,"href":"https:\/\/www.europesays.com\/fr\/wp-json\/wp\/v2\/categories?post=598330"},{"taxonomy":"post_tag","embeddable":true,"href":"https:\/\/www.europesays.com\/fr\/wp-json\/wp\/v2\/tags?post=598330"}],"curies":[{"name":"wp","href":"https:\/\/api.w.org\/{rel}","templated":true}]}}