{"id":598332,"date":"2025-12-14T08:34:13","date_gmt":"2025-12-14T08:34:13","guid":{"rendered":"https:\/\/www.europesays.com\/fr\/598332\/"},"modified":"2025-12-14T08:34:13","modified_gmt":"2025-12-14T08:34:13","slug":"terroristes-ou-reformateurs-deux-cents-ans-apres-les-decembristes-continuent-de-diviser-la-russie","status":"publish","type":"post","link":"https:\/\/www.europesays.com\/fr\/598332\/","title":{"rendered":"\u201cTerroristes ou r\u00e9formateurs ?\u201d Deux cents ans apr\u00e8s, les d\u00e9cembristes continuent de diviser la Russie"},"content":{"rendered":"\n<p>\u00c9taient-ils \u201cdes romantiques, des terroristes ou bien des r\u00e9formateurs de la Russie\u201d\u00a0? C\u2019est la question que posait \u00e0 sa une le quotidien gouvernemental <a href=\"https:\/\/rg.ru\/2025\/12\/10\/dekabristy.html\" target=\"_blank\" rel=\"noopener\"><strong>Rossi\u00efska\u00efa Gazeta<\/strong><\/a> le 11\u00a0d\u00e9cembre. L\u2019ancien ministre de la Culture, <a href=\"https:\/\/www.courrierinternational.com\/article\/diplomatie-vladimir-medinski-le-principal-negociateur-russe-sous-le-feu-des-projecteurs-a-moscou_231464\" target=\"_blank\" rel=\"noopener\">Vladimir Medinski<\/a> \u2013\u00a0aujourd\u2019hui conseiller du pr\u00e9sident Poutine\u00a0\u2013, y appara\u00eet dans un cabinet surann\u00e9 \u00e0 demi assis sur un bureau, tel un professeur donnant une conf\u00e9rence. Sur un fait historique qui, deux cents\u00a0ans plus tard, continue de nourrir les controverses.<\/p>\n<p>Le journal y consacre un dossier dans lequel historiens et \u00e9crivains sont invit\u00e9s \u00e0 livrer leur interpr\u00e9tation. Vladimir Medinski, auteur du nouveau manuel d\u2019histoire destin\u00e9 aux lyc\u00e9ens russes, d\u00e9cline quant \u00e0 lui tout jugement tranch\u00e9. \u201cIl convient de tirer les le\u00e7ons de l\u2019histoire et de s\u2019efforcer de comprendre la logique et les motivations de nos anc\u00eatres dans une situation o\u00f9, des deux c\u00f4t\u00e9s des barricades, se trouvaient des personnes qui aspiraient sinc\u00e8rement au bien de leur patrie.\u201d Un discours consensuel conforme \u00e0 l\u2019approche historique de Vladimir Poutine, soucieuse de valoriser <a href=\"https:\/\/www.courrierinternational.com\/article\/societe-pour-le-kremlin-95-des-russes-doivent-avoir-une-identite-civique-russe-commune_237880\" target=\"_blank\" rel=\"noopener\">l\u2019unit\u00e9 nationale<\/a>.<\/p>\n<p> \u201cUne \u00e9ducation occidentale\u201d <\/p>\n<p>\u00c0 l\u2019occasion du 200e\u00a0anniversaire de ce coup d\u2019\u00c9tat manqu\u00e9, c\u2019est le ministre de la Justice, Konstantin Tchou\u00eftchenko, qui a condamn\u00e9 publiquement l\u2019initiative des officie<\/p>\n","protected":false},"excerpt":{"rendered":"\u00c9taient-ils \u201cdes romantiques, des terroristes ou bien des r\u00e9formateurs de la Russie\u201d\u00a0? C\u2019est la question que posait \u00e0&hellip;\n","protected":false},"author":2,"featured_media":598333,"comment_status":"","ping_status":"","sticky":false,"template":"","format":"standard","meta":{"footnotes":""},"categories":[1591],"tags":[11,1887,937,12,1885,1886,132,1857],"class_list":{"0":"post-598332","1":"post","2":"type-post","3":"status-publish","4":"format-standard","5":"has-post-thumbnail","7":"category-russie","8":"tag-actualites","9":"tag-federation-de-russie","10":"tag-histoire","11":"tag-news","12":"tag-russia","13":"tag-russian-federation","14":"tag-russie","15":"tag-sociu00e9tu00e9"},"share_on_mastodon":{"url":"https:\/\/pubeurope.com\/@fr\/115717004855619063","error":""},"_links":{"self":[{"href":"https:\/\/www.europesays.com\/fr\/wp-json\/wp\/v2\/posts\/598332","targetHints":{"allow":["GET"]}}],"collection":[{"href":"https:\/\/www.europesays.com\/fr\/wp-json\/wp\/v2\/posts"}],"about":[{"href":"https:\/\/www.europesays.com\/fr\/wp-json\/wp\/v2\/types\/post"}],"author":[{"embeddable":true,"href":"https:\/\/www.europesays.com\/fr\/wp-json\/wp\/v2\/users\/2"}],"replies":[{"embeddable":true,"href":"https:\/\/www.europesays.com\/fr\/wp-json\/wp\/v2\/comments?post=598332"}],"version-history":[{"count":0,"href":"https:\/\/www.europesays.com\/fr\/wp-json\/wp\/v2\/posts\/598332\/revisions"}],"wp:featuredmedia":[{"embeddable":true,"href":"https:\/\/www.europesays.com\/fr\/wp-json\/wp\/v2\/media\/598333"}],"wp:attachment":[{"href":"https:\/\/www.europesays.com\/fr\/wp-json\/wp\/v2\/media?parent=598332"}],"wp:term":[{"taxonomy":"category","embeddable":true,"href":"https:\/\/www.europesays.com\/fr\/wp-json\/wp\/v2\/categories?post=598332"},{"taxonomy":"post_tag","embeddable":true,"href":"https:\/\/www.europesays.com\/fr\/wp-json\/wp\/v2\/tags?post=598332"}],"curies":[{"name":"wp","href":"https:\/\/api.w.org\/{rel}","templated":true}]}}