{"id":598334,"date":"2025-12-14T08:35:15","date_gmt":"2025-12-14T08:35:15","guid":{"rendered":"https:\/\/www.europesays.com\/fr\/598334\/"},"modified":"2025-12-14T08:35:15","modified_gmt":"2025-12-14T08:35:15","slug":"opinion-les-francais-plus-determines-que-leurs-dirigeants-a-soutenir-lukraine-par-antoine-bristielle","status":"publish","type":"post","link":"https:\/\/www.europesays.com\/fr\/598334\/","title":{"rendered":"OPINION. \u00ab Les Fran\u00e7ais plus d\u00e9termin\u00e9s que leurs dirigeants \u00e0 soutenir l\u2019Ukraine \u00bb, par Antoine Bristielle"},"content":{"rendered":"<p>Alors que les \u00c9tats-Unis semblent tourner le dos \u00e0 l\u2019<a href=\"https:\/\/www.latribune.fr\/article\/economie\/85513929660345\/adhesion-de-l-ukraine-a-l-ue-en-2027-le-scenario-qui-fracture-les-capitales-europeennes\" target=\"_blank\" rel=\"noopener\">Ukraine<\/a> et que l\u2019<a href=\"https:\/\/www.latribune.fr\/opinions\/tribunes\/l-avenir-de-l-europe-ou-comment-financer-800-milliards-d-euros-par-an-sans-aggraver-les-dettes-publiques-des-etats-1012001.html\" target=\"_blank\" rel=\"noopener\">aide europ\u00e9enne<\/a> atteint\u00a0 un niveau historiquement bas, un constat s\u2019impose : les opinions publiques ne suivent pas\u00a0 la trajectoire de leurs gouvernements. Notre derni\u00e8re enqu\u00eate men\u00e9e du 25 Novembre au 4\u00a0 D\u00e9cembre en partenariat avec Dynata le montre avec force : en France, comme au\u00a0 Royaume-Uni, en Allemagne ou en Italie, les citoyens se r\u00e9v\u00e8lent aujourd\u2019hui plus volontaristes que leurs dirigeants dans <a href=\"https:\/\/www.latribune.fr\/article\/economie\/59775832223012\/l-aide-militaire-a-l-ukraine-au-plus-bas-depuis-le-debut-de-la-guerre\" target=\"_blank\" rel=\"noopener\">le soutien \u00e0 l\u2019Ukraine<\/a>.\u00a0<\/p>\n<p>Le d\u00e9bat se focalise souvent sur le co\u00fbt de ce soutien. Pourtant, seuls 11% des Fran\u00e7ais\u00a0 \u00e9valuent correctement l\u2019aide r\u00e9ellement fournie, 0,2% du PIB depuis 2022. Pr\u00e8s de la moiti\u00e9\u00a0 la surestime et 41 % l\u2019ignorent. Mais ce qui frappe surtout, c\u2019est que cette m\u00e9connaissance\u00a0 ne se traduit pas par une r\u00e9ticence, bien au contraire : 40% des Fran\u00e7ais estiment que l\u2019effort devrait d\u00e9passer 0,5% du PIB, soit plus du double de l\u2019engagement actuel.\u00a0<\/p>\n<p>Et les citoyens ne se contentent pas d\u2019un soutien abstrait, bien au contraire. Ils sont pr\u00eats \u00e0 mobiliser des leviers financiers consid\u00e9rables, comme les avoirs russes gel\u00e9s, estim\u00e9s \u00e0\u00a0 pr\u00e8s de 18 milliards d\u2019euros en France, pour soutenir Kyiv et renforcer l\u2019industrie de d\u00e9fense nationale. Une mesure approuv\u00e9e par 54% des Fran\u00e7ais, quand seuls 29% y sont oppos\u00e9s :\u00a0 l\u00e0 encore, la population appara\u00eet plus audacieuse que ses dirigeants.\u00a0<\/p>\n<p>Ce soutien s\u2019ancre dans un capital de sympathie durable : 67% des Fran\u00e7ais ont une image positive de l\u2019Ukraine, et 64% soutiennent <a href=\"https:\/\/www.latribune.fr\/article\/la-tribune-dimanche\/dans-le-monde\/74616572751728\/corruption-crise-budgetaire-difficultes-sur-le-front-zelensky-sous-haute-pression\" target=\"_blank\" rel=\"noopener\">Volodymyr Zelensky <\/a>malgr\u00e9 l\u2019usure du conflit et les scandales de corruption m\u00e9diatis\u00e9s. \u00c0 cela s\u2019ajoute une inqui\u00e9tude profonde face \u00e0 Moscou : 85% des citoyens se disent pr\u00e9occup\u00e9s par la guerre, et 80% consid\u00e8rent la Russie comme une menace directe pour la souverainet\u00e9 europ\u00e9enne.\u00a0<\/p>\n<p>Cette d\u00e9fiance g\u00e9n\u00e9ralis\u00e9e \u00e0 l\u2019\u00e9gard de Moscou &#8211; seuls 27% des Fran\u00e7ais feraient confiance\u00a0 \u00e0 <a href=\"https:\/\/www.latribune.fr\/economie\/international\/russie-l-ukraine-est-une-question-de-vie-ou-de-mort-selon-vladimir-poutine-990864.html\" target=\"_blank\" rel=\"noopener\">Vladimir Poutine<\/a> pour respecter un cessez-le-feu &#8211; s\u2019accompagne d\u2019exigences claires : 79% r\u00e9clament des garanties de s\u00e9curit\u00e9 robustes, et 64% estiment que Kyiv doit \u00eatre partie prenante de tout accord. L&rsquo;opinion publique fran\u00e7aise, tout comme celles du Royaume-Uni, d\u2019Allemagne et d\u2019Italie, semble avoir int\u00e9gr\u00e9 les risques du conflit plus vite que ses\u00a0 gouvernements.\u00a0<\/p>\n<p>Savoir que la majorit\u00e9 des Fran\u00e7ais soutient un renforcement de l\u2019aide \u00e0 l\u2019Ukraine peut inspirer des mesures concr\u00e8tes : mobilisation de financements, soutien accru \u00e0 l\u2019industrie de d\u00e9fense, pression diplomatique pour des garanties de s\u00e9curit\u00e9 cr\u00e9dibles. Alors que Washington menace de se retirer et que Moscou teste les limites du continent, l\u2019Europe doit\u00a0 agir pour rester cr\u00e9dible. La volont\u00e9 populaire est claire ; la responsabilit\u00e9 politique l\u2019est tout autant. Si l\u2019Europe veut rester cr\u00e9dible, elle doit aligner son action sur la d\u00e9termination de ses citoyens.<\/p>\n","protected":false},"excerpt":{"rendered":"Alors que les \u00c9tats-Unis semblent tourner le dos \u00e0 l\u2019Ukraine et que l\u2019aide europ\u00e9enne atteint\u00a0 un niveau historiquement&hellip;\n","protected":false},"author":2,"featured_media":598335,"comment_status":"","ping_status":"","sticky":false,"template":"","format":"standard","meta":{"footnotes":""},"categories":[1590],"tags":[17,11,32632,71094,53239,13789,1777,674,3844,5493,3102,151,12,4536,13699,220],"class_list":{"0":"post-598334","1":"post","2":"type-post","3":"status-publish","4":"format-standard","5":"has-post-thumbnail","7":"category-ukraine","8":"tag-17","9":"tag-actualites","10":"tag-antoine","11":"tag-bristielle","12":"tag-determines","13":"tag-dirigeants","14":"tag-eu","15":"tag-europe","16":"tag-francais","17":"tag-lukraine","18":"tag-la-tribune-dimanche","19":"tag-les","20":"tag-news","21":"tag-opinion","22":"tag-soutenir","23":"tag-ukraine"},"share_on_mastodon":{"url":"https:\/\/pubeurope.com\/@fr\/115717008592394742","error":""},"_links":{"self":[{"href":"https:\/\/www.europesays.com\/fr\/wp-json\/wp\/v2\/posts\/598334","targetHints":{"allow":["GET"]}}],"collection":[{"href":"https:\/\/www.europesays.com\/fr\/wp-json\/wp\/v2\/posts"}],"about":[{"href":"https:\/\/www.europesays.com\/fr\/wp-json\/wp\/v2\/types\/post"}],"author":[{"embeddable":true,"href":"https:\/\/www.europesays.com\/fr\/wp-json\/wp\/v2\/users\/2"}],"replies":[{"embeddable":true,"href":"https:\/\/www.europesays.com\/fr\/wp-json\/wp\/v2\/comments?post=598334"}],"version-history":[{"count":0,"href":"https:\/\/www.europesays.com\/fr\/wp-json\/wp\/v2\/posts\/598334\/revisions"}],"wp:featuredmedia":[{"embeddable":true,"href":"https:\/\/www.europesays.com\/fr\/wp-json\/wp\/v2\/media\/598335"}],"wp:attachment":[{"href":"https:\/\/www.europesays.com\/fr\/wp-json\/wp\/v2\/media?parent=598334"}],"wp:term":[{"taxonomy":"category","embeddable":true,"href":"https:\/\/www.europesays.com\/fr\/wp-json\/wp\/v2\/categories?post=598334"},{"taxonomy":"post_tag","embeddable":true,"href":"https:\/\/www.europesays.com\/fr\/wp-json\/wp\/v2\/tags?post=598334"}],"curies":[{"name":"wp","href":"https:\/\/api.w.org\/{rel}","templated":true}]}}