{"id":598336,"date":"2025-12-14T08:36:27","date_gmt":"2025-12-14T08:36:27","guid":{"rendered":"https:\/\/www.europesays.com\/fr\/598336\/"},"modified":"2025-12-14T08:36:27","modified_gmt":"2025-12-14T08:36:27","slug":"des-tirs-en-plein-examen-un-suspect-avec-un-masque-de-camouflage-ce-que-lon-sait-de-la-fusillade-qui-a-fait-deux-morts-a-luniversite-brown-aux-etats-unis","status":"publish","type":"post","link":"https:\/\/www.europesays.com\/fr\/598336\/","title":{"rendered":"Des tirs en plein examen, un suspect avec un \u00ab\u00a0masque de camouflage\u00a0\u00bb&#8230; Ce que l&rsquo;on sait de la fusillade qui a fait deux morts \u00e0 l&rsquo;universit\u00e9 Brown aux \u00c9tats-Unis"},"content":{"rendered":"<p>Une fusillade s&rsquo;est produite sur le campus de l&rsquo;universit\u00e9 Brown, situ\u00e9e dans le nord-est des \u00c9tats-Unis, ce samedi 13 d\u00e9cembre. Deux morts et neuf bless\u00e9s sont \u00e0 d\u00e9plorer. Ce dimanche, le tireur restait toujours recherch\u00e9.<\/p>\n<p>Nouvelle fusillade Outre-Atlantique. Des <a href=\"https:\/\/www.bfmtv.com\/international\/amerique-nord\/etats-unis\/plusieurs-personnes-touchees-lors-d-une-fusillade-sur-le-campus-de-l-universite-brown-aux-etats-unis_AD-202512130404.html\" title=\"Plusieurs personnes touch\u00e9es lors d&#039;une fusillade sur le campus de l&#039;universit\u00e9 Brown aux \u00c9tats-Unis\" class=\"internal_link\" target=\"_blank\" rel=\"noopener\">tirs<\/a> sur le campus de l&rsquo;universit\u00e9 <a href=\"https:\/\/www.bfmtv.com\/international\/amerique-nord\/etats-unis\/fusillade-a-l-universite-brown-deux-morts-et-neuf-blesses-le-tireur-recherche_AD-202512140037.html\" title=\"Fusillade \u00e0 l&#039;universit\u00e9 Brown: deux morts et neuf bless\u00e9s, le tireur recherch\u00e9\" class=\"internal_link\" target=\"_blank\" rel=\"noopener\">Brown<\/a>, l&rsquo;une des plus prestigieuses aux \u00c9tats-Unis et appartenant \u00e0 l&rsquo;Ivy League, ont fait deux morts et neuf bless\u00e9s, tous des \u00e9tudiants, ce samedi 13 d\u00e9cembre.<\/p>\n<p>\u2022 Des tirs en plein examen<\/p>\n<p>Les tirs ont eu lieu dans une salle du campus de l&rsquo;universit\u00e9 Brown, situ\u00e9e dans le nord-est des \u00c9tats-Unis. Selon Frank Doyle, un responsable de l&rsquo;\u00e9tablissement Brown, les tirs ont eu lieu dans le b\u00e2timent d&rsquo;ing\u00e9nierie et de physique, o\u00f9 se d\u00e9roulaient des examens.<\/p>\n<p>Katie Sun a racont\u00e9 au journal \u00e9tudiant Brown Daily Herald qu&rsquo;elle \u00e9tudiait dans un b\u00e2timent voisin quand elle a entendu des coups de feu. Elle a couru jusqu&rsquo;\u00e0 son dortoir en laissant toutes ses affaires.<\/p>\n<blockquote class=\"embed embed_quote\"><p>\u00ab\u00a0C&rsquo;\u00e9tait franchement assez terrifiant. Les coups de feu semblaient venir&#8230; de l&rsquo;endroit o\u00f9 sont les salles de classe\u00a0\u00bb, a-t-elle rapport\u00e9.<\/p><\/blockquote>\n<p>\u2022 Huit bless\u00e9s graves<\/p>\n<p>Sur les neuf \u00e9tudiants bless\u00e9s, huit l&rsquo;ont \u00e9t\u00e9 gri\u00e8vement, mais sont dans un \u00e9tat stable, a d\u00e9clar\u00e9 lors d&rsquo;une conf\u00e9rence de presse Brett Smiley, le maire de Providence, capitale du petit \u00c9tat du Rhode Island.<\/p>\n<p>Le pr\u00e9sident de l&rsquo;universit\u00e9 Brown a affirm\u00e9 que toutes les victimes de la fusillade \u00e9taient toutes des \u00e9tudiants. Mais on ignorait encore ce dimanche matin l&rsquo;identit\u00e9 pr\u00e9cise des deux personnes tu\u00e9es.<\/p>\n<p>\u2022 Une vid\u00e9o du suspect publi\u00e9e par la police<\/p>\n<p>Brett Smiley, le maire de Providence, capitale de l&rsquo;\u00c9tat de Rhode Island, a indiqu\u00e9 samedi dans la soir\u00e9e que l&rsquo;auteur des coups de feu n&rsquo;avait pas encore \u00e9t\u00e9 appr\u00e9hend\u00e9 et que plus de 400 membres des forces de l&rsquo;ordre avaient \u00e9t\u00e9 d\u00e9ploy\u00e9s.<\/p>\n<p>La police a rendu publique une vid\u00e9o o\u00f9 l&rsquo;auteur pr\u00e9sum\u00e9 des faits sort du b\u00e2timent, v\u00eatu d&rsquo;habits sombres. Des t\u00e9moins ont rapport\u00e9 qu&rsquo;il portait \u00e9galement \u00ab\u00a0un masque de camouflage gris\u00a0\u00bb, a pr\u00e9cis\u00e9 le chef adjoint de la police de Providence, Tim O&rsquo;Hara, appelant de potentiels t\u00e9moins \u00e0 apporter toute information utile \u00e0 l&rsquo;enqu\u00eate.<\/p>\n<p>Une personne initialement soup\u00e7onn\u00e9e d&rsquo;\u00eatre impliqu\u00e9e dans la fusillade a \u00e9t\u00e9 un temps plac\u00e9e en d\u00e9tention, mais il a ensuite \u00e9t\u00e9 \u00e9tabli qu&rsquo;elle n&rsquo;\u00e9tait pas impliqu\u00e9e et la personne a \u00e9t\u00e9 rel\u00e2ch\u00e9e.<\/p>\n<p>\u2022 Donald Trump apporte son soutien aux victimes<\/p>\n<p>Donald Trump a d\u00e9clar\u00e9 sur sa plateforme Truth Social avoir \u00e9t\u00e9 inform\u00e9 de la situation, et a assur\u00e9 que la police f\u00e9d\u00e9rale, le FBI, \u00e9tait sur place.<\/p>\n<p>\u00c0 son retour \u00e0 la Maison Blanche apr\u00e8s avoir assist\u00e9 \u00e0 un match de football am\u00e9ricain universitaire, Donald Trump a d\u00e9clar\u00e9: \u00ab\u00a0Quelle chose terrible\u00a0\u00bb. \u00ab\u00a0Tout ce que nous pouvons faire pour le moment, c&rsquo;est prier pour les victimes\u00a0\u00bb, a-t-il ajout\u00e9.<\/p>\n<p>Avec plus d&rsquo;armes \u00e0 feu en circulation que d&rsquo;habitants, les \u00c9tats-Unis affichent le taux de mortalit\u00e9 par armes \u00e0 feu le plus \u00e9lev\u00e9 de tous les pays d\u00e9velopp\u00e9s. En 2024, plus de 16.000 personnes, sans compter les suicides, ont \u00e9t\u00e9 tu\u00e9es par arme \u00e0 feu, selon Gun Violence Archive.<\/p>\n","protected":false},"excerpt":{"rendered":"Une fusillade s&rsquo;est produite sur le campus de l&rsquo;universit\u00e9 Brown, situ\u00e9e dans le nord-est des \u00c9tats-Unis, ce samedi&hellip;\n","protected":false},"author":2,"featured_media":598337,"comment_status":"","ping_status":"","sticky":false,"template":"","format":"standard","meta":{"footnotes":""},"categories":[1589],"tags":[11,73,1866,12,1864,1865,1863,308],"class_list":{"0":"post-598336","1":"post","2":"type-post","3":"status-publish","4":"format-standard","5":"has-post-thumbnail","7":"category-etats-unis","8":"tag-actualites","9":"tag-etats-unis","10":"tag-etats-unis-damerique","11":"tag-news","12":"tag-united-states","13":"tag-united-states-of-america","14":"tag-us","15":"tag-usa"},"share_on_mastodon":{"url":"https:\/\/pubeurope.com\/@fr\/115717012541723204","error":""},"_links":{"self":[{"href":"https:\/\/www.europesays.com\/fr\/wp-json\/wp\/v2\/posts\/598336","targetHints":{"allow":["GET"]}}],"collection":[{"href":"https:\/\/www.europesays.com\/fr\/wp-json\/wp\/v2\/posts"}],"about":[{"href":"https:\/\/www.europesays.com\/fr\/wp-json\/wp\/v2\/types\/post"}],"author":[{"embeddable":true,"href":"https:\/\/www.europesays.com\/fr\/wp-json\/wp\/v2\/users\/2"}],"replies":[{"embeddable":true,"href":"https:\/\/www.europesays.com\/fr\/wp-json\/wp\/v2\/comments?post=598336"}],"version-history":[{"count":0,"href":"https:\/\/www.europesays.com\/fr\/wp-json\/wp\/v2\/posts\/598336\/revisions"}],"wp:featuredmedia":[{"embeddable":true,"href":"https:\/\/www.europesays.com\/fr\/wp-json\/wp\/v2\/media\/598337"}],"wp:attachment":[{"href":"https:\/\/www.europesays.com\/fr\/wp-json\/wp\/v2\/media?parent=598336"}],"wp:term":[{"taxonomy":"category","embeddable":true,"href":"https:\/\/www.europesays.com\/fr\/wp-json\/wp\/v2\/categories?post=598336"},{"taxonomy":"post_tag","embeddable":true,"href":"https:\/\/www.europesays.com\/fr\/wp-json\/wp\/v2\/tags?post=598336"}],"curies":[{"name":"wp","href":"https:\/\/api.w.org\/{rel}","templated":true}]}}