{"id":598340,"date":"2025-12-14T08:38:16","date_gmt":"2025-12-14T08:38:16","guid":{"rendered":"https:\/\/www.europesays.com\/fr\/598340\/"},"modified":"2025-12-14T08:38:16","modified_gmt":"2025-12-14T08:38:16","slug":"un-projet-dattentat-visant-un-marche-de-noel-dejoue-en-allemagne","status":"publish","type":"post","link":"https:\/\/www.europesays.com\/fr\/598340\/","title":{"rendered":"Un projet d&rsquo;attentat visant un march\u00e9 de No\u00ebl d\u00e9jou\u00e9 en Allemagne"},"content":{"rendered":"<ul class=\"jsx-862013697 ArticleChapo__List\">\n<li class=\"jsx-862013697 ArticleChapo__List_Item flex\">Les autorit\u00e9s allemandes ont indiqu\u00e9 ce samedi qu&rsquo;un attentat \u00e0 la voiture-b\u00e9lier avait \u00e9t\u00e9 d\u00e9jou\u00e9 dans le pays.<\/li>\n<li class=\"jsx-862013697 ArticleChapo__List_Item flex\">Les cinq hommes arr\u00eat\u00e9s visaient un march\u00e9 de No\u00ebl d&rsquo;une ville du sud de la Bavi\u00e8re.<\/li>\n<\/ul>\n<p data-module=\"article-paragraph\" class=\"jsx-3046738180 Paragraph Paragraph__End\">Le pire a-t-il \u00e9t\u00e9 \u00e9vit\u00e9 ? Les autorit\u00e9s allemandes ont annonc\u00e9 samedi 13 d\u00e9cembre au soir avoir arr\u00eat\u00e9 cinq hommes soup\u00e7onn\u00e9s de pr\u00e9parer un attentat \u00e0 la voiture-b\u00e9lier d&rsquo;inspiration islamiste visant un des milliers de march\u00e9s de No\u00ebl du pays. Un \u00c9gyptien, trois Marocains et un Syrien ont \u00e9t\u00e9 interpell\u00e9s vendredi pour ce projet cens\u00e9 \u00eatre mis en \u0153uvre dans le sud de la Bavi\u00e8re, ont pr\u00e9cis\u00e9 la police et le parquet dans un communiqu\u00e9.<\/p>\n<p><a href=\"https:\/\/www.tf1info.fr\/justice-faits-divers\/fetes-de-fin-d-annee-la-securite-sur-les-marches-de-noel-renforcee-2410617.html\" rel=\"nofollow noopener\" class=\"jsx-3308031228 Link flex\" target=\"_blank\"><img decoding=\"async\" src=\"https:\/\/www.europesays.com\/fr\/wp-content\/uploads\/2025\/12\/marche-de-noel-strasbourg-b5f984-3@1x.jpeg\" alt=\"SEBASTIEN BOZON \/ AFP\" loading=\"lazy\" importance=\"low\" fetchpriority=\"low\" class=\"\" aria-hidden=\"true\"\/><\/p>\n<p class=\"jsx-3657663356 ReadMoreArticle__Title\">Lire aussi<\/p>\n<p class=\"jsx-3657663356\">\u00ab\u00a0Menace terroriste \u00e9lev\u00e9e\u00a0\u00bb : la s\u00e9curit\u00e9 sur les march\u00e9s de No\u00ebl renforc\u00e9e<\/p>\n<p><\/a><\/p>\n<p data-module=\"article-paragraph\" class=\"jsx-3046738180 Paragraph\">Les enqu\u00eateurs ont pr\u00e9cis\u00e9 soup\u00e7onner \u00ab\u00a0une motivation islamiste\u00a0\u00bb pour ce projet. L&rsquo;\u00c9gyptien, \u00e2g\u00e9 de 56 ans, est imam dans une mosqu\u00e9e dans les environs de la ville de Dingolfing-Landau, pr\u00e8s de Munich, selon le tablo\u00efd Bild. Selon les autorit\u00e9s, il est soup\u00e7onn\u00e9 d&rsquo;avoir appel\u00e9 \u00e0 viser un march\u00e9 en \u00ab\u00a0utilisant un v\u00e9hicule pour tuer ou blesser autant de personnes que possible\u00a0\u00bb, selon cette source. Les Marocains, \u00e2g\u00e9s de 22, 28 et 30 ans, auraient accept\u00e9 de perp\u00e9trer l&rsquo;attentat tandis que le Syrien, \u00e2g\u00e9 de 37 ans, les aurait encourag\u00e9s. Tous les suspects ont \u00e9t\u00e9 pr\u00e9sent\u00e9s \u00e0 un juge samedi et plac\u00e9s en d\u00e9tention.<\/p>\n<p data-module=\"article-paragraph\" class=\"jsx-3046738180 Paragraph Paragraph__End\">Cit\u00e9 par Bild, le ministre de l&rsquo;Int\u00e9rieur de la Bavi\u00e8re, Joachim Herrmann, a soulign\u00e9 \u00ab\u00a0l&rsquo;excellente coop\u00e9ration entre les services de s\u00e9curit\u00e9\u00a0\u00bb qui a permis d&#8217;emp\u00eacher la tenue d&rsquo;une \u00ab\u00a0attaque potentiellement motiv\u00e9e par l\u2019islamisme\u00a0\u00bb. Les autorit\u00e9s n&rsquo;ont pas pr\u00e9cis\u00e9 o\u00f9 les suspects avaient \u00e9t\u00e9 arr\u00eat\u00e9s, ni o\u00f9 et quand l&rsquo;attentat devait avoir lieu.<\/p>\n<p>Le traumatisme d&rsquo;un attentat meurtrier il y a un an<\/p>\n<p data-module=\"article-paragraph\" class=\"jsx-3046738180 Paragraph\">Cette annonce survient un an apr\u00e8s le choc suscit\u00e9 par <a href=\"https:\/\/www.tf1info.fr\/international\/allemagne-une-sixieme-personne-meurt-des-suites-de-l-attaque-du-20-decembre-2024-sur-le-marche-de-noel-de-magdebourg-2343210.html\" rel=\"nofollow noopener\" target=\"_blank\">l&rsquo;attentat meurtrier au march\u00e9 de Magdebourg<\/a>, un attentat \u00e0 la voiture-b\u00e9lier qui avait fait six morts et plus de 300 bless\u00e9s au march\u00e9 de No\u00ebl \u00e0 Magdebourg, capitale r\u00e9gionale de l&rsquo;est. Taleb Jawad al-Abdulmohsen, un Saoudien islamophobe qui a reconnu avoir conduit le v\u00e9hicule fon\u00e7ant sur la foule, est actuellement jug\u00e9 pour cette attaque.<\/p>\n<p data-module=\"article-paragraph\" class=\"jsx-3046738180 Paragraph\">Son acte avait remis les questions de s\u00e9curit\u00e9 au premier plan, enflammant le d\u00e9bat autour de l&rsquo;immigration et la s\u00e9curit\u00e9, alors que l&rsquo;Allemagne \u00e9tait en pleine campagne des l\u00e9gislatives (<a href=\"https:\/\/www.tf1info.fr\/international\/resultat-elections-allemagne-2025-les-conservateurs-cdu-remportent-les-legislatives-l-extreme-droite-afd-en-deuxieme-position-2355705.html\" rel=\"nofollow noopener\" target=\"_blank\">o\u00f9 le parti d&rsquo;extr\u00eame droite AfD a obtenu une deuxi\u00e8me place historique<\/a>, ndlr) et apr\u00e8s plusieurs attaques au couteau dont certaines commises par des \u00e9trangers.<\/p>\n<p data-module=\"article-paragraph\" class=\"jsx-3046738180 Paragraph Paragraph__End\">Apr\u00e8s une p\u00e9riode d&rsquo;incertitude, le march\u00e9 de No\u00ebl de Magdebourg a finalement rouvert fin novembre, sous forte protection polici\u00e8re et entour\u00e9 de blocs de b\u00e9ton, peints de vert et rouge pour leur donner un aspect festif.<\/p>\n<p>Des march\u00e9s annul\u00e9s \u00e0 cause de mesures de s\u00e9curit\u00e9 trop ch\u00e8res<\/p>\n<p data-module=\"article-paragraph\" class=\"jsx-3046738180 Paragraph\">Mais quelques villes, dont Overath pr\u00e8s de Cologne, ont d\u00e9cid\u00e9 d&rsquo;annuler ce march\u00e9 traditionnel cette ann\u00e9e en raison du co\u00fbt des mesures de s\u00e9curit\u00e9.\u00a0<\/p>\n<p data-module=\"article-paragraph\" class=\"jsx-3046738180 Paragraph Paragraph__End\">L&rsquo;ann\u00e9e derni\u00e8re, plus de 7.000 march\u00e9s de No\u00ebl \u00e0 travers le pays ont attir\u00e9 170 millions de visiteurs, pour des recettes s&rsquo;\u00e9levant \u00e0 4,2 milliards d&rsquo;euros &#8211; soit en moyenne 25 euros environ par visiteur.<\/p>\n<p>J.F. avec AFP<\/p>\n","protected":false},"excerpt":{"rendered":"Les autorit\u00e9s allemandes ont indiqu\u00e9 ce samedi qu&rsquo;un attentat \u00e0 la voiture-b\u00e9lier avait \u00e9t\u00e9 d\u00e9jou\u00e9 dans le pays.&hellip;\n","protected":false},"author":2,"featured_media":58334,"comment_status":"","ping_status":"","sticky":false,"template":"","format":"standard","meta":{"footnotes":""},"categories":[1587],"tags":[1111,11,672,1921,5581,1804,1805,1803,1777,674,62974,1801,1922,12,1802,133,1920],"class_list":{"0":"post-598340","1":"post","2":"type-post","3":"status-publish","4":"format-standard","5":"has-post-thumbnail","7":"category-allemagne","8":"tag-actu","9":"tag-actualites","10":"tag-allemagne","11":"tag-article-video","12":"tag-attentat","13":"tag-bundesrepublik-deutschland","14":"tag-de","15":"tag-deutschland","16":"tag-eu","17":"tag-europe","18":"tag-fetes-de-noel","19":"tag-germany","20":"tag-info","21":"tag-news","22":"tag-republique-federale-dallemagne","23":"tag-video","24":"tag-video-international"},"share_on_mastodon":{"url":"https:\/\/pubeurope.com\/@fr\/115717021471778030","error":""},"_links":{"self":[{"href":"https:\/\/www.europesays.com\/fr\/wp-json\/wp\/v2\/posts\/598340","targetHints":{"allow":["GET"]}}],"collection":[{"href":"https:\/\/www.europesays.com\/fr\/wp-json\/wp\/v2\/posts"}],"about":[{"href":"https:\/\/www.europesays.com\/fr\/wp-json\/wp\/v2\/types\/post"}],"author":[{"embeddable":true,"href":"https:\/\/www.europesays.com\/fr\/wp-json\/wp\/v2\/users\/2"}],"replies":[{"embeddable":true,"href":"https:\/\/www.europesays.com\/fr\/wp-json\/wp\/v2\/comments?post=598340"}],"version-history":[{"count":0,"href":"https:\/\/www.europesays.com\/fr\/wp-json\/wp\/v2\/posts\/598340\/revisions"}],"wp:featuredmedia":[{"embeddable":true,"href":"https:\/\/www.europesays.com\/fr\/wp-json\/wp\/v2\/media\/58334"}],"wp:attachment":[{"href":"https:\/\/www.europesays.com\/fr\/wp-json\/wp\/v2\/media?parent=598340"}],"wp:term":[{"taxonomy":"category","embeddable":true,"href":"https:\/\/www.europesays.com\/fr\/wp-json\/wp\/v2\/categories?post=598340"},{"taxonomy":"post_tag","embeddable":true,"href":"https:\/\/www.europesays.com\/fr\/wp-json\/wp\/v2\/tags?post=598340"}],"curies":[{"name":"wp","href":"https:\/\/api.w.org\/{rel}","templated":true}]}}