{"id":598341,"date":"2025-12-14T08:39:21","date_gmt":"2025-12-14T08:39:21","guid":{"rendered":"https:\/\/www.europesays.com\/fr\/598341\/"},"modified":"2025-12-14T08:39:21","modified_gmt":"2025-12-14T08:39:21","slug":"ce-marche-de-noel-est-le-plus-populaire-de-toute-leurope-et-il-a-un-enorme-avantage","status":"publish","type":"post","link":"https:\/\/www.europesays.com\/fr\/598341\/","title":{"rendered":"Ce march\u00e9 de No\u00ebl est le plus populaire de toute l&rsquo;Europe, et il a un \u00e9norme avantage"},"content":{"rendered":"<p>Qui dit d\u00e9cembre dit f\u00eates de fin d\u2019ann\u00e9es et toutes les<br \/>\nr\u00e9jouissances qui les accompagnent. <a href=\"https:\/\/www.closermag.fr\/shopping\/noel-2025-ces-idees-cadeaux-quon-a-deja-hate-de-mettre-sous-le-sapin-3583735\" rel=\"nofollow noopener\" target=\"_blank\">L\u2019achat des cadeaux<\/a> bat son plein &#8211; certains pr\u00e9f\u00e8rent<br \/>\ncependant faire leurs <a href=\"https:\/\/www.closermag.fr\/shopping\/shopping-de-noel-ces-choses-a-ne-surtout-pas-faire-si-vous-faites-vos-achats-en-ligne-3604277\" rel=\"nofollow noopener\" target=\"_blank\">achats en ligne \u00e0 condition de prendre quelques<br \/>\npr\u00e9cautions<\/a> &#8211; et chacun cherche la meilleure id\u00e9e pour faire<br \/>\nplaisir \u00e0 ses proches. C\u2019est parfois vers les march\u00e9s de No\u00ebl qu\u2019on<br \/>\nse tourne puisqu\u2019entre deux cabanons qui vendent sensiblement la<br \/>\nm\u00eame chose se trouve parfois un ou une petite cr\u00e9atrice artisanale<br \/>\nqui permettra de d\u00e9nicher LE cadeau unique. <strong>Difficile<br \/>\ncependant de savoir quels march\u00e9s de No\u00ebl valent le d\u00e9tour<\/strong><br \/>\nquand ils sont si nombreux et que <a href=\"https:\/\/www.closermag.fr\/voyage\/a-4-h-de-paris-le-plus-grand-marche-de-noel-interieur-ouvre-ses-portes-100-stands-et-un-sapin-geant-dans-une-gare-emblematique-3600204\" rel=\"nofollow noopener\" target=\"_blank\"><br \/>\nle plus grand se trouve \u00e0 quelques heures de Paris<\/a>.<\/p>\n<p>Selon une entreprise sp\u00e9cialis\u00e9e dans le transport et les<br \/>\nvoyages cependant, un march\u00e9 de No\u00ebl se d\u00e9marque en Europe. Il<br \/>\ns\u2019agit selon eux de l\u2019endroit \u00ab\u00a0le moins cher et le plus festif<br \/>\nen cette p\u00e9riode de No\u00ebl\u00a0\u00bb, et c\u2019est <strong>la ville de<br \/>\nPrague, en R\u00e9publique Tch\u00e8que<\/strong>, qui s\u2019est d\u00e9marqu\u00e9e. En<br \/>\ncroisant plusieurs crit\u00e8res comme le prix des h\u00f4tels ou encore les<br \/>\ndiff\u00e9rents avis de voyageurs sur <a href=\"https:\/\/www.tripadvisor.fr\/\" rel=\"nofollow noopener\" target=\"_blank\">Tripadvisor<\/a>, le<br \/>\nclassement a fait ressortir la capitale tch\u00e8que comme \u00e9tant la plus<br \/>\nint\u00e9ressante \u00e0 plusieurs points de vue.<\/p>\n<p>Le march\u00e9 de No\u00ebl de Prague est le plus pris\u00e9 d\u2019Europe<\/p>\n<p>Il faut dire que la ville de Prague se pr\u00eate particuli\u00e8rement<br \/>\nbien \u00e0 un petit weekend prolong\u00e9. La vieille ville se visite<br \/>\nfacilement \u00e0 pied et propose de nombreuses attractions touristiques<br \/>\ndont certaines gratuites. Le pont Charles, la cath\u00e9drale Saint-Guy,<br \/>\nl\u2019horloge astronomique ou encore le march\u00e9 de No\u00ebl font partie des<br \/>\nendroits les plus visit\u00e9s. Et ce fameux march\u00e9 de No\u00ebl, avec son<br \/>\nsapin de 20 m\u00e8tres de haut et ses petits chalets en bois, a m\u00eame<br \/>\n\u00e9t\u00e9 d\u00e9sign\u00e9 <strong>le march\u00e9 de No\u00ebl le plus photographi\u00e9<br \/>\nd\u2019Europe.<\/strong> Une popularit\u00e9 qui se justifie par ses<br \/>\nd\u00e9corations festives mais ce n\u2019est pas tout.<\/p>\n<p>En plus des achats de No\u00ebl qu\u2019on peut y faire &#8211; comme par<br \/>\nexemple des petites marionnettes tch\u00e8ques peintes \u00e0 la main &#8211; il<br \/>\nest aussi possible de <strong>boire et manger \u00e0 moindre<br \/>\nco\u00fbt<\/strong> dans ce fameux march\u00e9. Verre de vin chaud ou pinte de<br \/>\nbi\u00e8re, caf\u00e9 et chocolat chaud sont en vente \u00e0 des prix tr\u00e8s<br \/>\ncomp\u00e9titifs sur le march\u00e9 pour accompagner des plats typiques \u00e0<br \/>\nd\u00e9guster en se promenant entre les diff\u00e9rents cabanons.<\/p>\n<p>La capitale tch\u00e8que est pleine de<br \/>\nsurprises<\/p>\n<p>Et si le tour au march\u00e9 de No\u00ebl se termine un peu vite,<br \/>\n<strong>la ville de Prague offre largement de quoi<br \/>\ns\u2019occuper<\/strong> pendant quelques jours, que ce soit une visite<br \/>\nguid\u00e9e de la ville pour en apprendre plus sur son histoire, des<br \/>\nmus\u00e9es ou une petite vir\u00e9e shopping dans le quartier de Nov\u00e9 M\u011bsto,<br \/>\nla Nouvelle Ville. De quoi finir ses achats de No\u00ebl dans un d\u00e9cor<br \/>\nd\u00e9paysant pour aborder la fin de l\u2019ann\u00e9e de la meilleure fa\u00e7on.<\/p>\n","protected":false},"excerpt":{"rendered":"Qui dit d\u00e9cembre dit f\u00eates de fin d\u2019ann\u00e9es et toutes les r\u00e9jouissances qui les accompagnent. L\u2019achat des cadeaux&hellip;\n","protected":false},"author":2,"featured_media":598342,"comment_status":"","ping_status":"","sticky":false,"template":"","format":"standard","meta":{"footnotes":""},"categories":[1586],"tags":[11,21303,1777,674,1011,27,63815,70202,12,25],"class_list":{"0":"post-598341","1":"post","2":"type-post","3":"status-publish","4":"format-standard","5":"has-post-thumbnail","7":"category-europe","8":"tag-actualites","9":"tag-buzz_nonli","10":"tag-eu","11":"tag-europe","12":"tag-fr","13":"tag-france","14":"tag-marches-de-noel","15":"tag-marfeel_connexes","16":"tag-news","17":"tag-republique-francaise"},"share_on_mastodon":{"url":"https:\/\/pubeurope.com\/@fr\/115717024263156429","error":""},"_links":{"self":[{"href":"https:\/\/www.europesays.com\/fr\/wp-json\/wp\/v2\/posts\/598341","targetHints":{"allow":["GET"]}}],"collection":[{"href":"https:\/\/www.europesays.com\/fr\/wp-json\/wp\/v2\/posts"}],"about":[{"href":"https:\/\/www.europesays.com\/fr\/wp-json\/wp\/v2\/types\/post"}],"author":[{"embeddable":true,"href":"https:\/\/www.europesays.com\/fr\/wp-json\/wp\/v2\/users\/2"}],"replies":[{"embeddable":true,"href":"https:\/\/www.europesays.com\/fr\/wp-json\/wp\/v2\/comments?post=598341"}],"version-history":[{"count":0,"href":"https:\/\/www.europesays.com\/fr\/wp-json\/wp\/v2\/posts\/598341\/revisions"}],"wp:featuredmedia":[{"embeddable":true,"href":"https:\/\/www.europesays.com\/fr\/wp-json\/wp\/v2\/media\/598342"}],"wp:attachment":[{"href":"https:\/\/www.europesays.com\/fr\/wp-json\/wp\/v2\/media?parent=598341"}],"wp:term":[{"taxonomy":"category","embeddable":true,"href":"https:\/\/www.europesays.com\/fr\/wp-json\/wp\/v2\/categories?post=598341"},{"taxonomy":"post_tag","embeddable":true,"href":"https:\/\/www.europesays.com\/fr\/wp-json\/wp\/v2\/tags?post=598341"}],"curies":[{"name":"wp","href":"https:\/\/api.w.org\/{rel}","templated":true}]}}