{"id":598343,"date":"2025-12-14T08:40:13","date_gmt":"2025-12-14T08:40:13","guid":{"rendered":"https:\/\/www.europesays.com\/fr\/598343\/"},"modified":"2025-12-14T08:40:13","modified_gmt":"2025-12-14T08:40:13","slug":"lue-tranche-dans-la-douleur-le-maquereau-en-premiere-ligne","status":"publish","type":"post","link":"https:\/\/www.europesays.com\/fr\/598343\/","title":{"rendered":"l\u2019UE tranche dans la douleur, le maquereau en premi\u00e8re ligne"},"content":{"rendered":"<p>L\u2019accord a \u00e9t\u00e9 arrach\u00e9 au forceps. R\u00e9unis \u00e0 Bruxelles, les ministres europ\u00e9ens de la P\u00eache ont mis plus de deux jours &#8211; et une nuit de discussions &#8211;\u00a0pour s\u2019entendre sur les quotas applicables en 2026. Un calendrier inhabituellement long, r\u00e9v\u00e9lateur des tensions croissantes autour de la gestion des ressources halieutiques, dans un contexte de pression environnementale et de crispations diplomatiques.<\/p>\n<p>C\u2019est le maquereau qui cristallise les difficult\u00e9s. L\u2019esp\u00e8ce, dont la population s\u2019est fortement contract\u00e9e dans l\u2019Atlantique Nord, fera l\u2019objet d\u2019une r\u00e9duction de 70\u00a0% des captures sur les six premiers mois de 2026. Une baisse massive, l\u00e9g\u00e8rement inf\u00e9rieure toutefois aux recommandations scientifiques, qui pr\u00e9conisaient un recul de 77\u00a0%.<\/p>\n<p>La situation illustre un enchev\u00eatrement de facteurs climatiques et politiques. Sous l\u2019effet du r\u00e9chauffement des eaux, le maquereau a migr\u00e9 vers le nord, devenant l\u2019objet de rivalit\u00e9s accrues entre \u00c9tats c\u00f4tiers. L\u2019Union europ\u00e9enne accuse notamment la Norv\u00e8ge &#8211; mais aussi le Royaume-Uni, l\u2019Islande et les \u00eeles F\u00e9ro\u00e9 &#8211; de surp\u00eache et de non-respect des avis scientifiques. Les consultations avec ces pays tiers sont toujours en cours. En attendant, Bruxelles a opt\u00e9 pour des quotas provisoires, une solution transitoire qui souligne l\u2019absence de gouvernance partag\u00e9e sur cette ressource strat\u00e9gique.<\/p>\n<p><strong>Diplomatie de la p\u00eache en panne<\/strong>&#13;\n<\/p>\n<p>La France n\u2019a pas cach\u00e9 son exasp\u00e9ration. La ministre de la P\u00eache Catherine Chabaud a d\u00e9nonc\u00e9 l\u2019attitude \u00ab\u00a0inacceptable\u00a0\u00bb de plusieurs voisins de l\u2019UE et appel\u00e9 \u00e0 une v\u00e9ritable \u00ab\u00a0diplomatie de l\u2019oc\u00e9an\u00a0\u00bb, capable de peser face aux pratiques jug\u00e9es non durables. Paris plaide m\u00eame pour des sanctions commerciales, une option encore loin de faire consensus \u00e0 Bruxelles.<\/p>\n<p>Les divisions ne se limitent pas aux relations avec les pays tiers. Pour la premi\u00e8re fois depuis pr\u00e8s de quarante ans, l\u2019Irlande ne b\u00e9n\u00e9ficiera pas des<strong> <\/strong>\u2009pr\u00e9f\u00e9rences de La Haye, un m\u00e9canisme lui accordant des quotas major\u00e9s pour certaines esp\u00e8ces, dont le maquereau. La France a r\u00e9uni une minorit\u00e9 de blocage \u2014 avec la Belgique, les Pays-Bas, l\u2019Allemagne et la Pologne \u2014 pour s\u2019y opposer. Dublin a exprim\u00e9 son \u00ab\u00a0extr\u00eame d\u00e9ception\u00a0\u00bb, une d\u00e9cision v\u00e9cue comme un d\u00e9saveu politique et qui a suscit\u00e9 la col\u00e8re des p\u00eacheurs irlandais, d\u00e9j\u00e0 fragilis\u00e9s par la baisse des volumes autoris\u00e9s.<\/p>\n<p>Sur les autres esp\u00e8ces, l\u2019accord dessine une carte contrast\u00e9e\u00a0: hausse des quotas de langoustines dans le golfe de Gascogne (+\u00a054\u00a0%, hors zone sud), baisse limit\u00e9e du lieu jaune (-13\u00a0%, contre -26\u00a0% initialement envisag\u00e9s) et statu quo en M\u00e9diterran\u00e9e occidentale, apr\u00e8s les tensions de l\u2019an dernier.<\/p>\n<p>Un \u00e9quilibre jug\u00e9 pr\u00e9caire par les ONG environnementales. Pour Oceana, cette stabilit\u00e9 apparente masque une r\u00e9alit\u00e9 plus sombre\u00a0: des stocks toujours soumis \u00e0 une pression excessive apr\u00e8s des d\u00e9cennies de surp\u00eache.<\/p>\n<p>C\u00f4t\u00e9 professionnels, le comit\u00e9 national des p\u00eaches \u00e9voque une situation\u00a0contrast\u00e9e. \u00ab\u00a0Les baisses sur des esp\u00e8ces cl\u00e9s comme le maquereau ou le lieu jaune auront des impacts lourds pour les p\u00eacheurs et pour toute la fili\u00e8re\u00a0\u00bb, avertit son pr\u00e9sident Olivier Le N\u00e9zet, tout en saluant quelques signaux positifs sur le bar.<\/p>\n<p>Derri\u00e8re ces arbitrages techniques, une question demeure\u00a0: l\u2019Union europ\u00e9enne peut-elle encore d\u00e9fendre une politique commune de la p\u00eache face \u00e0 la fragmentation g\u00e9opolitique et aux urgences climatiques\u00a0? Faute de strat\u00e9gie partag\u00e9e avec ses voisins, Bruxelles avance d\u00e9sormais \u00e0 coups de compromis temporaires \u2014 au risque de voir la ressource, elle, ne pas attendre.<\/p>\n","protected":false},"excerpt":{"rendered":"L\u2019accord a \u00e9t\u00e9 arrach\u00e9 au forceps. R\u00e9unis \u00e0 Bruxelles, les ministres europ\u00e9ens de la P\u00eache ont mis plus&hellip;\n","protected":false},"author":2,"featured_media":598344,"comment_status":"","ping_status":"","sticky":false,"template":"","format":"standard","meta":{"footnotes":""},"categories":[1586],"tags":[17,11,1129,5899,1777,674,1779,1011,27,1861,3052,71095,12,4838,15096,25,2967,1778,364],"class_list":{"0":"post-598343","1":"post","2":"type-post","3":"status-publish","4":"format-standard","5":"has-post-thumbnail","7":"category-europe","8":"tag-17","9":"tag-actualites","10":"tag-climat","11":"tag-douleur","12":"tag-eu","13":"tag-europe","14":"tag-european-union","15":"tag-fr","16":"tag-france","17":"tag-lue","18":"tag-ligne","19":"tag-maquereau","20":"tag-news","21":"tag-peche","22":"tag-quotas","23":"tag-republique-francaise","24":"tag-tranche","25":"tag-ue","26":"tag-union-europeenne"},"share_on_mastodon":{"url":"https:\/\/pubeurope.com\/@fr\/115717028251607873","error":""},"_links":{"self":[{"href":"https:\/\/www.europesays.com\/fr\/wp-json\/wp\/v2\/posts\/598343","targetHints":{"allow":["GET"]}}],"collection":[{"href":"https:\/\/www.europesays.com\/fr\/wp-json\/wp\/v2\/posts"}],"about":[{"href":"https:\/\/www.europesays.com\/fr\/wp-json\/wp\/v2\/types\/post"}],"author":[{"embeddable":true,"href":"https:\/\/www.europesays.com\/fr\/wp-json\/wp\/v2\/users\/2"}],"replies":[{"embeddable":true,"href":"https:\/\/www.europesays.com\/fr\/wp-json\/wp\/v2\/comments?post=598343"}],"version-history":[{"count":0,"href":"https:\/\/www.europesays.com\/fr\/wp-json\/wp\/v2\/posts\/598343\/revisions"}],"wp:featuredmedia":[{"embeddable":true,"href":"https:\/\/www.europesays.com\/fr\/wp-json\/wp\/v2\/media\/598344"}],"wp:attachment":[{"href":"https:\/\/www.europesays.com\/fr\/wp-json\/wp\/v2\/media?parent=598343"}],"wp:term":[{"taxonomy":"category","embeddable":true,"href":"https:\/\/www.europesays.com\/fr\/wp-json\/wp\/v2\/categories?post=598343"},{"taxonomy":"post_tag","embeddable":true,"href":"https:\/\/www.europesays.com\/fr\/wp-json\/wp\/v2\/tags?post=598343"}],"curies":[{"name":"wp","href":"https:\/\/api.w.org\/{rel}","templated":true}]}}