{"id":598346,"date":"2025-12-14T08:42:20","date_gmt":"2025-12-14T08:42:20","guid":{"rendered":"https:\/\/www.europesays.com\/fr\/598346\/"},"modified":"2025-12-14T08:42:20","modified_gmt":"2025-12-14T08:42:20","slug":"football-ligue-2-asse-bernauer-maladroit-davitashvili-en-sauveur-les-notes-du-nul-face-a-bastia-le-dauphine-libere","status":"publish","type":"post","link":"https:\/\/www.europesays.com\/fr\/598346\/","title":{"rendered":"Football &#8211; Ligue 2. ASSE : Bernauer maladroit, Davitashvili en sauveur&#8230; Les notes du nul face \u00e0 Bastia &#8211; Le Dauphin\u00e9 Lib\u00e9r\u00e9"},"content":{"rendered":"<ol>\n<li><a href=\"https:\/\/news.google.com\/rss\/articles\/CBMivwFBVV95cUxOcS13cEtBcVhGRDBVSFJsZGhGOEd4bVg4V0xwTlVxVnVHc3VxWXpGUEVETHVnVEh0Tkl0ZEVpQVRjY01pM0lzckUwamNBMmNpSTJ6X1lPb3o3NTNZdkxxcWw3OFYtbGpfQTE1empkU2tEZnZfM0lUdWZkTzFaV1BkcGlPNDRZeENFOWJOdmdZQmJTREYyOGN2X2hwOVNUY0U1dVpCODFlSEI2MnItNlVOZDZPZkdXSENWY21zdjVqVQ?oc=5\" target=\"_blank\" rel=\"noopener\">Football &#8211; Ligue 2. ASSE : Bernauer maladroit, Davitashvili en sauveur&#8230; Les notes du nul face \u00e0 Bastia<\/a>&nbsp;&nbsp;Le Dauphin\u00e9 Lib\u00e9r\u00e9<\/li>\n<li><a href=\"https:\/\/news.google.com\/rss\/articles\/CBMirwFBVV95cUxOOS1yZUw1clRZUHNaVmpDc1duTEg4VWp5UlRKTmNJYWV1WVRuVFM5ekE5NlAtR0pZTFZSUmhSb3NHV1hLYVJaVkdnTWhzNEFBaHU1VVBGUVZ5Tl9iS3UxV2k5cXVta0FIUlNXc3VaOUN6aVM5VjBRY1VUZGVTUkM4d2ZYdnZfYXF0X3F6ZDRiZHVTOG5PdzBfS3BGUy1LZkItRzlzN3pVRHhkOE15LTBn0gGuAUFVX3lxTE1WTzVTdEtwaFJXdjBNTkdHSW5wUmhoZVhDdFJXX09UenpkSzQ1ZHRvdkdlU1pVOFU4a0NJUFN5RGk1YWdZSlRHR1ZvZWk4TDJoLWdFMVJwU1VXOWc2T3ZMLUF4VVF1TTE3VkhqX09nTFdha0FHSXRDbGU2VG9xanRXclNoUVJ0SGN4ZTBQQnU5c1JMZFJOQTl0Z3R6ZXozN3FMeHVCM1FqbnE3cnFXQQ?oc=5\" target=\"_blank\" rel=\"noopener\">Ligue 2 (J17) : Les regrets de Saint-Etienne : Sports &#8211; Orange<\/a>&nbsp;&nbsp;Sports &#8211; Orange<\/li>\n<li><a href=\"https:\/\/news.google.com\/rss\/articles\/CBMilgFBVV95cUxOeENUQmRKMlJuUVR3d0U2ci1RTVQ1akRJbFJMcmxENUtyN3dTQTNBd2ladUFCT19qRGVYVlJWc2JpUG90WlRBZGlRZUhkeVZKenk4Y3lZdWRkcVNHVl9DeVljclR1R0dzS3ZzMDRKd1FCZERhRVM0dTNtTFI3MDFibm9UOU54WnNVbUpXT2dEcDdjRTBJTVE?oc=5\" target=\"_blank\" rel=\"noopener\">Football. En images : ASSE-Bastia, un match nul \u00e0 l&rsquo;amer go\u00fbt de d\u00e9fa\u00eete<\/a>&nbsp;&nbsp;Le Progr\u00e8s<\/li>\n<li><a href=\"https:\/\/news.google.com\/rss\/articles\/CBMidkFVX3lxTE1uakVYcXhmUC1xUXVsOTZqd0Q0TDIyeWNQZENmODQ4T0phRzZqdzF4eUR4YVRYbXJkX1VSV2tQZnpteXZ2cU1feXFNREZwbkhlSGd5a2owNjVXUGVIU0JPci14YXliU1VQYVRCeTJyMlY0dV9RY0E?oc=5\" target=\"_blank\" rel=\"noopener\">Partage de points \u00e0 Geoffroy<\/a>&nbsp;&nbsp;ASSE<\/li>\n<li><a href=\"https:\/\/news.google.com\/rss\/articles\/CBMipAFBVV95cUxNSmJIYlQ4NjNTdlg2R1ZKbWdRTUQ2WXdWcWV6XzNReWxJRWJ5TVJYUjE1T2c3MWluR1RDaG9qaGZWRGNnRlhrMzZwYndCWXVuUW5EREZwU2FEMGIxWXNBYTNITDJOc1JqcXFWdm5aeWdISFZJMlZNYkM1WktCTmlmYlBqejFPbG1PcW1pVWpSUy1WRFA3RmxPd09lRTkwT3BvR3E3MA?oc=5\" target=\"_blank\" rel=\"noopener\">Ligue 2, le SC Bastia arrache le nul \u00e0 St Etienne (2-2)<\/a>&nbsp;&nbsp;francebleu.fr<\/li>\n<\/ol>\n","protected":false},"excerpt":{"rendered":"Football &#8211; Ligue 2. ASSE : Bernauer maladroit, Davitashvili en sauveur&#8230; Les notes du nul face \u00e0 Bastia&nbsp;&nbsp;Le&hellip;\n","protected":false},"author":2,"featured_media":598347,"comment_status":"","ping_status":"","sticky":false,"template":"","format":"standard","meta":{"footnotes":""},"categories":[2],"tags":[11,9443,107,1701,63,1011,27,12636,3367,12,25,517],"class_list":{"0":"post-598346","1":"post","2":"type-post","3":"status-publish","4":"format-standard","5":"has-post-thumbnail","7":"category-actualites","8":"tag-actualites","9":"tag-asse-as-saint-etienne","10":"tag-fil-info","11":"tag-fil-info-sport","12":"tag-football","13":"tag-fr","14":"tag-france","15":"tag-ligue-2-football","16":"tag-loire","17":"tag-news","18":"tag-republique-francaise","19":"tag-sport"},"share_on_mastodon":{"url":"https:\/\/pubeurope.com\/@fr\/115717036080776605","error":""},"_links":{"self":[{"href":"https:\/\/www.europesays.com\/fr\/wp-json\/wp\/v2\/posts\/598346","targetHints":{"allow":["GET"]}}],"collection":[{"href":"https:\/\/www.europesays.com\/fr\/wp-json\/wp\/v2\/posts"}],"about":[{"href":"https:\/\/www.europesays.com\/fr\/wp-json\/wp\/v2\/types\/post"}],"author":[{"embeddable":true,"href":"https:\/\/www.europesays.com\/fr\/wp-json\/wp\/v2\/users\/2"}],"replies":[{"embeddable":true,"href":"https:\/\/www.europesays.com\/fr\/wp-json\/wp\/v2\/comments?post=598346"}],"version-history":[{"count":0,"href":"https:\/\/www.europesays.com\/fr\/wp-json\/wp\/v2\/posts\/598346\/revisions"}],"wp:featuredmedia":[{"embeddable":true,"href":"https:\/\/www.europesays.com\/fr\/wp-json\/wp\/v2\/media\/598347"}],"wp:attachment":[{"href":"https:\/\/www.europesays.com\/fr\/wp-json\/wp\/v2\/media?parent=598346"}],"wp:term":[{"taxonomy":"category","embeddable":true,"href":"https:\/\/www.europesays.com\/fr\/wp-json\/wp\/v2\/categories?post=598346"},{"taxonomy":"post_tag","embeddable":true,"href":"https:\/\/www.europesays.com\/fr\/wp-json\/wp\/v2\/tags?post=598346"}],"curies":[{"name":"wp","href":"https:\/\/api.w.org\/{rel}","templated":true}]}}