{"id":598352,"date":"2025-12-14T08:51:11","date_gmt":"2025-12-14T08:51:11","guid":{"rendered":"https:\/\/www.europesays.com\/fr\/598352\/"},"modified":"2025-12-14T08:51:11","modified_gmt":"2025-12-14T08:51:11","slug":"le-super-championnat-du-monde-en-haute-savoie-exonere-dimpots-actualite","status":"publish","type":"post","link":"https:\/\/www.europesays.com\/fr\/598352\/","title":{"rendered":"Le Super Championnat du Monde en Haute-Savoie exon\u00e9r\u00e9 d&rsquo;imp\u00f4ts &#8211; Actualit\u00e9"},"content":{"rendered":"<p style=\"text-align: justify;\">Par un d\u00e9cret <a href=\"https:\/\/www.legifrance.gouv.fr\/jorf\/id\/JORFTEXT000053015569\" target=\"_blank\" rel=\"noopener\"><strong>publi\u00e9 le 10 d\u00e9cembre<\/strong><\/a>, sign\u00e9 par le Premier ministre, S\u00e9bastien Lecornu, la ministre des Sports, Marina Ferrari et la ministre de l&rsquo;action et des comptes publics, Am\u00e9lie de Montchalin, le Super Championnat du monde 2027 de Haute-Savoie, au m\u00eame titre que les Jeux olympiques et paralympiques d&rsquo;hiver 2030, b\u00e9n\u00e9ficiera d&rsquo;un r\u00e9gime fiscal sp\u00e9cial.<\/p>\n<p style=\"text-align: justify;\">Ce r\u00e9gime accord\u00e9 aux comp\u00e9titions reconnues grands \u00e9v\u00e9nements sportifs internationaux permet aux organismes charg\u00e9 de leur organisation d&rsquo;\u00eatre exon\u00e9r\u00e9s de plusieurs imp\u00f4ts, selon l&rsquo;article <a href=\"https:\/\/www.legifrance.gouv.fr\/codes\/article_lc\/LEGIARTI000037992104\" target=\"_blank\" rel=\"noopener\"><strong>1655 septies du code des imp\u00f4ts<\/strong><\/a>. Ils ne seront donc pas soumis \u00e0 l&rsquo;imp\u00f4t sur les soci\u00e9t\u00e9s, sur les b\u00e9n\u00e9fices industriels et commerciaux (BIC) ni \u00e0 la retenue \u00e0 la source.\u00a0<\/p>\n<p><strong>EXON\u00c9R\u00c9 DE LA TAXE SUR LES SALAIRES<\/strong><\/p>\n<p>Les r\u00e9mun\u00e9rations vers\u00e9es aux salari\u00e9s li\u00e9s \u00e0 l&rsquo;organisation de la comp\u00e9tition seront exon\u00e9r\u00e9es de la taxe sur les salaires. L&rsquo;organisation ne sera pas soumise \u00e0 la participation \u00e0 l&rsquo;effort de construction (pour les entreprises de plus de 50 salari\u00e9s) ni aux contributions de formation. Ils devront payer les taxes fonci\u00e8res sur les propri\u00e9t\u00e9s b\u00e2ties et non b\u00e2ties mais pas les autres imp\u00f4ts pr\u00e9vus aux titres Ier \u00e0 II bis du code g\u00e9n\u00e9ral des imp\u00f4ts.<\/p>\n<p>Le Super Championnat du Monde se d\u00e9roulera du <a href=\"https:\/\/www.directvelo.com\/actualite\/119931\/mondial-2027-en-haute-savoie-tous-les-sites-reveles\" target=\"_blank\" rel=\"noopener\"><strong>24 ao\u00fbt au 5 septembre<\/strong><\/a>. Ce r\u00e9gime fiscal sp\u00e9cial est accord\u00e9 aux comp\u00e9titions attribu\u00e9es dans le cadre d&rsquo;une s\u00e9lection par un comit\u00e9 international, organis\u00e9 de fa\u00e7on exceptionnelle sur le territoire fran\u00e7ais et qui entra\u00eene des retomb\u00e9es \u00e9conomiques exceptionnelles.<\/p>\n","protected":false},"excerpt":{"rendered":"Par un d\u00e9cret publi\u00e9 le 10 d\u00e9cembre, sign\u00e9 par le Premier ministre, S\u00e9bastien Lecornu, la ministre des Sports,&hellip;\n","protected":false},"author":2,"featured_media":598353,"comment_status":"","ping_status":"","sticky":false,"template":"","format":"standard","meta":{"footnotes":""},"categories":[1411],"tags":[834,828,836,829,837,827,83,826,824,823,1154,207,814,817,815,816,822,821,832,211,839,1011,27,820,818,819,835,831,830,833,838,60,212,208,825],"class_list":{"0":"post-598352","1":"post","2":"type-post","3":"status-publish","4":"format-standard","5":"has-post-thumbnail","7":"category-cyclisme","8":"tag-attaque","9":"tag-belgique","10":"tag-braquet","11":"tag-bretagne","12":"tag-chute","13":"tag-competition","14":"tag-coupe-de-france","15":"tag-coureur","16":"tag-course-cyclisme","17":"tag-course-cycliste","18":"tag-cycling","19":"tag-cyclisme","20":"tag-direct","21":"tag-direct-velo","22":"tag-directvelo","23":"tag-directvelo-com","24":"tag-epreuve","25":"tag-epreuve-cycliste","26":"tag-federation-francaise-de-cyclisme","27":"tag-ffc","28":"tag-flandres","29":"tag-fr","30":"tag-france","31":"tag-live","32":"tag-live-course","33":"tag-live-epreuve","34":"tag-peloton","35":"tag-radio-peloton","36":"tag-radio-tour","37":"tag-ravitaillement","38":"tag-relance","39":"tag-sports","40":"tag-uci","41":"tag-velo","42":"tag-velos"},"share_on_mastodon":{"url":"https:\/\/pubeurope.com\/@fr\/115717071520080149","error":""},"_links":{"self":[{"href":"https:\/\/www.europesays.com\/fr\/wp-json\/wp\/v2\/posts\/598352","targetHints":{"allow":["GET"]}}],"collection":[{"href":"https:\/\/www.europesays.com\/fr\/wp-json\/wp\/v2\/posts"}],"about":[{"href":"https:\/\/www.europesays.com\/fr\/wp-json\/wp\/v2\/types\/post"}],"author":[{"embeddable":true,"href":"https:\/\/www.europesays.com\/fr\/wp-json\/wp\/v2\/users\/2"}],"replies":[{"embeddable":true,"href":"https:\/\/www.europesays.com\/fr\/wp-json\/wp\/v2\/comments?post=598352"}],"version-history":[{"count":0,"href":"https:\/\/www.europesays.com\/fr\/wp-json\/wp\/v2\/posts\/598352\/revisions"}],"wp:featuredmedia":[{"embeddable":true,"href":"https:\/\/www.europesays.com\/fr\/wp-json\/wp\/v2\/media\/598353"}],"wp:attachment":[{"href":"https:\/\/www.europesays.com\/fr\/wp-json\/wp\/v2\/media?parent=598352"}],"wp:term":[{"taxonomy":"category","embeddable":true,"href":"https:\/\/www.europesays.com\/fr\/wp-json\/wp\/v2\/categories?post=598352"},{"taxonomy":"post_tag","embeddable":true,"href":"https:\/\/www.europesays.com\/fr\/wp-json\/wp\/v2\/tags?post=598352"}],"curies":[{"name":"wp","href":"https:\/\/api.w.org\/{rel}","templated":true}]}}