{"id":598356,"date":"2025-12-14T08:53:11","date_gmt":"2025-12-14T08:53:11","guid":{"rendered":"https:\/\/www.europesays.com\/fr\/598356\/"},"modified":"2025-12-14T08:53:11","modified_gmt":"2025-12-14T08:53:11","slug":"lucas-bravo-se-met-a-nu-dans-les-saisons-sur-arte","status":"publish","type":"post","link":"https:\/\/www.europesays.com\/fr\/598356\/","title":{"rendered":"Lucas Bravo se met \u00e0 nu dans \u00ab\u00a0Les Saisons\u00a0\u00bb sur Arte"},"content":{"rendered":"<p>PORTRAIT &#8211; R\u00e9v\u00e9l\u00e9 par \u00ab\u00a0Emily in Paris\u00a0\u00bb, le com\u00e9dien de 36 ans s&rsquo;affranchit du r\u00f4le de chef s\u00e9ducteur pour explorer diff\u00e9rentes masculinit\u00e9s. Et se reconna\u00eet, en particulier, dans son dernier r\u00f4le dans la s\u00e9rie \u00ab\u00a0Les Saisons\u00a0\u00bb sur Arte.<\/p>\n<p>Un jeudi, dans la grisaille de d\u00e9cembre. Il est midi, Paris d\u00e9jeune. Le com\u00e9dien Lucas Bravo &#8211; pull moelleux vert sapin, chaussettes retrouss\u00e9es &#8211; re\u00e7oit chez lui, dans son salon aux touches bois\u00e9es et aux effluves d&rsquo;encens, et offre avec simplicit\u00e9 un th\u00e9 au miel.<\/p>\n<p>En lui, beaucoup verraient simplement Gabriel d&rsquo;<a href=\"https:\/\/www.bfmtv.com\/people\/series\/emily-in-paris-la-bande-annonce-de-la-saison-5-entre-rome-et-paris-devoilee_AN-202510220745.html\" title=\"&quot;Emily in Paris&quot;: la bande-annonce de la saison 5, entre Rome et Paris, d\u00e9voil\u00e9e\" class=\"internal_link\" rel=\"nofollow noopener\" target=\"_blank\">Emily in Paris<\/a>, chef cuisinier, <a href=\"https:\/\/www.bfmtv.com\/people\/series\/mon-personnage-se-transforme-en-guacamole-lucas-bravo-se-lasse-d-emily-in-paris_AN-202410300452.html\" title=\"&quot;Mon personnage se transforme en guacamole&quot;: Lucas Bravo se lasse d&#039;&quot;Emily in Paris&quot;\" class=\"internal_link\" rel=\"nofollow noopener\" target=\"_blank\">gentil gar\u00e7on mais amant ind\u00e9cis<\/a> de l&rsquo;extravagante Am\u00e9ricaine &#8211; un personnage de boy next door qui a fait exploser sa popularit\u00e9. Mais en cette fin d&rsquo;ann\u00e9e, Lucas Bravo est aussi \u00e0 l&rsquo;affiche de <a href=\"https:\/\/www.bfmtv.com\/culture\/video-merteuil-cette-nouvelle-serie-librement-inspiree-des-liaisons-dangereuses-est-disponible-sur-hbo-ce-14-novembre_VN-202511130173.html\" title=\"&quot;Merteuil&quot;: cette nouvelle s\u00e9rie librement inspir\u00e9e des &quot;Liaisons dangereuses&quot; est disponible sur HBO ce 14 novembre\" class=\"internal_link\" rel=\"nofollow noopener\" target=\"_blank\">Merteuil<\/a>, s\u00e9rie HBO revisitant Les Liaisons dangereuses et dans laquelle il interpr\u00e8te le naus\u00e9abond Comte de Gercourt. Et surtout des Saisons, superbe s\u00e9rie d&rsquo;auteur aux accents rohmeriens, cr\u00e9\u00e9e par H\u00e9l\u00e8ne Duchateau et r\u00e9alis\u00e9e de <a href=\"https:\/\/www.bfmtv.com\/people\/c-est-la-vie-la-revanche-de-nicolas-maury-le-garcon-chiffon-de-dix-pour-cent_AN-202107270048.html\" title=\"&quot;C\u2019est la vie&quot;: la revanche de Nicolas Maury, le gar\u00e7on chiffon de &quot;Dix pour cent&quot;\" class=\"internal_link\" rel=\"nofollow noopener\" target=\"_blank\">Nicolas Maury<\/a> pour Arte, \u00e0 voir depuis le 11 d\u00e9cembre sur arte.tv.<\/p>\n<\/p>\n<p>L&rsquo;intrigue suit un triangle amical et amoureux sur trois d\u00e9cennies aux Sables d&rsquo;Olonnes. Lucas Bravo incarne Alexandre, un homme englu\u00e9 entre sa compagne Camille et son meilleur ami d&rsquo;enfance Martin. \u00ab\u00a0Un m\u00e9decin droit dans ses bottes, \u00e9lev\u00e9 dans les r\u00e8gles, qui ne comprend pas pourquoi l&rsquo;amour lui \u00e9chappe, pourquoi, malgr\u00e9 tous ses efforts, les sentiments ne vont pas dans sa direction\u00a0\u00bb, r\u00e9sume-t-il.<\/p>\n<p>Le trentenaire se reconna\u00eet imm\u00e9diatement dans cet homme doux et vuln\u00e9rable, \u00ab\u00a0qui n&rsquo;a pas peur d&rsquo;\u00eatre bris\u00e9 et de s&rsquo;abandonner \u00e0 son \u00e9chec\u00a0\u00bb. \u00ab\u00a0Je l&rsquo;avais en moi cette m\u00e9lancolie, ces d\u00e9ceptions, ces trahisons\u00a0\u00bb, \u00e9nonce-t-il, au d\u00e9tour d&rsquo;une phrase.<\/p>\n<p>\u00ab\u00a0Je m&rsquo;effondrais totalement\u00a0\u00bb<\/p>\n<p>Sous la direction de Nicolas Maury (dont la d\u00e9licatesse de <a href=\"https:\/\/www.bfmtv.com\/people\/nicolas-maury-de-retour-au-cinema-avec-garcon-chiffon-c-est-comme-une-renaissance_AN-202105180208.html\" title=\"Nicolas Maury de retour au cin\u00e9ma avec &quot;Gar\u00e7on Chiffon&quot;: &quot;C\u2019est comme une renaissance&quot;\" class=\"internal_link\" rel=\"nofollow noopener\" target=\"_blank\">Gar\u00e7on chiffon<\/a> transpara\u00eet dans Les Saisons), Lucas Bravo se transfigure dans cette amiti\u00e9 et cet amour qui, in\u00e9vitablement, se d\u00e9litent. Et d\u00e9voile une fragilit\u00e9 que ses pr\u00e9c\u00e9dents r\u00f4les n&rsquo;ont su r\u00e9v\u00e9ler. En particulier lorsque son personnage Alexandre voit sa compagne prendre la mer avec un autre que lui. De son regard acier, riv\u00e9 vers la fen\u00eatre, il ne peut retenir ses larmes &#8211; d\u00e9pass\u00e9 par cette soudaine solitude.<\/p>\n<p>\u00ab\u00a0Je m&rsquo;effondrais totalement, se souvient-il. Nicolas me prenait dans les bras \u00e0 chaque prise, en me r\u00e9p\u00e9tant: &lsquo;C&rsquo;est important de montrer des hommes comme \u00e7a, des hommes qu&rsquo;on voit peu \u00e0 l&rsquo;\u00e9cran&rsquo;. C&rsquo;est ce qu&rsquo;on recherchait: un homme qui ne va pas s&rsquo;enfermer dans la violence pour confronter son ami d&rsquo;enfance, mais qui va accepter cette situation, accepter qu&rsquo;il a perdu.\u00a0\u00bb<\/p>\n<p>Rarement s&rsquo;est-il autant retrouv\u00e9 dans un personnage &#8211; loin des carcans de s\u00e9duction et de masculinit\u00e9 qui lui sont d&rsquo;ordinaire associ\u00e9s. \u00ab\u00a0Je me suis longtemps senti plus f\u00e9minis\u00e9 que masculinis\u00e9\u00a0\u00bb, confie-t-il. Adolescent, il raconte n&rsquo;avoir \u00ab\u00a0que des amies filles\u00a0\u00bb, plus int\u00e9ress\u00e9 par \u00ab\u00a0leur conversation, leur profondeur\u00a0\u00bb que par \u00ab\u00a0le c\u00f4t\u00e9 parfois d\u00e9monstratif, stupide et pu\u00e9ril des gar\u00e7ons.\u00a0\u00bb<\/p>\n<p>Aujourd&rsquo;hui encore, il esp\u00e8re incarner un autre mod\u00e8le d&rsquo;homme &#8211; plus sensible et conscient &#8211; et porte des causes qui lui sont ch\u00e8res. Entre autres, la protection des fonds marins ou la lutte contre le r\u00e9chauffement climatique &#8211; lui qui est vegan depuis des ann\u00e9es.<\/p>\n<blockquote class=\"embed embed_quote\"><p>\u00ab\u00a0La masculinit\u00e9 a souvent \u00e9t\u00e9 associ\u00e9e \u00e0 de la brutalit\u00e9. Mais la masculinit\u00e9 qui prend son essor de la f\u00e9minit\u00e9 est intelligente, ancr\u00e9e, sensible et vuln\u00e9rable. Cette masculinit\u00e9-l\u00e0 n&rsquo;a pas peur d&rsquo;aller dans ce qui est int\u00e9ressant, elle n&rsquo;a pas peur d&rsquo;aller dans le vrai, dans la r\u00e9alit\u00e9. C&rsquo;est pas des masques, c&rsquo;est pas des faux-semblants.\u00a0\u00bb<\/p><\/blockquote>\n<p>Des masques, Lucas Bravo en a port\u00e9 toute son enfance. Ballott\u00e9 \u00e0 travers l&rsquo;Europe, au gr\u00e9 des d\u00e9placements de son p\u00e8re &#8211; le c\u00e9l\u00e8bre footballeur international Daniel Bravo -, le gar\u00e7on se sent partout \u00ab\u00a0d\u00e9racin\u00e9\u00a0\u00bb. \u00ab\u00a0Partout o\u00f9 j&rsquo;allais, je voulais vite avoir un sentiment d&rsquo;appartenance. J&rsquo;avais un besoin de validation, d&rsquo;amour et d&rsquo;acceptation, reconna\u00eet-il. J&rsquo;identifiais les groupes et je m&rsquo;y fondais comme une pi\u00e8ce de puzzle. Mais, je ne savais pas vraiment qui j&rsquo;\u00e9tais.\u00a0\u00bb C&rsquo;est en commen\u00e7ant le th\u00e9\u00e2tre qu&rsquo;il se retrouve, \u00ab\u00a0commence \u00e0 se comprendre et arr\u00eate d&rsquo;avoir toujours le sentiment de mentir\u00a0\u00bb.<\/p>\n<p>\u00c0 17 ans, coinc\u00e9 dans une licence de droit \u00e0 Nanterre &#8211; \u00ab\u00a0je pensais que les plaidoiries, c&rsquo;est ce qui se rapprochait le plus du cin\u00e9ma\u00a0\u00bb &#8211; il s&rsquo;envole pour les \u00c9tats-Unis avec un copain avant d&rsquo;y rester pendant trois ans. Il apprend la langue et la culture, mange des tacos pour un dollar, en essayant de r\u00e9aliser le r\u00eave qu&rsquo;il s&rsquo;\u00e9tait promis \u00e0 l&rsquo;\u00e2ge de dix ans en voyant Danse avec les loups &#8211; devenir com\u00e9dien.<\/p>\n<p>Mais, les opportunit\u00e9s sont maigres &#8211; quelques apparitions dans Sous le soleil de Saint-Tropez en 2013, La Cr\u00e8me de la cr\u00e8me de Kim Chapiron en 2014, Plus belle la vie en 2016. Lucas encha\u00eene les petits boulots jusqu&rsquo;\u00e0 la trentaine. \u00ab\u00a0Com\u00e9dien, c&rsquo;est le seul m\u00e9tier o\u00f9 les gens vous demandent votre CV en soir\u00e9e. Et quand je disais que j&rsquo;avais fait une pub Fortuneo ou qu&rsquo;on me voyait deux minutes dans La Cr\u00e8me de la cr\u00e8me de Kim Chapiron. On me r\u00e9pondait: &lsquo;Ah oui, d&rsquo;accord, bon, t&rsquo;es plut\u00f4t serveur quoi.'\u00a0\u00bb<\/p>\n<p>Son amour pour Wim Wenders<\/p>\n<p>Quand Emily in Paris arrive &#8211; apr\u00e8s cinq tours de casting &#8211; le com\u00e9dien n&rsquo;en revient pas. \u00ab\u00a0Au d\u00e9part, on m&rsquo;a refus\u00e9 le r\u00f4le, alors je suis parti faire le GR20 en Corse. Puis on m&rsquo;a rappel\u00e9. Cinq jours plus tard, j&rsquo;\u00e9tais sur le plateau compl\u00e8tement d\u00e9boussol\u00e9.\u00a0\u00bb Lui qui se voyait \u00ab\u00a0acteur de boulevard avec des petites pi\u00e8ces de th\u00e9\u00e2tre\u00a0\u00bb est soudainement reconnu dans la rue. Le quotidien de celui qui pr\u00e9f\u00e8re cultiver l&rsquo;art de la discr\u00e9tion en est boulevers\u00e9.<\/p>\n<blockquote class=\"embed embed_quote\"><p>\u00ab\u00a0Il m&rsquo;a fallu cinq ans pour comprendre ce qui m&rsquo;arrivait. D\u00e9sormais, je suis toujours content de prendre cinq minutes et de discuter un peu avec eux, de voir \u00e0 quel point ils sont attach\u00e9s \u00e0 la s\u00e9rie.\u00a0\u00bb<\/p><\/blockquote>\n<p>De ce personnage, le com\u00e9dien en parle d\u00e9sormais de mani\u00e8re apais\u00e9e. Lui qui avait, jusqu&rsquo;\u00e0 il y a peu, la crainte de n&rsquo;\u00eatre l&rsquo;acteur que d&rsquo;un seul r\u00f4le. \u00ab\u00a0Je me disais: &lsquo;Mon Dieu, \u00e7a va me suivre toute ma vie&rsquo;, m\u00e9dite-t-il. Aujourd&rsquo;hui, je sais que ce sera le cas &#8211; parce que la s\u00e9rie a \u00e9t\u00e9 un ph\u00e9nom\u00e8ne pop culture &#8211; et je suis reconnaissant de tout ce qu&rsquo;elle m&rsquo;a apport\u00e9 dans ma carri\u00e8re.\u00a0\u00bb<\/p>\n<p>En particulier, des seconds r\u00f4les tr\u00e8s en vue &#8211; comme dans <a href=\"https:\/\/www.bfmtv.com\/culture\/george-clooney-et-julia-roberts-reunis-dans-ticket-to-paradise_VN-202210050130.html\" title=\"George Clooney et Julia Roberts r\u00e9unis dans &quot;Ticket to Paradise&quot;\" class=\"internal_link\" rel=\"nofollow noopener\" target=\"_blank\">Ticket to Paradise<\/a> (2022) aux c\u00f4t\u00e9s de George Clooney et Julia Roberts ou <a href=\"https:\/\/www.bfmtv.com\/people\/cinema\/les-femmes-au-balcon-comment-noemie-merlant-renouvelle-la-representation-du-sexe-au-cinema_AV-202412110605.html\" title=\"&quot;Les femmes au balcon&quot;: comment No\u00e9mie Merlant renouvelle la repr\u00e9sentation du sexe au cin\u00e9ma\" class=\"internal_link\" rel=\"nofollow noopener\" target=\"_blank\">Les Femmes au balcon <\/a>(2024) de No\u00e9mie Merlant. Et le premier r\u00f4le de <a href=\"https:\/\/www.bfmtv.com\/people\/cinema\/libre-melanie-laurent-recrute-lucas-bravo-de-emily-in-paris-pour-incarner-un-braqueur_AN-202409160533.html\" title=\"&quot;Libre&quot;: M\u00e9lanie Laurent recrute Lucas Bravo de &quot;Emily in Paris&quot; pour incarner un braqueur\" class=\"internal_link\" rel=\"nofollow noopener\" target=\"_blank\">Libre <\/a>(2024), de M\u00e9lanie Laurent dans lequel il incarne Bruno Sulak, un gentleman cambrioleur des temps modernes.<\/p>\n<p>La suite s&rsquo;\u00e9crit au fil des castings et des propositions. Lucas Bravo adorerait jouer pour Wim Wenders depuis qu&rsquo;il a vu le tr\u00e8s beau Perfect Days, sur un agent de nettoyage \u00e0 Tokyo en qu\u00eate de beaut\u00e9 au quotidien. \u00ab\u00a0Au moment o\u00f9 la soci\u00e9t\u00e9 est dans une esp\u00e8ce d&rsquo;urgence de TikTok, de contenus ultra-stimulant de 10 secondes, de fast food intellectuel, Wim Wenders, lui, r\u00e9alise un film au ralenti sur un mec qui contemple le temps qui passe. J&rsquo;ai trouv\u00e9 \u00e7a g\u00e9nial.\u00a0\u00bb<\/p>\n<p>Lui a supprim\u00e9 Instagram de son t\u00e9l\u00e9phone. Essaye d&rsquo;avoir \u00ab\u00a0les pieds dans la terre\u00a0\u00bb d\u00e8s qu&rsquo;il le peut, quand il se lasse de \u00ab\u00a0sa petite jungle\u00a0\u00bb &#8211; soit la dizaine de plantes qu&rsquo;il poss\u00e8de dans son appartement. La vie est ailleurs, et il le sait. \u00ab\u00a0Je r\u00e9fl\u00e9chis \u00e0 louer cet appartement pour faire le tour du monde\u00a0\u00bb, lance-t-il. Et visiter, peut-\u00eatre, le Japon de Wim Wenders. Loin de la capitale carte postale qui a fait sa renomm\u00e9e.<\/p>\n","protected":false},"excerpt":{"rendered":"PORTRAIT &#8211; R\u00e9v\u00e9l\u00e9 par \u00ab\u00a0Emily in Paris\u00a0\u00bb, le com\u00e9dien de 36 ans s&rsquo;affranchit du r\u00f4le de chef s\u00e9ducteur&hellip;\n","protected":false},"author":2,"featured_media":598357,"comment_status":"","ping_status":"","sticky":false,"template":"","format":"standard","meta":{"footnotes":""},"categories":[1359],"tags":[58,59,1011,27,973],"class_list":{"0":"post-598356","1":"post","2":"type-post","3":"status-publish","4":"format-standard","5":"has-post-thumbnail","7":"category-people","8":"tag-divertissement","9":"tag-entertainment","10":"tag-fr","11":"tag-france","12":"tag-people"},"share_on_mastodon":{"url":"https:\/\/pubeurope.com\/@fr\/115717079438414060","error":""},"_links":{"self":[{"href":"https:\/\/www.europesays.com\/fr\/wp-json\/wp\/v2\/posts\/598356","targetHints":{"allow":["GET"]}}],"collection":[{"href":"https:\/\/www.europesays.com\/fr\/wp-json\/wp\/v2\/posts"}],"about":[{"href":"https:\/\/www.europesays.com\/fr\/wp-json\/wp\/v2\/types\/post"}],"author":[{"embeddable":true,"href":"https:\/\/www.europesays.com\/fr\/wp-json\/wp\/v2\/users\/2"}],"replies":[{"embeddable":true,"href":"https:\/\/www.europesays.com\/fr\/wp-json\/wp\/v2\/comments?post=598356"}],"version-history":[{"count":0,"href":"https:\/\/www.europesays.com\/fr\/wp-json\/wp\/v2\/posts\/598356\/revisions"}],"wp:featuredmedia":[{"embeddable":true,"href":"https:\/\/www.europesays.com\/fr\/wp-json\/wp\/v2\/media\/598357"}],"wp:attachment":[{"href":"https:\/\/www.europesays.com\/fr\/wp-json\/wp\/v2\/media?parent=598356"}],"wp:term":[{"taxonomy":"category","embeddable":true,"href":"https:\/\/www.europesays.com\/fr\/wp-json\/wp\/v2\/categories?post=598356"},{"taxonomy":"post_tag","embeddable":true,"href":"https:\/\/www.europesays.com\/fr\/wp-json\/wp\/v2\/tags?post=598356"}],"curies":[{"name":"wp","href":"https:\/\/api.w.org\/{rel}","templated":true}]}}